{"id":655470,"date":"2024-02-20T07:55:14","date_gmt":"2024-02-20T06:55:14","guid":{"rendered":"https:\/\/www.hashtag.al\/?p=655470"},"modified":"2024-02-20T07:55:14","modified_gmt":"2024-02-20T06:55:14","slug":"sot-protesta-e-opozites-mbi-1-mije-forca-policie-ne-gatishmeri-cilat-rruge-do-bllokohen","status":"publish","type":"post","link":"https:\/\/www.hashtag.al\/index.php\/2024\/02\/20\/sot-protesta-e-opozites-mbi-1-mije-forca-policie-ne-gatishmeri-cilat-rruge-do-bllokohen\/","title":{"rendered":"Sot protesta e opozit\u00ebs, mbi 1 mij\u00eb forca policie n\u00eb gatishm\u00ebri, cilat rrug\u00eb do bllokohen","gt_translate_keys":[{"key":"rendered","format":"text"}]},"content":{"rendered":"<p><img loading=\"lazy\" decoding=\"async\" class=\"alignnone size-full wp-image-655471\" src=\"https:\/\/www.hashtag.al\/wp-content\/uploads\/2024\/02\/image_6483441-44-scaled.jpg\" alt=\"\" width=\"2560\" height=\"1314\" srcset=\"https:\/\/www.hashtag.al\/wp-content\/uploads\/2024\/02\/image_6483441-44-scaled.jpg 2560w, https:\/\/www.hashtag.al\/wp-content\/uploads\/2024\/02\/image_6483441-44-300x154.jpg 300w, https:\/\/www.hashtag.al\/wp-content\/uploads\/2024\/02\/image_6483441-44-1024x526.jpg 1024w, https:\/\/www.hashtag.al\/wp-content\/uploads\/2024\/02\/image_6483441-44-768x394.jpg 768w, https:\/\/www.hashtag.al\/wp-content\/uploads\/2024\/02\/image_6483441-44-1536x788.jpg 1536w, https:\/\/www.hashtag.al\/wp-content\/uploads\/2024\/02\/image_6483441-44-2048x1051.jpg 2048w\" sizes=\"auto, (max-width: 2560px) 100vw, 2560px\" \/><\/p>\n<p><span style=\"font-weight: 400; color: #000000;\">Mbahet sot protesta e opozit\u00ebs. Ashtu si\u00e7 \u00ebsht\u00eb paralajm\u00ebruar, tubimi do t\u00eb nis\u00eb n\u00eb or\u00ebn 17:30, para Kryeministris\u00eb, n\u00eb Bulevardin \u2018D\u00ebshmor\u00ebt e Kombit\u2019. Kjo \u00ebsht\u00eb protesta e par\u00eb e nj\u00eb p\u00ebrmase t\u00eb till\u00eb ku Berisha nuk do t\u00eb jet\u00eb prezent fizikisht p\u00ebr shkak t\u00eb mas\u00ebs \u2018arrest sht\u00ebpiak\u2019. M\u00ebsohet se Berisha do t\u00eb flas\u00eb p\u00ebrmes teknologjis\u00eb n\u00eb protest\u00eb.<\/span><\/p>\n<p><span style=\"font-weight: 400; color: #000000;\">Data 20 shkurt, e cila p\u00ebrkon edhe me rr\u00ebzimin e bustit t\u00eb Enver Hoxh\u00ebs, \u00ebsht\u00eb nj\u00eb pik\u00eb kthese p\u00ebr pluralizmin n\u00eb vend dhe sipas organizator\u00ebve t\u00eb protest\u00ebs, ndaj \u00ebsht\u00eb caktuar pik\u00ebrisht kjo dit\u00eb. Kjo protest\u00eb ka v\u00ebn\u00eb n\u00eb gatishm\u00ebri Policin\u00eb e Shtetit. M\u00ebsohet se mbi 1100 forca t\u00eb policis\u00eb, duke nisur nga ato t\u00eb rendit, FNSH, Shqiponjat dhe Garda e Republik\u00ebs, do t\u00eb jen\u00eb n\u00eb terren p\u00ebr mbar\u00ebvajtjen e protest\u00ebs.<\/span><\/p>\n<p><span style=\"font-weight: 400; color: #000000;\">N\u00eb gatishm\u00ebri do t\u00eb jen\u00eb edhe forcat RENEA. Do t\u00eb ket\u00eb edhe autobot\u00eb me uj\u00eb n\u00ebse do t\u00eb ket\u00eb nevoj\u00eb n\u00eb raste incidentesh. Si n\u00eb \u00e7do protest\u00eb do t\u00eb krijohet kordoni me efektiv\u00eb policie para kryeministris\u00eb dhe perimetrit rreth saj.<\/span><\/p>\n<p><span style=\"font-weight: 400; color: #000000;\">N\u00eb terren do t\u00eb p\u00ebrfshihen edhe agjent\u00ebt civil\u00eb, p\u00ebr t\u00eb monitoruar mbar\u00ebvajtjen e protest\u00ebs. Dyert e kryeministris\u00eb do t\u00eb jen\u00eb t\u00eb blinduara me veshje metalike. Policia ka instaluar p\u00ebrgjat\u00eb gjith\u00eb bulevardit \u2018D\u00ebshmor\u00ebt e Kombit\u2019 kamera me rezolucion t\u00eb lart\u00eb.<\/span><\/p>\n<p><span style=\"font-weight: 400; color: #000000;\">Segmentet rrugore q\u00eb jan\u00eb t\u00eb bllokuara 2 or\u00eb para nisjes s\u00eb protest\u00ebs deri n\u00eb p\u00ebrfundim t\u00eb saj jan\u00eb:<\/span><\/p>\n<p><span style=\"font-weight: 400; color: #000000;\">Bulevardi \u201cD\u00ebshmor\u00ebt e Kombit\u201d, sheshi \u201cN\u00ebn\u00eb Tereza\u201d, rruga \u201cIsmail Qemali\u201d, nga kryq\u00ebzimi i rrug\u00ebs s\u00eb Elbasanit me rrug\u00ebn \u201cIbrahim Rugova\u201d, rruga \u201cPapa Gjon Pali II\u201d, bulevardi \u201cZhan D\u2019Ark\u201d dhe bulevardi \u201cBajram Curri\u201d, nga kryq\u00ebzimi i Rrug\u00ebs s\u00eb Elbasanit me rrug\u00ebn \u201cIbrahim Rugova\u201d.<\/span><\/p>\n","protected":false,"gt_translate_keys":[{"key":"rendered","format":"html"}]},"excerpt":{"rendered":"<p>Mbahet sot protesta e opozit\u00ebs. Ashtu si\u00e7 \u00ebsht\u00eb paralajm\u00ebruar, tubimi do t\u00eb nis\u00eb n\u00eb or\u00ebn 17:30, para Kryeministris\u00eb, n\u00eb Bulevardin \u2018D\u00ebshmor\u00ebt e Kombit\u2019. Kjo \u00ebsht\u00eb protesta e par\u00eb e nj\u00eb p\u00ebrmase t\u00eb till\u00eb ku Berisha nuk do t\u00eb jet\u00eb prezent fizikisht p\u00ebr shkak t\u00eb mas\u00ebs \u2018arrest sht\u00ebpiak\u2019. M\u00ebsohet se Berisha do t\u00eb flas\u00eb p\u00ebrmes teknologjis\u00eb [&hellip;]<\/p>\n","protected":false,"gt_translate_keys":[{"key":"rendered","format":"html"}]},"author":4,"featured_media":655471,"comment_status":"closed","ping_status":"open","sticky":false,"template":"","format":"standard","meta":{"footnotes":""},"categories":[65],"tags":[],"class_list":["post-655470","post","type-post","status-publish","format-standard","has-post-thumbnail","hentry","category-lajme"],"gt_translate_keys":[{"key":"link","format":"url"}],"_links":{"self":[{"href":"https:\/\/www.hashtag.al\/index.php\/wp-json\/wp\/v2\/posts\/655470","targetHints":{"allow":["GET"]}}],"collection":[{"href":"https:\/\/www.hashtag.al\/index.php\/wp-json\/wp\/v2\/posts"}],"about":[{"href":"https:\/\/www.hashtag.al\/index.php\/wp-json\/wp\/v2\/types\/post"}],"author":[{"embeddable":true,"href":"https:\/\/www.hashtag.al\/index.php\/wp-json\/wp\/v2\/users\/4"}],"replies":[{"embeddable":true,"href":"https:\/\/www.hashtag.al\/index.php\/wp-json\/wp\/v2\/comments?post=655470"}],"version-history":[{"count":0,"href":"https:\/\/www.hashtag.al\/index.php\/wp-json\/wp\/v2\/posts\/655470\/revisions"}],"wp:featuredmedia":[{"embeddable":true,"href":"https:\/\/www.hashtag.al\/index.php\/wp-json\/wp\/v2\/media\/655471"}],"wp:attachment":[{"href":"https:\/\/www.hashtag.al\/index.php\/wp-json\/wp\/v2\/media?parent=655470"}],"wp:term":[{"taxonomy":"category","embeddable":true,"href":"https:\/\/www.hashtag.al\/index.php\/wp-json\/wp\/v2\/categories?post=655470"},{"taxonomy":"post_tag","embeddable":true,"href":"https:\/\/www.hashtag.al\/index.php\/wp-json\/wp\/v2\/tags?post=655470"}],"curies":[{"name":"wp","href":"https:\/\/api.w.org\/{rel}","templated":true}]}}