{"id":655434,"date":"2024-02-19T21:39:23","date_gmt":"2024-02-19T20:39:23","guid":{"rendered":"https:\/\/www.hashtag.al\/?p=655434"},"modified":"2024-02-19T21:39:23","modified_gmt":"2024-02-19T20:39:23","slug":"veliaj-i-kthen-pergjigje-ahmetajt-ai-qe-i-iken-drejtesise-e-pastaj-shpif-nuk-meriton-koment-kush-eshte-burre-perballet-me-spak-un","status":"publish","type":"post","link":"https:\/\/www.hashtag.al\/index.php\/2024\/02\/19\/veliaj-i-kthen-pergjigje-ahmetajt-ai-qe-i-iken-drejtesise-e-pastaj-shpif-nuk-meriton-koment-kush-eshte-burre-perballet-me-spak-un\/","title":{"rendered":"Veliaj i kthen p\u00ebrgjigje Ahmetajt: Ai q\u00eb i ik\u00ebn drejt\u00ebsis\u00eb e pastaj shpif nuk meriton koment, kush \u00ebsht\u00eb burr\u00eb p\u00ebrballet me SPAK-un","gt_translate_keys":[{"key":"rendered","format":"text"}]},"content":{"rendered":"<p><span style=\"color: #000000;\"><a style=\"color: #000000;\" href=\"https:\/\/www.hashtag.al\/wp-content\/uploads\/2024\/02\/veliaj-ahmetaj.jpg\"><img loading=\"lazy\" decoding=\"async\" class=\"aligncenter size-full wp-image-655435\" src=\"https:\/\/www.hashtag.al\/wp-content\/uploads\/2024\/02\/veliaj-ahmetaj.jpg\" alt=\"\" width=\"2000\" height=\"1000\" srcset=\"https:\/\/www.hashtag.al\/wp-content\/uploads\/2024\/02\/veliaj-ahmetaj.jpg 2000w, https:\/\/www.hashtag.al\/wp-content\/uploads\/2024\/02\/veliaj-ahmetaj-300x150.jpg 300w, https:\/\/www.hashtag.al\/wp-content\/uploads\/2024\/02\/veliaj-ahmetaj-1024x512.jpg 1024w, https:\/\/www.hashtag.al\/wp-content\/uploads\/2024\/02\/veliaj-ahmetaj-768x384.jpg 768w, https:\/\/www.hashtag.al\/wp-content\/uploads\/2024\/02\/veliaj-ahmetaj-1536x768.jpg 1536w\" sizes=\"auto, (max-width: 2000px) 100vw, 2000px\" \/><\/a><\/span><\/p>\n<p><span style=\"color: #000000;\">Kryetari i Bashkis\u00eb Tiran\u00eb, Erion Veliaj i \u00ebsht\u00eb p\u00ebrgjigjur akuzave t\u00eb ish-zv.kryeministrit Arben Ahmetajt i cili e akuzoi si furnizues t\u00eb teoris\u00eb t\u00eb shitjes s\u00eb dosjes s\u00eb incenerator\u00ebve apo edhe pronarin faktik t\u00eb inceneratorit t\u00eb Tiran\u00ebs.<\/span><\/p>\n<p><span style=\"color: #000000;\">Veliaj tha se Ahmetajt nuk meriton t\u00eb koment pasi i iku drejt\u00ebsis\u00eb dhe p\u00ebrgjegj\u00ebsis\u00eb dhe m\u00eb pas shpifi.<\/span><\/p>\n<p><span style=\"color: #000000;\">Madje p\u00ebr Veliajn ai q\u00eb \u00ebsht\u00eb \u201cburr\u00eb rri k\u00ebtu e p\u00ebrballet me SPAK-un\u201d.<\/span><\/p>\n<p><span style=\"color: #000000;\"><em>&#8220;Un\u00eb nuk kam asnj\u00eb problem me akuzat. Un\u00eb jetoj nj\u00eb jet\u00eb q\u00eb \u00ebsht\u00eb si lib\u00ebr i hapur n\u00eb sy t\u00eb t\u00eb gjith\u00ebve. Edhe kur e kam marr\u00eb k\u00ebt\u00eb pun\u00eb p\u00ebrsip\u00ebr, jam p\u00ebrgatitur p\u00ebr gjith\u00e7ka, p\u00ebr shpifjet, p\u00ebr akuza, edhe p\u00ebr k\u00ebto shpifjet e radh\u00ebs. T\u00eb gjith\u00eb e din\u00eb si \u00ebsht\u00eb e v\u00ebrteta e incenerator\u00ebve, si\u00e7 t\u00eb gjith\u00eb e din\u00eb q\u00eb Tirana ka nevoj\u00eb t\u00eb pastrohet. Edhe n\u00eb momentin q\u00eb Tirana nuk pastrohet, n\u00ebse n\u00eb k\u00ebt\u00eb proces ka pasur njer\u00ebz q\u00eb kan\u00eb b\u00ebr\u00eb gabime, duhet t\u00eb mbajn\u00eb p\u00ebrgjegj\u00ebsi. K\u00ebshtu q\u00eb t\u00eb komentoj dik\u00eb q\u00eb i ik\u00ebn drejt\u00ebsis\u00eb, i ik\u00ebn p\u00ebrgjegj\u00ebsis\u00eb dhe pastaj shpif, nuk besoj q\u00eb meriton koment. Kush \u00ebsht\u00eb burr\u00eb rri k\u00ebtu dhe p\u00ebrballet, si\u00e7 gjith\u00eb t\u00eb gjith\u00eb ne komunikojm\u00eb p\u00ebrdit\u00eb me SPAK-un dhe mund t\u00eb shk\u00ebmbejm\u00eb dhjet\u00ebra shkresa n\u00eb dit\u00eb, p\u00ebr pafund\u00ebsi procesesh. Disa here s\u2019ka lidhje fare me bashkin\u00eb, por bashkia ka informacion si \u00ebsht\u00eb dh\u00ebn\u00eb kjo leje, kush ka qen\u00eb projektuesi, ku ka pasur le t\u00eb themi nj\u00eb sip\u00ebrmarrje, ose nj\u00eb incident. Pra bashkia gjithsesi \u00ebsht\u00eb nj\u00eb qend\u00ebr e madhe informacioni dhe besoj q\u00eb kemi qen\u00eb nj\u00eb nga institucionet m\u00eb korrekte n\u00eb k\u00ebt\u00eb marr\u00ebdh\u00ebnie me SPAK-un dhe n\u00eb nj\u00eb transparenc\u00eb totale.<\/em><\/span><\/p>\n<p><span style=\"color: #000000;\"><em>Sigurisht q\u00eb drejt\u00ebsia e re, si \u00e7do gj\u00eb e re, nga disa do anatemohet, nga ne do lavd\u00ebrohet, sepse un\u00eb besoj fort q\u00eb sistemi i par\u00eb i drejt\u00ebsis\u00eb ku praktikisht Bashkia e Tiran\u00ebs nuk fitonte dot asnj\u00eb gjyq, por gjithmon\u00eb e fitonte nj\u00eb zaptues. Ne kemi humbur gjyqe p\u00ebr t\u00eb liruar territore n\u00eb varreza. E para e pun\u00ebs nga ana njer\u00ebzore, si zapton n\u00eb varreza, n\u00eb nj\u00eb parcel\u00eb ku prehen t\u00eb par\u00ebt tan\u00eb? E dyta, si pastaj paguan n\u00eb gjykat\u00eb dhe sesi mund t\u00eb ket\u00eb gjyqtar\u00eb, q\u00eb fatmir\u00ebsisht vettingu i p\u00ebrcolli, ose po i p\u00ebrcjell, t\u00eb cil\u00ebt vazhdojn\u00eb dhe japin masa t\u00eb k\u00ebsaj \u00e7udie.<\/em><\/span><\/p>\n<p><span style=\"color: #000000;\"><em>K\u00ebshtu q\u00eb kishte ardhur nevoja p\u00ebr nj\u00eb kthim, ku i forti, ai i fuqishmi, n\u00eb fakt jan\u00eb populli, jan\u00eb qytetar\u00ebt, \u00ebsht\u00eb e drejta, \u00ebsht\u00eb publikja dhe jo ai q\u00eb ka mund\u00ebsi t\u00eb paguaj\u00eb dhe ai q\u00eb ka mund\u00ebsi t\u00eb manipuloj\u00eb drejt\u00ebsin\u00eb, patjet\u00ebr q\u00eb kishte ardhur koha, madje ishim von\u00eb. Sigurisht q\u00eb ky \u00ebsht\u00eb nj\u00eb proces adaptimi, me nj\u00eb sistem t\u00eb ri, me k\u00ebrkesa t\u00eb reja, me nj\u00eb standard shum\u00eb m\u00eb t\u00eb lart\u00eb, duhet t\u00eb adaptohemi. Por a \u00ebsht\u00eb sot drejt\u00ebsia m\u00eb mir\u00eb se\u00e7 ka qen\u00eb? Patjet\u00ebr q\u00eb \u00ebsht\u00eb!! A \u00ebsht\u00eb perfekte? Un\u00eb besoj q\u00eb asnj\u00eb prej nesh s\u2019b\u00ebn pun\u00eb perfekte, si ai pendulumi q\u00eb do gjej\u00eb baz\u00ebn e vet dhe do gjej\u00eb at\u00eb sheshin ku do r\u00ebndoj\u00eb. Por un\u00eb them q\u00eb kush ka nj\u00eb problem, n\u00eb vend q\u00eb t\u00eb iki duhet t\u00eb jet\u00eb k\u00ebtu dhe t\u00eb shpjegohet. T\u00eb largohesh dhe t\u00eb shpif\u00ebsh dhe t\u00eb sajosh, ka shum\u00eb njer\u00ebz q\u00eb gjithashtu m\u00eb thon\u00eb pse nuk merresh p\u00ebrdit\u00eb q\u00eb t\u00eb merresh me shpifjet.&#8221;<\/em>-deklaroi Veliaj n\u00eb Report TV.<\/span><\/p>\n","protected":false,"gt_translate_keys":[{"key":"rendered","format":"html"}]},"excerpt":{"rendered":"<p>Kryetari i Bashkis\u00eb Tiran\u00eb, Erion Veliaj i \u00ebsht\u00eb p\u00ebrgjigjur akuzave t\u00eb ish-zv.kryeministrit Arben Ahmetajt i cili e akuzoi si furnizues t\u00eb teoris\u00eb t\u00eb shitjes s\u00eb dosjes s\u00eb incenerator\u00ebve apo edhe pronarin faktik t\u00eb inceneratorit t\u00eb Tiran\u00ebs. Veliaj tha se Ahmetajt nuk meriton t\u00eb koment pasi i iku drejt\u00ebsis\u00eb dhe p\u00ebrgjegj\u00ebsis\u00eb dhe m\u00eb pas shpifi. Madje [&hellip;]<\/p>\n","protected":false,"gt_translate_keys":[{"key":"rendered","format":"html"}]},"author":32,"featured_media":655435,"comment_status":"closed","ping_status":"open","sticky":false,"template":"","format":"standard","meta":{"footnotes":""},"categories":[65,13],"tags":[],"class_list":["post-655434","post","type-post","status-publish","format-standard","has-post-thumbnail","hentry","category-lajme","category-te-fundit"],"gt_translate_keys":[{"key":"link","format":"url"}],"_links":{"self":[{"href":"https:\/\/www.hashtag.al\/index.php\/wp-json\/wp\/v2\/posts\/655434","targetHints":{"allow":["GET"]}}],"collection":[{"href":"https:\/\/www.hashtag.al\/index.php\/wp-json\/wp\/v2\/posts"}],"about":[{"href":"https:\/\/www.hashtag.al\/index.php\/wp-json\/wp\/v2\/types\/post"}],"author":[{"embeddable":true,"href":"https:\/\/www.hashtag.al\/index.php\/wp-json\/wp\/v2\/users\/32"}],"replies":[{"embeddable":true,"href":"https:\/\/www.hashtag.al\/index.php\/wp-json\/wp\/v2\/comments?post=655434"}],"version-history":[{"count":0,"href":"https:\/\/www.hashtag.al\/index.php\/wp-json\/wp\/v2\/posts\/655434\/revisions"}],"wp:featuredmedia":[{"embeddable":true,"href":"https:\/\/www.hashtag.al\/index.php\/wp-json\/wp\/v2\/media\/655435"}],"wp:attachment":[{"href":"https:\/\/www.hashtag.al\/index.php\/wp-json\/wp\/v2\/media?parent=655434"}],"wp:term":[{"taxonomy":"category","embeddable":true,"href":"https:\/\/www.hashtag.al\/index.php\/wp-json\/wp\/v2\/categories?post=655434"},{"taxonomy":"post_tag","embeddable":true,"href":"https:\/\/www.hashtag.al\/index.php\/wp-json\/wp\/v2\/tags?post=655434"}],"curies":[{"name":"wp","href":"https:\/\/api.w.org\/{rel}","templated":true}]}}