{"id":655325,"date":"2024-02-19T15:12:34","date_gmt":"2024-02-19T14:12:34","guid":{"rendered":"https:\/\/www.hashtag.al\/?p=655325"},"modified":"2024-02-19T15:12:34","modified_gmt":"2024-02-19T14:12:34","slug":"kina-ofrohet-per-te-thelluar-lidhjet-e-sigurise-me-hungarine","status":"publish","type":"post","link":"https:\/\/www.hashtag.al\/index.php\/2024\/02\/19\/kina-ofrohet-per-te-thelluar-lidhjet-e-sigurise-me-hungarine\/","title":{"rendered":"Kina ofrohet p\u00ebr t\u00eb thelluar lidhjet e siguris\u00eb me Hungarin\u00eb","gt_translate_keys":[{"key":"rendered","format":"text"}]},"content":{"rendered":"<p><span style=\"color: #000000;\"><a href=\"https:\/\/www.hashtag.al\/wp-content\/uploads\/2024\/02\/Screenshot-2024-02-19-143943.png\"><img loading=\"lazy\" decoding=\"async\" class=\"aligncenter size-full wp-image-655326\" src=\"https:\/\/www.hashtag.al\/wp-content\/uploads\/2024\/02\/Screenshot-2024-02-19-143943.png\" alt=\"\" width=\"772\" height=\"462\" srcset=\"https:\/\/www.hashtag.al\/wp-content\/uploads\/2024\/02\/Screenshot-2024-02-19-143943.png 772w, https:\/\/www.hashtag.al\/wp-content\/uploads\/2024\/02\/Screenshot-2024-02-19-143943-300x180.png 300w, https:\/\/www.hashtag.al\/wp-content\/uploads\/2024\/02\/Screenshot-2024-02-19-143943-768x460.png 768w\" sizes=\"auto, (max-width: 772px) 100vw, 772px\" \/><\/a><\/span><\/p>\n<p><span style=\"color: #000000;\">Kina ka ofruar t\u00eb thelloj\u00eb bashk\u00ebpunimin e siguris\u00eb me Hungarin\u00eb, duke n\u00ebnvizuar lidhjet e ngrohta t\u00eb Budapestit me Pekinin, ashtu si zyrtar\u00ebt hungarez\u00eb shp\u00ebrfill\u00ebn nj\u00eb delegacion vizitor nga Uashingtoni.<\/span><\/p>\n<p><span style=\"color: #000000;\">Kryeministri i Hungaris\u00eb, Viktor Orb\u00e1n, u takua t\u00eb premten me ministrin e siguris\u00eb publike t\u00eb Kin\u00ebs, Wang Xiaohong, p\u00ebrcjell <span style=\"color: #0000ff;\"><a style=\"color: #0000ff;\" href=\"https:\/\/www.theguardian.com\/world\/2024\/feb\/19\/china-offers-to-deepen-security-ties-with-hungary-orban\">The Guardian.<\/a><\/span><\/span><\/p>\n<p><span style=\"color: #000000;\">N\u00eb komentet e publikuara nga agjencia zyrtare e lajmeve e Kin\u00ebs Xinhua gjat\u00eb fundjav\u00ebs, Wang tha se ai shpresonte t\u00eb &#8220;<em>thellonte bashk\u00ebpunimin n\u00eb fusha duke p\u00ebrfshir\u00eb kund\u00ebr-terrorizmin, luftimin e krimeve transnacionale, sigurin\u00eb dhe nd\u00ebrtimin e kapaciteteve t\u00eb zbatimit t\u00eb ligjit n\u00ebn iniciativ\u00ebn e brezit dhe rrug\u00ebs&#8221;.<\/em><\/span><\/p>\n<p><span style=\"color: #000000;\">Synimi, sipas ministrit kinez, do t\u00eb ishte \u201c<em>ta b\u00ebnte zbatimin e ligjit dhe bashk\u00ebpunimin e siguris\u00eb nj\u00eb pik\u00eb t\u00eb re t\u00eb marr\u00ebdh\u00ebnieve dypal\u00ebshe\u201d.<\/em><\/span><\/p>\n<p><span style=\"color: #000000;\">Hungaria \u00ebsht\u00eb an\u00ebtare e BE-s\u00eb dhe NATO-s, duke e b\u00ebr\u00eb ofert\u00ebn e Kin\u00ebs shum\u00eb t\u00eb pazakont\u00eb.<\/span><\/p>\n<p><span style=\"color: #000000;\">Budapesti, i cili gjithashtu mban lidhje m\u00eb t\u00eb ngushta me Mosk\u00ebn se \u00e7do an\u00ebtar tjet\u00ebr i BE-s\u00eb, ka ushqyer nj\u00eb marr\u00ebdh\u00ebnie me Pekinin. Vitin e kaluar, Orb\u00e1n ishte i vetmi lider i BE-s\u00eb q\u00eb mori pjes\u00eb n\u00eb nj\u00eb forum t\u00eb nism\u00ebs s\u00eb brezit dhe rrug\u00ebs n\u00eb Pekin. Prodhuesi kinez i automjeteve elektrike BYD ka th\u00ebn\u00eb se do t\u00eb hap\u00eb fabrik\u00ebn e par\u00eb evropiane t\u00eb prodhimit n\u00eb Hungari.<\/span><\/p>\n<p><span style=\"color: #000000;\">N\u00eb nj\u00eb deklarat\u00eb p\u00ebr takimin e s\u00eb premtes me Wang, nj\u00eb z\u00ebdh\u00ebn\u00ebs i Orban tha se kryeministri kishte deklaruar se &#8220;<em>respekti po i mungon gjithnj\u00eb e m\u00eb shum\u00eb diplomacis\u00eb nd\u00ebrkomb\u00ebtare, por ai ka mbetur gjithmon\u00eb midis Hungaris\u00eb dhe Kin\u00ebs&#8221;.<\/em><\/span><\/p>\n<p><span style=\"color: #000000;\"><em>\u201cPal\u00ebt negociuese t\u00ebrhoq\u00ebn v\u00ebmendjen p\u00ebr r\u00ebnd\u00ebsin\u00eb e siguris\u00eb dhe stabilitetit,\u201d<\/em> tha z\u00ebdh\u00ebn\u00ebsi.<\/span><\/p>\n<p><span style=\"color: #000000;\">Perspektiva e nj\u00eb bashk\u00ebpunimi m\u00eb t\u00eb madh t\u00eb siguris\u00eb midis Budapestit dhe Pekinit vjen n\u00eb nj\u00eb koh\u00eb kur marr\u00ebdh\u00ebniet e Hungaris\u00eb me aleat\u00ebt e saj t\u00eb BE-s\u00eb dhe NATO-s jan\u00eb n\u00eb nj\u00eb pik\u00eb t\u00eb ul\u00ebt.<\/span><\/p>\n<p><span style=\"color: #000000;\">Nd\u00ebrsa pozita e Hungaris\u00eb n\u00eb kryeqytetet per\u00ebndimore \u00ebsht\u00eb p\u00ebrkeq\u00ebsuar prej vitesh, vendimi i Budapestit p\u00ebr t\u00eb hequr dor\u00eb nga premtimi p\u00ebr t\u00eb mos qen\u00eb i fundit q\u00eb ratifikon aplikimin e Suedis\u00eb p\u00ebr NATO-n, ka minuar m\u00eb tej besimin.<\/span><\/p>\n<p><span style=\"color: #000000;\">Izolimi i Budapestit u demonstrua gjat\u00eb fundjav\u00ebs n\u00eb konferenc\u00ebn e siguris\u00eb n\u00eb Mynih, ku mungonin zyrtar\u00eb t\u00eb lart\u00eb hungarez\u00eb.<\/span><\/p>\n<p><span style=\"color: #000000;\">Megjithat\u00eb, n\u00eb nj\u00eb fjalim n\u00eb Hungari t\u00eb shtun\u00ebn, Orb\u00e1n sinjalizoi nj\u00eb ndryshim, duke njoftuar se <em>&#8220;ne jemi n\u00eb rrug\u00ebn e duhur p\u00ebr t\u00eb ratifikuar pranimin e Suedis\u00eb n\u00eb NATO n\u00eb fillim t\u00eb sesionit pranveror t\u00eb parlamentit&#8221;.<\/em><\/span><\/p>\n<p><span style=\"color: #000000;\">Tendosja e vazhdueshme u shfaq plot\u00ebsisht gjat\u00eb fundjav\u00ebs, pasi zyrtar\u00ebt hungarez\u00eb refuzuan t\u00eb takonin vizitor\u00eb nga Uashingtoni.<\/span><\/p>\n<p><span style=\"color: #000000;\"><em>\u201cAleat\u00ebt kan\u00eb pritur veprimin e Hungaris\u00eb p\u00ebr pranimin e Suedis\u00eb n\u00eb NATO p\u00ebr 21 muaj\u201d,<\/em> shkroi n\u00eb rrjetet sociale ambasadori i SHBA n\u00eb Budapest, David Pressman.<\/span><\/p>\n<p><span style=\"color: #000000;\"><em>\u201cFatkeq\u00ebsisht, nj\u00eb s\u00ebr\u00eb zyrtar\u00ebsh t\u00eb lart\u00eb t\u00eb qeveris\u00eb hungareze dhe p\u00ebrfaq\u00ebsues parlamentar t\u00eb Fidesz-it refuzuan t\u00eb takoheshin me delegacionin m\u00eb t\u00eb lart\u00eb dypartiak t\u00eb Kongresit t\u00eb SHBA p\u00ebr t\u00eb vizituar Hungarin\u00eb n\u00eb vite,\u201d<\/em> shtoi ai.<\/span><\/p>\n<p><span style=\"color: #000000;\">N\u00eb fjalimin e tij t\u00eb fundjav\u00ebs, Orb\u00e1n \u2013 i cili po p\u00ebrballet me presionin politik t\u00eb brendsh\u00ebm dhe protestat mes nj\u00eb skandali q\u00eb \u00e7oi n\u00eb dor\u00ebheqjen e presidentit t\u00eb vendit \u2013 i b\u00ebri t\u00eb qarta preferencat e tij.<\/span><\/p>\n<p><span style=\"color: #000000;\"><em>\u201cNe nuk mund t\u00eb nd\u00ebrhyjm\u00eb n\u00eb zgjedhjet e vendeve t\u00eb tjera, por do t\u00eb d\u00ebshironim shum\u00eb q\u00eb presidenti Donald Trump t\u00eb kthehet n\u00eb Sht\u00ebpin\u00eb e Bardh\u00eb dhe t\u00eb b\u00ebj\u00eb paqe k\u00ebtu n\u00eb gjysm\u00ebn lindore t\u00eb Evrop\u00ebs\u201d.<\/em><\/span><\/p>\n","protected":false,"gt_translate_keys":[{"key":"rendered","format":"html"}]},"excerpt":{"rendered":"<p>Kina ka ofruar t\u00eb thelloj\u00eb bashk\u00ebpunimin e siguris\u00eb me Hungarin\u00eb, duke n\u00ebnvizuar lidhjet e ngrohta t\u00eb Budapestit me Pekinin, ashtu si zyrtar\u00ebt hungarez\u00eb shp\u00ebrfill\u00ebn nj\u00eb delegacion vizitor nga Uashingtoni. Kryeministri i Hungaris\u00eb, Viktor Orb\u00e1n, u takua t\u00eb premten me ministrin e siguris\u00eb publike t\u00eb Kin\u00ebs, Wang Xiaohong, p\u00ebrcjell The Guardian. N\u00eb komentet e publikuara nga [&hellip;]<\/p>\n","protected":false,"gt_translate_keys":[{"key":"rendered","format":"html"}]},"author":30,"featured_media":655326,"comment_status":"closed","ping_status":"open","sticky":false,"template":"","format":"standard","meta":{"footnotes":""},"categories":[6],"tags":[],"class_list":["post-655325","post","type-post","status-publish","format-standard","has-post-thumbnail","hentry","category-nderkombetare"],"gt_translate_keys":[{"key":"link","format":"url"}],"_links":{"self":[{"href":"https:\/\/www.hashtag.al\/index.php\/wp-json\/wp\/v2\/posts\/655325","targetHints":{"allow":["GET"]}}],"collection":[{"href":"https:\/\/www.hashtag.al\/index.php\/wp-json\/wp\/v2\/posts"}],"about":[{"href":"https:\/\/www.hashtag.al\/index.php\/wp-json\/wp\/v2\/types\/post"}],"author":[{"embeddable":true,"href":"https:\/\/www.hashtag.al\/index.php\/wp-json\/wp\/v2\/users\/30"}],"replies":[{"embeddable":true,"href":"https:\/\/www.hashtag.al\/index.php\/wp-json\/wp\/v2\/comments?post=655325"}],"version-history":[{"count":0,"href":"https:\/\/www.hashtag.al\/index.php\/wp-json\/wp\/v2\/posts\/655325\/revisions"}],"wp:featuredmedia":[{"embeddable":true,"href":"https:\/\/www.hashtag.al\/index.php\/wp-json\/wp\/v2\/media\/655326"}],"wp:attachment":[{"href":"https:\/\/www.hashtag.al\/index.php\/wp-json\/wp\/v2\/media?parent=655325"}],"wp:term":[{"taxonomy":"category","embeddable":true,"href":"https:\/\/www.hashtag.al\/index.php\/wp-json\/wp\/v2\/categories?post=655325"},{"taxonomy":"post_tag","embeddable":true,"href":"https:\/\/www.hashtag.al\/index.php\/wp-json\/wp\/v2\/tags?post=655325"}],"curies":[{"name":"wp","href":"https:\/\/api.w.org\/{rel}","templated":true}]}}