{"id":655153,"date":"2024-02-18T17:32:16","date_gmt":"2024-02-18T16:32:16","guid":{"rendered":"https:\/\/www.hashtag.al\/?p=655153"},"modified":"2024-02-18T17:32:16","modified_gmt":"2024-02-18T16:32:16","slug":"osmani-vucici-qendron-pas-sulmit-ne-banjske-aleatet-ma-kane-konfirmuar","status":"publish","type":"post","link":"https:\/\/www.hashtag.al\/index.php\/2024\/02\/18\/osmani-vucici-qendron-pas-sulmit-ne-banjske-aleatet-ma-kane-konfirmuar\/","title":{"rendered":"Osmani: Vu\u00e7i\u00e7i q\u00ebndron pas sulmit n\u00eb Banjsk\u00eb, aleat\u00ebt ma kan\u00eb konfirmuar","gt_translate_keys":[{"key":"rendered","format":"text"}]},"content":{"rendered":"<p><span style=\"color: #000000;\"><a style=\"color: #000000;\" href=\"https:\/\/www.hashtag.al\/wp-content\/uploads\/2023\/12\/vjosa-osmani-1024x545-1.jpg\"><img loading=\"lazy\" decoding=\"async\" class=\"aligncenter size-full wp-image-640221\" src=\"https:\/\/www.hashtag.al\/wp-content\/uploads\/2023\/12\/vjosa-osmani-1024x545-1.jpg\" alt=\"\" width=\"1024\" height=\"545\" srcset=\"https:\/\/www.hashtag.al\/wp-content\/uploads\/2023\/12\/vjosa-osmani-1024x545-1.jpg 1024w, https:\/\/www.hashtag.al\/wp-content\/uploads\/2023\/12\/vjosa-osmani-1024x545-1-300x160.jpg 300w, https:\/\/www.hashtag.al\/wp-content\/uploads\/2023\/12\/vjosa-osmani-1024x545-1-768x409.jpg 768w\" sizes=\"auto, (max-width: 1024px) 100vw, 1024px\" \/><\/a><\/span><\/p>\n<p><span style=\"color: #000000;\">Presidentja e Kosov\u00ebs, Vjosa Osmani, ka th\u00ebn\u00eb se presidenti i Serbis\u00eb, Aleksand\u00ebr Vu\u00e7i# q\u00ebndron prapa sulmit n\u00eb Banjsk\u00eb t\u00eb Zve\u00e7anit ku u vra rreshteri i Policis\u00eb s\u00eb Kosov\u00ebs, Afrim Bunjaku.<\/span><\/p>\n<p><span style=\"color: #000000;\">N\u00eb nj\u00eb intervist\u00eb p\u00ebr mediumin arab \u201cAl Aan\u201d dh\u00ebn\u00eb m\u00eb 8 shkurt, t\u00eb cil\u00ebn Presidenca e Kosov\u00ebs e shp\u00ebrndau sot n\u00eb Facebook, Osmani tha se , i \u00ebsht\u00eb konfirmuar edhe nga aleat\u00ebt se Vu\u00e7i\u00e7i q\u00ebndron pas sulmit t\u00eb 24 shtatorit.<\/span><\/p>\n<p><span style=\"color: #000000;\">\u201c<em>K\u00ebto d\u00ebshmi jan\u00eb konfirmuar nga aleati yn\u00eb m\u00eb i r\u00ebnd\u00ebsish\u00ebm, dhe jan\u00eb ndar\u00eb me shtetet an\u00ebtare t\u00eb NATO-s. Gjith\u00e7ka \u00e7on te Vu\u00e7i\u00e7i. S\u2019po flasim te humbja e tij e kontrollit ndaj disa bandave. Po flasim p\u00ebr t\u00eb se ka organizuar e urdh\u00ebruar sulmet n\u00ebp\u00ebrmjet bandave. E tash po mundohet t\u2019i ik\u00eb p\u00ebrgjegj\u00ebsis\u00eb, duke dh\u00ebn\u00eb disa emra. T\u00eb gjith\u00eb e din\u00eb, kam pritur n\u00eb zyre shum\u00eb mysafir\u00eb e lider\u00eb e ma kan\u00eb konfirmuar k\u00ebt\u00eb. Ka raste edhe kur i kan\u00eb th\u00ebn\u00eb Vu\u00e7i\u00e7it direkt, se kan\u00eb shum\u00eb d\u00ebshmi se ai ishte pas sulmit. \u00cbsht\u00eb konfirmuar kjo d\u00ebshmi nga aleat\u00eb t\u00eb ndrysh\u00ebm<\/em>\u201d, tha Osmani.<\/span><\/p>\n<p><span style=\"color: #000000;\">Ajo tha se secili shtet do t\u00eb vendos\u00eb vet\u00eb se si do t\u2019i p\u00ebrdor\u00eb k\u00ebto d\u00ebshmi. P\u00ebr hetimet vendore, ajo tha se nj\u00eb pjes\u00eb e tyre \u00ebsht\u00eb publikuar, dhe p\u00ebr tjetr\u00ebn do t\u00eb vendos\u00eb Policia.<\/span><\/p>\n<p><span style=\"color: #000000;\">\u201c<em>Gjitha d\u00ebshmit\u00eb jan\u00eb aty p\u00ebr ata q\u00eb duan t\u2019i shohin. Por, ka disa shtete q\u00eb s\u2019duan t\u2019i p\u00ebrdorin e t\u00eb tjerat q\u00eb duan t\u2019i injorojn\u00eb. Por, historia na ka m\u00ebsuar r\u00ebnd\u00eb n\u00eb shum\u00eb raste, se kur autokrat\u00ebt mundohen t\u00eb qet\u00ebsohen, at\u00ebher\u00eb ata inkurajohen t\u00eb b\u00ebjn\u00eb m\u00eb tep\u00ebr e jo m\u00eb pak<\/em>\u201d, tha Osmani.<\/span><\/p>\n","protected":false,"gt_translate_keys":[{"key":"rendered","format":"html"}]},"excerpt":{"rendered":"<p>Presidentja e Kosov\u00ebs, Vjosa Osmani, ka th\u00ebn\u00eb se presidenti i Serbis\u00eb, Aleksand\u00ebr Vu\u00e7i# q\u00ebndron prapa sulmit n\u00eb Banjsk\u00eb t\u00eb Zve\u00e7anit ku u vra rreshteri i Policis\u00eb s\u00eb Kosov\u00ebs, Afrim Bunjaku. N\u00eb nj\u00eb intervist\u00eb p\u00ebr mediumin arab \u201cAl Aan\u201d dh\u00ebn\u00eb m\u00eb 8 shkurt, t\u00eb cil\u00ebn Presidenca e Kosov\u00ebs e shp\u00ebrndau sot n\u00eb Facebook, Osmani tha se [&hellip;]<\/p>\n","protected":false,"gt_translate_keys":[{"key":"rendered","format":"html"}]},"author":32,"featured_media":640221,"comment_status":"closed","ping_status":"open","sticky":false,"template":"","format":"standard","meta":{"footnotes":""},"categories":[149,13],"tags":[],"class_list":["post-655153","post","type-post","status-publish","format-standard","has-post-thumbnail","hentry","category-kosoverajon","category-te-fundit"],"gt_translate_keys":[{"key":"link","format":"url"}],"_links":{"self":[{"href":"https:\/\/www.hashtag.al\/index.php\/wp-json\/wp\/v2\/posts\/655153","targetHints":{"allow":["GET"]}}],"collection":[{"href":"https:\/\/www.hashtag.al\/index.php\/wp-json\/wp\/v2\/posts"}],"about":[{"href":"https:\/\/www.hashtag.al\/index.php\/wp-json\/wp\/v2\/types\/post"}],"author":[{"embeddable":true,"href":"https:\/\/www.hashtag.al\/index.php\/wp-json\/wp\/v2\/users\/32"}],"replies":[{"embeddable":true,"href":"https:\/\/www.hashtag.al\/index.php\/wp-json\/wp\/v2\/comments?post=655153"}],"version-history":[{"count":0,"href":"https:\/\/www.hashtag.al\/index.php\/wp-json\/wp\/v2\/posts\/655153\/revisions"}],"wp:featuredmedia":[{"embeddable":true,"href":"https:\/\/www.hashtag.al\/index.php\/wp-json\/wp\/v2\/media\/640221"}],"wp:attachment":[{"href":"https:\/\/www.hashtag.al\/index.php\/wp-json\/wp\/v2\/media?parent=655153"}],"wp:term":[{"taxonomy":"category","embeddable":true,"href":"https:\/\/www.hashtag.al\/index.php\/wp-json\/wp\/v2\/categories?post=655153"},{"taxonomy":"post_tag","embeddable":true,"href":"https:\/\/www.hashtag.al\/index.php\/wp-json\/wp\/v2\/tags?post=655153"}],"curies":[{"name":"wp","href":"https:\/\/api.w.org\/{rel}","templated":true}]}}