{"id":655115,"date":"2024-02-18T12:52:54","date_gmt":"2024-02-18T11:52:54","guid":{"rendered":"https:\/\/www.hashtag.al\/?p=655115"},"modified":"2024-02-18T15:26:54","modified_gmt":"2024-02-18T14:26:54","slug":"kush-nuk-eshte-ne-tavoline-eshte-ne-menu-blinken-shba-ne-gare-strategjike-me-kinen","status":"publish","type":"post","link":"https:\/\/www.hashtag.al\/index.php\/2024\/02\/18\/kush-nuk-eshte-ne-tavoline-eshte-ne-menu-blinken-shba-ne-gare-strategjike-me-kinen\/","title":{"rendered":"\u201cKush nuk \u00ebsht\u00eb n\u00eb tavolin\u00eb \u00ebsht\u00eb n\u00eb menu\u201d \u2013 Blinken: SHBA n\u00eb gar\u00eb strategjike me Kin\u00ebn","gt_translate_keys":[{"key":"rendered","format":"text"}]},"content":{"rendered":"<p><span style=\"color: #000000;\"><a href=\"https:\/\/www.hashtag.al\/wp-content\/uploads\/2024\/02\/blinken-1.jpg\"><img loading=\"lazy\" decoding=\"async\" class=\"aligncenter size-full wp-image-655116\" src=\"https:\/\/www.hashtag.al\/wp-content\/uploads\/2024\/02\/blinken-1.jpg\" alt=\"\" width=\"864\" height=\"486\" srcset=\"https:\/\/www.hashtag.al\/wp-content\/uploads\/2024\/02\/blinken-1.jpg 864w, https:\/\/www.hashtag.al\/wp-content\/uploads\/2024\/02\/blinken-1-300x169.jpg 300w, https:\/\/www.hashtag.al\/wp-content\/uploads\/2024\/02\/blinken-1-768x432.jpg 768w\" sizes=\"auto, (max-width: 864px) 100vw, 864px\" \/><\/a><\/span><\/p>\n<p><span style=\"color: #000000;\">Shtetet e Bashkuara jan\u00eb n\u00eb nj\u00eb &#8220;konkurrenc\u00eb strategjike&#8221; me Kin\u00ebn, tha t\u00eb shtun\u00ebn Sekretari i Shtetit Antony Blinken, duke theksuar r\u00ebnd\u00ebsin\u00eb e pjes\u00ebmarrjes aktive n\u00eb &#8220;sistemin shum\u00ebpal\u00ebsh&#8221;.<\/span><\/p>\n<p><span style=\"color: #000000;\">&#8220;N\u00ebse nuk jeni n\u00eb tryez\u00ebn e sistemit nd\u00ebrkomb\u00ebtar, do t\u00eb jeni n\u00eb menu,&#8221; <span style=\"color: #3366ff;\"><a style=\"color: #3366ff;\" href=\"https:\/\/www.state.gov\/secretary-antony-j-blinken-german-foreign-minister-annalena-baerbock-and-indian-external-affairs-minister-subrahmanyam-jaishankar-at-the-munich-security-conference\/\">tha diplomati<\/a> <\/span>m\u00eb i lart\u00eb amerikan gjat\u00eb nj\u00eb forumi publik n\u00eb Konferenc\u00ebn e Siguris\u00eb s\u00eb Mynihut n\u00eb Gjermani.<\/span><\/p>\n<p><span style=\"color: #000000;\">&#8220;Ishte e r\u00ebnd\u00ebsishme p\u00ebr ne q\u00eb t\u00eb riangazhoheshim n\u00eb m\u00ebnyr\u00eb shum\u00ebpal\u00ebshe dhe ne e kemi b\u00ebr\u00eb k\u00ebt\u00eb,&#8221; tha Blinken, duke shtuar se Uashingtoni &#8220;ka b\u00ebr\u00eb nj\u00eb riinvestim n\u00eb aleancat, partneritetet dhe sistemin ton\u00eb shum\u00ebpal\u00ebsh. Sepse \u00ebsht\u00eb n\u00eb interesin ton\u00eb ta b\u00ebjm\u00eb k\u00ebt\u00eb. &#8220;<\/span><\/p>\n<p><span style=\"color: #000000;\">Nd\u00ebrsa vuri n\u00eb dukje se nuk ka &#8220;nuk ka dyshim&#8221; se SHBA-ja \u00ebsht\u00eb e p\u00ebrfshir\u00eb n\u00eb nj\u00eb &#8220;konkurrenc\u00eb strategjike&#8221; me Kin\u00ebn, ai tha, &#8220;ne kemi detyrimin ta menaxhojm\u00eb at\u00eb marr\u00ebdh\u00ebnie me p\u00ebrgjegj\u00ebsi&#8221;.<\/span><\/p>\n<p><span style=\"color: #000000;\">N\u00eb fjal\u00ebt e tij, Blinken, i cili u takua me ministrin e tij t\u00eb jasht\u00ebm kinez Wang Yi n\u00eb margjinat e ngjarjes n\u00eb Mynih, tha se SHBA \u00ebsht\u00eb &#8220;angazhuar n\u00eb nj\u00eb m\u00ebnyr\u00eb t\u00eb q\u00ebndrueshme me Kin\u00ebn&#8221;, gjat\u00eb gjasht\u00eb apo shtat\u00eb muajve t\u00eb fundit.<\/span><\/p>\n<p><span style=\"color: #000000;\">&#8220;Kjo pason nj\u00eb seri takimesh, m\u00eb e r\u00ebnd\u00ebsishmja dhe m\u00eb e r\u00ebnd\u00ebsishmja, t\u00eb Presidentit Joe Biden dhe Presidentit Xi Jinping,&#8221; shtoi ai.<\/span><\/p>\n<p><span style=\"color: #000000;\">Blinken theksoi gjithashtu se SHBA-t\u00eb, nd\u00ebrkoh\u00eb q\u00eb konkurrojn\u00eb kund\u00ebr Kin\u00ebs n\u00eb disa fusha, kan\u00eb gjithashtu interes t\u00eb bashk\u00ebpunojn\u00eb me Pekinin.<\/span><\/p>\n<p><span style=\"color: #000000;\">\u201cPo, ne kemi nj\u00eb gar\u00eb, fushat ku kund\u00ebrshtojm\u00eb nj\u00ebri-tjetrin, por ka edhe fusha q\u00eb duhet t\u00eb bashk\u00ebpunojm\u00eb sepse \u00ebsht\u00eb n\u00eb interesin ton\u00eb ta b\u00ebjm\u00eb k\u00ebt\u00eb\u201d, tha ai.<\/span><\/p>\n<p><span style=\"color: #000000;\">&#8220;Nj\u00eb nga shembujt m\u00eb t\u00eb mir\u00eb p\u00ebr k\u00ebt\u00eb \u00ebsht\u00eb marr\u00ebveshja jon\u00eb me Kin\u00ebn p\u00ebr fentanilin, vras\u00ebsi num\u00ebr nj\u00eb i amerikan\u00ebve t\u00eb mosh\u00ebs 18-49 vje\u00e7,&#8221; shtoi Blinken, duke iu referuar opioidit sintetik q\u00eb ka pllakosur SHBA-n\u00eb vitet e fundit.<\/span><\/p>\n<p><span style=\"color: #000000;\">&#8220;Tani ne kemi nj\u00eb bashk\u00ebpunim kuptimplot\u00eb nga dhe me Kin\u00ebn, kjo do t\u00eb b\u00ebj\u00eb nj\u00eb ndryshim n\u00eb jet\u00ebn e amerikan\u00ebve.&#8221;<\/span><\/p>\n","protected":false,"gt_translate_keys":[{"key":"rendered","format":"html"}]},"excerpt":{"rendered":"<p>Shtetet e Bashkuara jan\u00eb n\u00eb nj\u00eb &#8220;konkurrenc\u00eb strategjike&#8221; me Kin\u00ebn, tha t\u00eb shtun\u00ebn Sekretari i Shtetit Antony Blinken, duke theksuar r\u00ebnd\u00ebsin\u00eb e pjes\u00ebmarrjes aktive n\u00eb &#8220;sistemin shum\u00ebpal\u00ebsh&#8221;. &#8220;N\u00ebse nuk jeni n\u00eb tryez\u00ebn e sistemit nd\u00ebrkomb\u00ebtar, do t\u00eb jeni n\u00eb menu,&#8221; tha diplomati m\u00eb i lart\u00eb amerikan gjat\u00eb nj\u00eb forumi publik n\u00eb Konferenc\u00ebn e Siguris\u00eb s\u00eb [&hellip;]<\/p>\n","protected":false,"gt_translate_keys":[{"key":"rendered","format":"html"}]},"author":32,"featured_media":655116,"comment_status":"closed","ping_status":"open","sticky":false,"template":"","format":"standard","meta":{"footnotes":""},"categories":[22,6,13],"tags":[],"class_list":["post-655115","post","type-post","status-publish","format-standard","has-post-thumbnail","hentry","category-ballina","category-nderkombetare","category-te-fundit"],"gt_translate_keys":[{"key":"link","format":"url"}],"_links":{"self":[{"href":"https:\/\/www.hashtag.al\/index.php\/wp-json\/wp\/v2\/posts\/655115","targetHints":{"allow":["GET"]}}],"collection":[{"href":"https:\/\/www.hashtag.al\/index.php\/wp-json\/wp\/v2\/posts"}],"about":[{"href":"https:\/\/www.hashtag.al\/index.php\/wp-json\/wp\/v2\/types\/post"}],"author":[{"embeddable":true,"href":"https:\/\/www.hashtag.al\/index.php\/wp-json\/wp\/v2\/users\/32"}],"replies":[{"embeddable":true,"href":"https:\/\/www.hashtag.al\/index.php\/wp-json\/wp\/v2\/comments?post=655115"}],"version-history":[{"count":0,"href":"https:\/\/www.hashtag.al\/index.php\/wp-json\/wp\/v2\/posts\/655115\/revisions"}],"wp:featuredmedia":[{"embeddable":true,"href":"https:\/\/www.hashtag.al\/index.php\/wp-json\/wp\/v2\/media\/655116"}],"wp:attachment":[{"href":"https:\/\/www.hashtag.al\/index.php\/wp-json\/wp\/v2\/media?parent=655115"}],"wp:term":[{"taxonomy":"category","embeddable":true,"href":"https:\/\/www.hashtag.al\/index.php\/wp-json\/wp\/v2\/categories?post=655115"},{"taxonomy":"post_tag","embeddable":true,"href":"https:\/\/www.hashtag.al\/index.php\/wp-json\/wp\/v2\/tags?post=655115"}],"curies":[{"name":"wp","href":"https:\/\/api.w.org\/{rel}","templated":true}]}}