{"id":655081,"date":"2024-02-18T10:10:37","date_gmt":"2024-02-18T09:10:37","guid":{"rendered":"https:\/\/www.hashtag.al\/?p=655081"},"modified":"2024-02-18T10:10:47","modified_gmt":"2024-02-18T09:10:47","slug":"konferenca-e-sigurise-ne-munih-scholz-moska-nuk-ka-arritur-asnje-nga-objektivat-e-saj","status":"publish","type":"post","link":"https:\/\/www.hashtag.al\/index.php\/2024\/02\/18\/konferenca-e-sigurise-ne-munih-scholz-moska-nuk-ka-arritur-asnje-nga-objektivat-e-saj\/","title":{"rendered":"Konferenca e Siguris\u00eb n\u00eb Munih, Scholz: Moska nuk ka arritur asnj\u00eb nga objektivat e saj","gt_translate_keys":[{"key":"rendered","format":"text"}]},"content":{"rendered":"<p><img loading=\"lazy\" decoding=\"async\" class=\"alignnone size-full wp-image-655082\" src=\"https:\/\/www.hashtag.al\/wp-content\/uploads\/2024\/02\/68284913_1004.webp\" alt=\"\" width=\"1200\" height=\"525\" srcset=\"https:\/\/www.hashtag.al\/wp-content\/uploads\/2024\/02\/68284913_1004.webp 1200w, https:\/\/www.hashtag.al\/wp-content\/uploads\/2024\/02\/68284913_1004-300x131.webp 300w, https:\/\/www.hashtag.al\/wp-content\/uploads\/2024\/02\/68284913_1004-1024x448.webp 1024w, https:\/\/www.hashtag.al\/wp-content\/uploads\/2024\/02\/68284913_1004-768x336.webp 768w\" sizes=\"auto, (max-width: 1200px) 100vw, 1200px\" \/><br \/>\n<span style=\"font-weight: 400; color: #000000;\">N\u00eb kryeqytetin bavarez Mynih, ku zhvillohet Konferenca e Siguris\u00eb, (16-18.02) t\u00eb shtun\u00ebn jan\u00eb vendosur n\u00eb qend\u00ebr krizat aktuale bot\u00ebrore, l\u00ebkundja e mb\u00ebshtetjes amerikane p\u00ebr Ukrain\u00ebn n\u00eb SHBA, rreziku i shtrirjes s\u00eb konfliktit n\u00eb Lindjen e Mesme, e ardhmja e marr\u00ebdh\u00ebnies transatlantike, Kina e v\u00ebshtir\u00eb dhe ndryshimi i klim\u00ebs.<\/span><\/p>\n<p><span style=\"color: #000000;\"><span style=\"font-weight: 400;\">Kancelari Scholz n\u00eb fjalimin e tij para 50 krer\u00ebve t\u00eb shteteve dhe qeverive nga e gjith\u00eb n\u00eb Konferenc\u00ebn e 60- t\u00eb Siguris\u00eb i b\u00ebri thirrje qartazi Izraelit para nj\u00eb ofensive t\u00eb pritshme tok\u00ebsore n\u00eb Rafah kund\u00ebr Hamasit islamist terrorist t\u00eb respektoj\u00eb t\u00eb drejt\u00ebn nd\u00ebrkomb\u00ebtare. <\/span><i><span style=\"font-weight: 400;\">&#8220;Ne nuk e respektojm\u00eb t\u00eb drejt\u00ebn nd\u00ebrkomb\u00ebtare dhe rregullat e saj, vet\u00ebm sepse kemi n\u00ebnshkruar disa marr\u00ebveshje, Kjo \u00ebsht\u00eb di\u00e7ka sipas q\u00ebndrimit ton\u00eb q\u00eb rrjedh nga humaniteti dhe ajo se si duam t\u00eb jemi dhe si duam t\u00eb shohim veten.&#8221;<\/span><\/i><\/span><\/p>\n<p><img decoding=\"async\" src=\"https:\/\/static.dw.com\/image\/68285847_906.jpg\" alt=\"Kancelari Scholz shtr\u00ebngon duart me z\u00ebvend\u00ebspresidenten amerikane, Kamala Harris, n\u00eb sfond flamuri amerikan dhe ai europian\" \/><\/p>\n<p><span style=\"color: #000000;\"><b>Blinken: Izraeli ka &#8220;shans t\u00eb jasht\u00ebzakonsh\u00ebm&#8221; p\u00ebr t\u00eb ardhme n\u00eb paqe<\/b><\/span><\/p>\n<p><span style=\"font-weight: 400; color: #000000;\">N\u00eb Mynih Sekretari Amerikan i Shtetit, Antony Blinken, kancelari gjerman, Scholz, ministrja e Jashtme gjermane, Annalena Baerbock e siguruan Izraelin p\u00ebr mb\u00ebshtetje n\u00eb luft\u00eb kund\u00ebr Hamasit, q\u00eb kategorizohet nga SHBA, BE, Gjermania e vende t\u00eb tjera si organizat\u00eb terroriste.\u00a0<\/span><\/p>\n<p><span style=\"font-weight: 400; color: #000000;\">Por jan\u00eb shtuar edhe k\u00ebrkesat e mjaft shteteve q\u00eb Izraeli nga nj\u00ebra an\u00eb t\u00eb furnizoj\u00eb m\u00eb mir\u00eb popullsin\u00eb civile n\u00eb Gaza, nga ana tjet\u00ebr t\u00eb k\u00ebrkoj\u00eb rrug\u00eb p\u00ebr ndalimin e luftimeve. Antony Blinken tha n\u00eb Mynih se Izraeli ka &#8220;shansin e jashtazakonsh\u00ebm&#8221; e nj\u00eb t\u00eb ardhmjeje n\u00eb paqe, n\u00ebse gjen zgjidhje mir\u00ebkuptimi me fqinj\u00ebt e tij.<\/span><\/p>\n<p><span style=\"color: #000000;\"><b>Scholz: Gjermania e vendosur t\u00eb mb\u00ebshtes\u00eb Ukrain\u00ebn<\/b><\/span><\/p>\n<p><span style=\"font-weight: 400; color: #000000;\">N\u00eb fjalimin e tij, Scholz e vuri theksin tek ndihmat ushtarake p\u00ebr Ukrain\u00ebn dhe shpresa p\u00ebr luft\u00ebn kund\u00ebr Rusis\u00eb. Moska &#8220;nuk ka arritur asnj\u00eb n\u00eb objektivat e saj ushtarake&#8221;, tha Scholz. M\u00eb tej kancelari gjerman la t\u00eb kuptohej megjithat\u00eb, se pavar\u00ebsisht &#8220;humbjeve t\u00eb jasht\u00ebzakonshme&#8221; pjes\u00eb t\u00eb m\u00ebdha t\u00eb forcave ushtarake ruse jan\u00eb &#8220;n\u00eb funksionim&#8221;.\u00a0<\/span><\/p>\n<p><span style=\"font-weight: 400; color: #000000;\">Prandaj Gjermania \u00ebsht\u00eb e &#8220;vendosur&#8221; t\u00eb vazhdoj\u00eb m\u00eb tej rrug\u00ebn p\u00ebr mb\u00ebshtetjen e Ukrain\u00ebs. Vet\u00ebm n\u00ebse europian\u00ebt jan\u00eb t\u00eb besuesh\u00ebm n\u00eb mb\u00ebshtetjen e tyre p\u00ebr Ukrain\u00ebn, &#8220;Putin do t\u00eb kuptoj\u00eb, se nuk do t\u00eb ket\u00eb nj\u00eb paqe t\u00eb diktuar me urdh\u00ebr t\u00eb Mosk\u00ebs.&#8221;<\/span><\/p>\n<p><span style=\"font-weight: 400; color: #000000;\">Scholz u b\u00ebri thirrje europian\u00ebve t\u00eb orientohen nga SHBA p\u00ebr ndihmat ushtarake p\u00ebr Ukrain\u00ebn. &#8220;Nj\u00eb p\u00ebrpjekje e ngjashme do t\u00eb ishte m\u00eb e pakta q\u00eb mund t\u00eb b\u00ebj\u00eb secili vend europian.<\/span><\/p>\n<p><span style=\"font-weight: 400; color: #000000;\">Gjermania \u00ebsht\u00eb pas SHBA mb\u00ebshtet\u00ebsja m\u00eb e madhe ushtarake e Ukrain\u00ebs. Scholz u takua n\u00eb kuad\u00ebr t\u00eb Konferenc\u00ebs s\u00eb Siguris\u00eb edhe me z\u00ebvend\u00ebspresidenten amerikane, Kamala Harris, presidentin e Izraelit, Isaas Herzog, president\u00ebt e Azerbajxhanit dhe Armenis\u00eb dhe Mbretin jordanez, Abdullahu II.<\/span><\/p>\n<p><img decoding=\"async\" src=\"https:\/\/static.dw.com\/image\/68280073_906.jpg\" alt=\"Scholz dhe Zelenski u takuan n\u00eb Berlin\" \/><\/p>\n<p><span style=\"font-weight: 400; color: #000000;\">Sekretari i P\u00ebrgjithsh\u00ebm i NATO-s, Jens Stoltenberg k\u00ebrkoi nga SHBA t\u00eb furnizoj\u00eb me &#8220;ato q\u00eb ka premtuar&#8221;. Dhe se \u00ebsht\u00eb nj\u00eb &#8220;nevoj\u00eb absolute&#8221; q\u00eb Kongresi Ameriken t\u00eb vendos\u00eb sa m\u00eb shpejt p\u00ebr ndihmat ushtarake p\u00ebr Ukrain\u00ebn. Sa m\u00eb shum\u00eb q\u00eb ky vendim zgjat aq m\u00eb shum\u00eb njer\u00ebz ndesin n\u00eb frontin ukrainas, tha Stoltenberg.<\/span><\/p>\n<p><span style=\"color: #000000;\"><b>Zelenski: Na mungojn\u00eb arm\u00eb dhe artileri<\/b><\/span><\/p>\n<p><span style=\"font-weight: 400; color: #000000;\">Lufta n\u00eb Ukrain\u00eb i dha tonin dit\u00ebs s\u00eb dyt\u00eb t\u00eb Konferenc\u00ebs s\u00eb Siguris\u00eb, por t\u00eb shtun\u00ebn flitet edhe p\u00ebr konfliktin e Lindjes s\u00eb Mesme.P\u00ebr her\u00eb t\u00eb par\u00eb q\u00eb nga fillimi i luft\u00ebs n\u00eb Ukrain\u00eb dhe agresionit rus e mori fjal\u00ebn n\u00eb Konferenc\u00ebn e Siguris\u00eb edhe presidenti ukrainas, Volodymyr Zelenski.\u00a0<\/span><\/p>\n<p><span style=\"font-weight: 400; color: #000000;\">Presidenti Zelenski gjat\u00eb fjalimit t\u00eb tij n\u00eb Mynih, foli edhe p\u00ebr vendimin e ushtris\u00eb ukrainase t\u00eb shtun\u00ebn p\u00ebr t\u00ebrheqje nga qyteti lindor Avdijivka. Ai tha se ka qen\u00eb nj\u00eb &#8220;vendim profesional&#8221; me q\u00ebllim q\u00eb &#8220;t\u00eb shp\u00ebtohen sa m\u00eb shum\u00eb jet\u00eb t\u00eb jet\u00eb e mundur. Presidenti ukrainas e lidhi munges\u00ebn e sukseseve ushtarake t\u00eb Ukrain\u00ebs n\u00eb fush\u00ebn e betej\u00ebs me munges\u00ebn e artileris\u00eb dhe arm\u00ebve me rreze t\u00eb gjat\u00eb veprimi. Kjo b\u00ebn q\u00eb &#8220;veprimi yn\u00eb t\u00eb kufizohet&#8221;. Zelenski k\u00ebrkoi m\u00eb shum\u00eb furnizime me arm\u00eb.<\/span><\/p>\n<p><img decoding=\"async\" src=\"https:\/\/static.dw.com\/image\/68280166_906.jpg\" alt=\"Zelenski para mikrofonit\" \/><\/p>\n<p><span style=\"font-weight: 400; color: #000000;\">Sipas Zelenskit Ukraina duhet t\u00eb rifitoj\u00eb fuqin\u00eb ajore p\u00ebr t\u00eb pasur s\u00ebrish sukses n\u00eb frontet e luft\u00ebs kund\u00ebr Rusis\u00eb. P\u00ebr k\u00ebt\u00eb nevojiten m\u00eb shum\u00eb sisteme t\u00eb mbrojtjes ajrore, k\u00ebrkoi Zelenski.<\/span><\/p>\n<p><span style=\"font-weight: 400; color: #000000;\">Vdekja e opozitarit rus, Aleksej Navalny hodhi hije edhe mbi dit\u00ebn e dyt\u00eb t\u00eb konferenc\u00ebs. Ministrat e Jasht\u00ebm t\u00eb G7-s mbajt\u00ebn nj\u00eb minut\u00eb heshtje t\u00eb nj\u00eb takim t\u00eb tyre n\u00eb kuad\u00ebr t\u00eb konferenc\u00ebs. Zelenski i quajti vdekjen e Navalnyt &#8220;nj\u00eb mesazh t\u00eb qart\u00eb&#8221; nga Putini.<\/span><\/p>\n<p><span style=\"color: #000000;\"><span style=\"font-weight: 400;\"><span style=\"color: #ff0000;\">VINI RE:<\/span> Ky material \u00ebsht\u00eb pron\u00ebsi intelektuale e <\/span><span style=\"color: #0000ff;\"><a style=\"color: #0000ff;\" href=\"https:\/\/www.dw.com\/sq\/scholz-moska-nuk-ka-arritur-asnj%C3%AB-nga-objektivat-e-saj-ushtarake\/a-68286805\"><span style=\"font-weight: 400;\">DW<\/span><\/a><\/span><\/span><\/p>\n","protected":false,"gt_translate_keys":[{"key":"rendered","format":"html"}]},"excerpt":{"rendered":"<p>N\u00eb kryeqytetin bavarez Mynih, ku zhvillohet Konferenca e Siguris\u00eb, (16-18.02) t\u00eb shtun\u00ebn jan\u00eb vendosur n\u00eb qend\u00ebr krizat aktuale bot\u00ebrore, l\u00ebkundja e mb\u00ebshtetjes amerikane p\u00ebr Ukrain\u00ebn n\u00eb SHBA, rreziku i shtrirjes s\u00eb konfliktit n\u00eb Lindjen e Mesme, e ardhmja e marr\u00ebdh\u00ebnies transatlantike, Kina e v\u00ebshtir\u00eb dhe ndryshimi i klim\u00ebs. Kancelari Scholz n\u00eb fjalimin e tij para [&hellip;]<\/p>\n","protected":false,"gt_translate_keys":[{"key":"rendered","format":"html"}]},"author":4,"featured_media":655082,"comment_status":"closed","ping_status":"open","sticky":false,"template":"","format":"standard","meta":{"footnotes":""},"categories":[6],"tags":[],"class_list":["post-655081","post","type-post","status-publish","format-standard","has-post-thumbnail","hentry","category-nderkombetare"],"gt_translate_keys":[{"key":"link","format":"url"}],"_links":{"self":[{"href":"https:\/\/www.hashtag.al\/index.php\/wp-json\/wp\/v2\/posts\/655081","targetHints":{"allow":["GET"]}}],"collection":[{"href":"https:\/\/www.hashtag.al\/index.php\/wp-json\/wp\/v2\/posts"}],"about":[{"href":"https:\/\/www.hashtag.al\/index.php\/wp-json\/wp\/v2\/types\/post"}],"author":[{"embeddable":true,"href":"https:\/\/www.hashtag.al\/index.php\/wp-json\/wp\/v2\/users\/4"}],"replies":[{"embeddable":true,"href":"https:\/\/www.hashtag.al\/index.php\/wp-json\/wp\/v2\/comments?post=655081"}],"version-history":[{"count":0,"href":"https:\/\/www.hashtag.al\/index.php\/wp-json\/wp\/v2\/posts\/655081\/revisions"}],"wp:featuredmedia":[{"embeddable":true,"href":"https:\/\/www.hashtag.al\/index.php\/wp-json\/wp\/v2\/media\/655082"}],"wp:attachment":[{"href":"https:\/\/www.hashtag.al\/index.php\/wp-json\/wp\/v2\/media?parent=655081"}],"wp:term":[{"taxonomy":"category","embeddable":true,"href":"https:\/\/www.hashtag.al\/index.php\/wp-json\/wp\/v2\/categories?post=655081"},{"taxonomy":"post_tag","embeddable":true,"href":"https:\/\/www.hashtag.al\/index.php\/wp-json\/wp\/v2\/tags?post=655081"}],"curies":[{"name":"wp","href":"https:\/\/api.w.org\/{rel}","templated":true}]}}