{"id":655033,"date":"2024-02-17T22:01:55","date_gmt":"2024-02-17T21:01:55","guid":{"rendered":"https:\/\/www.hashtag.al\/?p=655033"},"modified":"2024-02-17T22:01:55","modified_gmt":"2024-02-17T21:01:55","slug":"ish-shefi-i-inteligjences-gjermane-themelon-partine-e-re-te-krahut-te-djathte","status":"publish","type":"post","link":"https:\/\/www.hashtag.al\/index.php\/2024\/02\/17\/ish-shefi-i-inteligjences-gjermane-themelon-partine-e-re-te-krahut-te-djathte\/","title":{"rendered":"Ish-shefi i inteligjenc\u00ebs gjermane themelon partin\u00eb e re t\u00eb krahut t\u00eb djatht\u00eb","gt_translate_keys":[{"key":"rendered","format":"text"}]},"content":{"rendered":"<p><img loading=\"lazy\" decoding=\"async\" class=\"aligncenter size-full wp-image-655035\" src=\"https:\/\/www.hashtag.al\/wp-content\/uploads\/2024\/02\/shefi.png\" alt=\"\" width=\"1075\" height=\"688\" srcset=\"https:\/\/www.hashtag.al\/wp-content\/uploads\/2024\/02\/shefi.png 1075w, https:\/\/www.hashtag.al\/wp-content\/uploads\/2024\/02\/shefi-300x192.png 300w, https:\/\/www.hashtag.al\/wp-content\/uploads\/2024\/02\/shefi-1024x655.png 1024w, https:\/\/www.hashtag.al\/wp-content\/uploads\/2024\/02\/shefi-768x492.png 768w\" sizes=\"auto, (max-width: 1075px) 100vw, 1075px\" \/><\/p>\n<p><span style=\"color: #000000;\">Ish-shefi i inteligjenc\u00ebs gjermane, i cili u shkarkua pasi u akuzua p\u00ebr mbylljen e syve ndaj k\u00ebrc\u00ebnimit t\u00eb paraqitur nga e djathta ekstreme, themeloi nj\u00eb parti t\u00eb re t\u00eb krahut t\u00eb djatht\u00eb t\u00eb shtun\u00ebn, duke mbajtur nj\u00eb kongres p\u00eburues t\u00eb partis\u00eb n\u00eb nj\u00eb vark\u00eb af\u00ebr ish-kryeqytetit t\u00eb Gjermanis\u00eb, Bon.<\/span><\/p>\n<p><span style=\"color: #000000;\">Partia \u00ebsht\u00eb e treta q\u00eb themelohet k\u00ebt\u00eb vit n\u00eb Gjermani, duke e cop\u00ebzuar m\u00eb tej peizazhin politik dhe duke i b\u00ebr\u00eb t\u00eb nd\u00ebrlikuara parashikimet elektorale p\u00ebrpara zgjedhjeve dhe votimeve parlamentare evropiane n\u00eb gjysm\u00ebn e bashkive dhe tre shteteve t\u00eb vendit.<\/span><\/p>\n<p><span style=\"color: #000000;\">\u201cWerteunion\u201d, ose \u201cBashkimi i Vlerave\u201d, drejtohet nga Hans-Georg Maassen, i cili u shkarkua si kreu i Zyr\u00ebs s\u00eb Gjermanis\u00eb p\u00ebr Mbrojtjen e Kushtetut\u00ebs (BfV) n\u00eb vitin 2018.<\/span><\/p>\n<p><span style=\"color: #000000;\">Maassen u detyrua t\u00eb jepte dor\u00ebheqjen pasi fillimisht vuri n\u00eb pik\u00ebpyetje v\u00ebrtet\u00ebsin\u00eb e nj\u00eb videoje q\u00eb tregonte ekstremist\u00ebt e djatht\u00eb duke ndjekur emigrant\u00ebt n\u00eb qytetin lindor Chemnitz, duke th\u00ebn\u00eb se ajo mund t\u00eb ishte e falsifikuar.<\/span><\/p>\n<p><span style=\"color: #000000;\">Ai m\u00eb von\u00eb e zbuti k\u00ebt\u00eb, duke th\u00ebn\u00eb se interpretimi i videos ishte i hapur p\u00ebr dyshim, jo \u200b\u200bv\u00ebrtet\u00ebsia e saj, por kjo nuk ishte e mjaftueshme p\u00ebr t\u00eb shuar protestat q\u00eb \u00e7uan n\u00eb largimin e tij.<\/span><\/p>\n<p><span style=\"color: #000000;\">Q\u00eb at\u00ebher\u00eb ai \u00ebsht\u00eb b\u00ebr\u00eb i njohur p\u00ebr komentet gjithnj\u00eb e m\u00eb radikale mbi emigracionin, duke u b\u00ebr\u00eb hero p\u00ebr aktivist\u00ebt e ekstremit t\u00eb djatht\u00eb.<\/span><\/p>\n<p><img loading=\"lazy\" decoding=\"async\" class=\"aligncenter size-full wp-image-655037\" src=\"https:\/\/www.hashtag.al\/wp-content\/uploads\/2024\/02\/shefi2.png\" alt=\"\" width=\"1114\" height=\"729\" srcset=\"https:\/\/www.hashtag.al\/wp-content\/uploads\/2024\/02\/shefi2.png 1114w, https:\/\/www.hashtag.al\/wp-content\/uploads\/2024\/02\/shefi2-300x196.png 300w, https:\/\/www.hashtag.al\/wp-content\/uploads\/2024\/02\/shefi2-1024x670.png 1024w, https:\/\/www.hashtag.al\/wp-content\/uploads\/2024\/02\/shefi2-768x503.png 768w\" sizes=\"auto, (max-width: 1114px) 100vw, 1114px\" \/><\/p>\n<p><span style=\"color: #000000;\">Ish-an\u00ebtar i Kristian Demokrat\u00ebve t\u00eb opozit\u00ebs, Maassen tani po mbik\u00ebqyret nga agjencia e siguris\u00eb q\u00eb ai drejtonte, tha ai muajin e kaluar. BfV-ja tha se ligji i privat\u00ebsis\u00eb n\u00ebnkuptonte se nuk mund t\u00eb komentonte p\u00ebr rastet individuale.<\/span><\/p>\n<p><span style=\"color: #000000;\"><em>&#8220;Ora 12:32. U krye!&#8221;<\/em> tha Maassen n\u00eb platform\u00ebn e mediave sociale X, duke postuar nj\u00eb foto t\u00eb tij dhe koleg\u00ebve p\u00ebrpara nj\u00eb flamuri gjerman n\u00eb vark\u00eb.<\/span><\/p>\n<p><span style=\"color: #000000;\">Me partit\u00eb kryesore t\u00eb Gjermanis\u00eb q\u00eb kan\u00eb mb\u00ebshtetje t\u00eb ul\u00ebt n\u00eb sondazhe n\u00eb krahasim me lul\u00ebzimin e tyre t\u00eb viteve 1980, kur Kristian Demokrat\u00ebt dhe Social Demokrat\u00ebt zinin rregullisht rreth 50% t\u00eb elektoratit, shum\u00eb parti t\u00eb reja kan\u00eb k\u00ebrkuar t\u00eb p\u00ebrfitojn\u00eb nga zhg\u00ebnjimi i koh\u00ebve t\u00eb fundit.<\/span><\/p>\n<p><span style=\"color: #000000;\">N\u00eb fillim t\u00eb k\u00ebtij viti, politikania e majt\u00eb Sahra Wagenknecht themeloi nj\u00eb parti t\u00eb re populiste t\u00eb majt\u00eb.<\/span><\/p>\n<p><span style=\"color: #000000;\">\u201cWerteunion\u201d, dikur nj\u00eb grup \u00a0i lidhur me Kristiandemokrat\u00ebt, tani do luftoj\u00eb p\u00ebr hap\u00ebsir\u00eb \u200b\u200bme Alternativ\u00ebn p\u00ebr Gjermanin\u00eb (AfD) e ekstremit t\u00eb djatht\u00eb, e cila kryeson sondazhet n\u00eb disa shtete lindore.<\/span><\/p>\n<p><span style=\"color: #000000;\">Nd\u00ebrsa t\u00eb gjitha partit\u00eb e tjera kan\u00eb p\u00ebrjashtuar mund\u00ebsin\u00eb e pun\u00ebs me AfD-n\u00eb, Maassen tha s\u00eb fundmi se do ishte i p\u00ebrgatitur t\u00eb mb\u00ebshteste propozimet e tyre legjislative n\u00ebse ato do kishin kuptim, megjith\u00ebse p\u00ebrjashtoi nj\u00eb koalicion me t\u00eb.<\/span><\/p>\n","protected":false,"gt_translate_keys":[{"key":"rendered","format":"html"}]},"excerpt":{"rendered":"<p>Ish-shefi i inteligjenc\u00ebs gjermane, i cili u shkarkua pasi u akuzua p\u00ebr mbylljen e syve ndaj k\u00ebrc\u00ebnimit t\u00eb paraqitur nga e djathta ekstreme, themeloi nj\u00eb parti t\u00eb re t\u00eb krahut t\u00eb djatht\u00eb t\u00eb shtun\u00ebn, duke mbajtur nj\u00eb kongres p\u00eburues t\u00eb partis\u00eb n\u00eb nj\u00eb vark\u00eb af\u00ebr ish-kryeqytetit t\u00eb Gjermanis\u00eb, Bon. Partia \u00ebsht\u00eb e treta q\u00eb themelohet [&hellip;]<\/p>\n","protected":false,"gt_translate_keys":[{"key":"rendered","format":"html"}]},"author":51,"featured_media":655035,"comment_status":"closed","ping_status":"open","sticky":false,"template":"","format":"standard","meta":{"footnotes":""},"categories":[53],"tags":[],"class_list":["post-655033","post","type-post","status-publish","format-standard","has-post-thumbnail","hentry","category-fast-foodi"],"gt_translate_keys":[{"key":"link","format":"url"}],"_links":{"self":[{"href":"https:\/\/www.hashtag.al\/index.php\/wp-json\/wp\/v2\/posts\/655033","targetHints":{"allow":["GET"]}}],"collection":[{"href":"https:\/\/www.hashtag.al\/index.php\/wp-json\/wp\/v2\/posts"}],"about":[{"href":"https:\/\/www.hashtag.al\/index.php\/wp-json\/wp\/v2\/types\/post"}],"author":[{"embeddable":true,"href":"https:\/\/www.hashtag.al\/index.php\/wp-json\/wp\/v2\/users\/51"}],"replies":[{"embeddable":true,"href":"https:\/\/www.hashtag.al\/index.php\/wp-json\/wp\/v2\/comments?post=655033"}],"version-history":[{"count":0,"href":"https:\/\/www.hashtag.al\/index.php\/wp-json\/wp\/v2\/posts\/655033\/revisions"}],"wp:featuredmedia":[{"embeddable":true,"href":"https:\/\/www.hashtag.al\/index.php\/wp-json\/wp\/v2\/media\/655035"}],"wp:attachment":[{"href":"https:\/\/www.hashtag.al\/index.php\/wp-json\/wp\/v2\/media?parent=655033"}],"wp:term":[{"taxonomy":"category","embeddable":true,"href":"https:\/\/www.hashtag.al\/index.php\/wp-json\/wp\/v2\/categories?post=655033"},{"taxonomy":"post_tag","embeddable":true,"href":"https:\/\/www.hashtag.al\/index.php\/wp-json\/wp\/v2\/tags?post=655033"}],"curies":[{"name":"wp","href":"https:\/\/api.w.org\/{rel}","templated":true}]}}