{"id":654898,"date":"2024-02-17T10:32:18","date_gmt":"2024-02-17T09:32:18","guid":{"rendered":"https:\/\/www.hashtag.al\/?p=654898"},"modified":"2024-02-17T10:32:18","modified_gmt":"2024-02-17T09:32:18","slug":"prokuroria-e-elbasanit-leshon-urdherndalim-per-40-vjecarin-qe-goditi-me-grushte-rojen-e-shkolles-ne-sy-te-nxenesve","status":"publish","type":"post","link":"https:\/\/www.hashtag.al\/index.php\/2024\/02\/17\/prokuroria-e-elbasanit-leshon-urdherndalim-per-40-vjecarin-qe-goditi-me-grushte-rojen-e-shkolles-ne-sy-te-nxenesve\/","title":{"rendered":"Prokuroria e Elbasanit l\u00ebshon urdh\u00ebrndalim p\u00ebr 40-vje\u00e7arin q\u00eb goditi me grushte roj\u00ebn e shkoll\u00ebs n\u00eb sy t\u00eb nx\u00ebn\u00ebsve","gt_translate_keys":[{"key":"rendered","format":"text"}]},"content":{"rendered":"<p style=\"text-align: left;\"><span style=\"color: #000000;\"><img loading=\"lazy\" decoding=\"async\" class=\"size-full wp-image-654899 aligncenter\" src=\"https:\/\/www.hashtag.al\/wp-content\/uploads\/2024\/02\/b7700b56-5773-4215-9e4f-516a8aeb5b63.jpeg\" alt=\"\" width=\"640\" height=\"431\" srcset=\"https:\/\/www.hashtag.al\/wp-content\/uploads\/2024\/02\/b7700b56-5773-4215-9e4f-516a8aeb5b63.jpeg 640w, https:\/\/www.hashtag.al\/wp-content\/uploads\/2024\/02\/b7700b56-5773-4215-9e4f-516a8aeb5b63-300x202.jpeg 300w\" sizes=\"auto, (max-width: 640px) 100vw, 640px\" \/><\/span><\/p>\n<p style=\"text-align: left;\"><span style=\"color: #000000;\">Prokuroria e Elbasanit ka l\u00ebshuar urdh\u00ebr ndalimi p\u00ebr 40-vje\u00e7arin\u00a0Durim Ko\u00e7i, i cili goditi rojen e nj\u00eb shkolle 9-vje\u00e7are n\u00eb Elbasan.<\/span><\/p>\n<p style=\"text-align: left;\"><span style=\"color: #000000;\">40-vje\u00e7ari akuzohet se ka goditur p\u00ebr shkak t\u00eb detyr\u00ebs rojen n\u00eb mjediset e institucionit ku punonte.<\/span><\/p>\n<p style=\"text-align: left;\"><span style=\"color: #000000;\">Ai\u00a0dhunoi rojen e shkoll\u00eb n\u00eb sy t\u00eb nx\u00ebn\u00ebsve, nd\u00ebrsa i moshuari ra p\u00ebrtok\u00eb nga goditjet.<\/span><\/p>\n<p style=\"text-align: left;\"><span style=\"color: #000000;\">Ka qen\u00eb nj\u00eb prind q\u00eb i ka ardhur n\u00eb ndihm\u00eb, pasi roja u ngrit n\u00eb k\u00ebmb\u00eb.<\/span><\/p>\n<p style=\"text-align: left;\"><span style=\"color: #000000;\"><strong>Njoftimi i policis\u00eb:<\/strong><\/span><\/p>\n<p style=\"text-align: left;\"><span style=\"color: #000000;\">Prokuroria Elbasan regjistron procedimin penal p\u00ebr shtetasin D.K. p\u00ebr \u2018Goditje p\u00ebr shkak t\u00eb detyr\u00ebs\u2019<\/span><\/p>\n<p style=\"text-align: left;\"><span style=\"color: #000000;\">Prokuroria pran\u00eb Gjykat\u00ebs s\u00eb Shkall\u00ebs s\u00eb Par\u00eb Elbasan, m\u00eb dat\u00eb 16.02.2024, n\u00eb baz\u00eb t\u00eb materialit hetimor t\u00eb ardhur nga Komisariati i Policis\u00eb Elbasan, ka regjistruar procedimi penal nr.298, p\u00ebr vepr\u00ebn penale \u201cGoditjet p\u00ebr shkak t\u00eb detyr\u00ebs\u201d, e kryer n\u00eb mjediset e institucionit ku personi ushtron detyr\u00ebn t\u00eb parashikuar nga neni 237\/5 t\u00eb K.Penal me person n\u00ebn hetim D.K., i dit\u00eblindjes 1984.<\/span><\/p>\n<p style=\"text-align: left;\"><span style=\"color: #000000;\">N\u00eb vijim t\u00eb veprimeve t\u00eb thelluara hetimore, n\u00eb bashk\u00ebpunim me Komisariatin e Policis\u00eb Elbasan, me dat\u00eb 17.02.2024 nga Prokuroria Elbasan \u00ebsht\u00eb nxjerr\u00eb urdhri p\u00ebrkat\u00ebs, i cili i \u00ebsht\u00eb ngarkuar p\u00ebr ekzekutimin e ndalimit sh\u00ebrbimet e policis\u00eb gjyq\u00ebsore t\u00eb Komisariatit t\u00eb Policis\u00eb Elbasan.<\/span><\/p>\n<p style=\"text-align: left;\"><span style=\"color: #000000;\">Hetimet vijojn\u00eb n\u00eb bashk\u00ebpunim me policin\u00eb e shtetit.<\/span><\/p>\n","protected":false,"gt_translate_keys":[{"key":"rendered","format":"html"}]},"excerpt":{"rendered":"<p>Prokuroria e Elbasanit ka l\u00ebshuar urdh\u00ebr ndalimi p\u00ebr 40-vje\u00e7arin\u00a0Durim Ko\u00e7i, i cili goditi rojen e nj\u00eb shkolle 9-vje\u00e7are n\u00eb Elbasan. 40-vje\u00e7ari akuzohet se ka goditur p\u00ebr shkak t\u00eb detyr\u00ebs rojen n\u00eb mjediset e institucionit ku punonte. Ai\u00a0dhunoi rojen e shkoll\u00eb n\u00eb sy t\u00eb nx\u00ebn\u00ebsve, nd\u00ebrsa i moshuari ra p\u00ebrtok\u00eb nga goditjet. Ka qen\u00eb nj\u00eb prind [&hellip;]<\/p>\n","protected":false,"gt_translate_keys":[{"key":"rendered","format":"html"}]},"author":4,"featured_media":654899,"comment_status":"closed","ping_status":"open","sticky":false,"template":"","format":"standard","meta":{"footnotes":""},"categories":[1],"tags":[],"class_list":["post-654898","post","type-post","status-publish","format-standard","has-post-thumbnail","hentry","category-uncategorized"],"gt_translate_keys":[{"key":"link","format":"url"}],"_links":{"self":[{"href":"https:\/\/www.hashtag.al\/index.php\/wp-json\/wp\/v2\/posts\/654898","targetHints":{"allow":["GET"]}}],"collection":[{"href":"https:\/\/www.hashtag.al\/index.php\/wp-json\/wp\/v2\/posts"}],"about":[{"href":"https:\/\/www.hashtag.al\/index.php\/wp-json\/wp\/v2\/types\/post"}],"author":[{"embeddable":true,"href":"https:\/\/www.hashtag.al\/index.php\/wp-json\/wp\/v2\/users\/4"}],"replies":[{"embeddable":true,"href":"https:\/\/www.hashtag.al\/index.php\/wp-json\/wp\/v2\/comments?post=654898"}],"version-history":[{"count":0,"href":"https:\/\/www.hashtag.al\/index.php\/wp-json\/wp\/v2\/posts\/654898\/revisions"}],"wp:featuredmedia":[{"embeddable":true,"href":"https:\/\/www.hashtag.al\/index.php\/wp-json\/wp\/v2\/media\/654899"}],"wp:attachment":[{"href":"https:\/\/www.hashtag.al\/index.php\/wp-json\/wp\/v2\/media?parent=654898"}],"wp:term":[{"taxonomy":"category","embeddable":true,"href":"https:\/\/www.hashtag.al\/index.php\/wp-json\/wp\/v2\/categories?post=654898"},{"taxonomy":"post_tag","embeddable":true,"href":"https:\/\/www.hashtag.al\/index.php\/wp-json\/wp\/v2\/tags?post=654898"}],"curies":[{"name":"wp","href":"https:\/\/api.w.org\/{rel}","templated":true}]}}