{"id":654895,"date":"2024-02-17T10:19:20","date_gmt":"2024-02-17T09:19:20","guid":{"rendered":"https:\/\/www.hashtag.al\/?p=654895"},"modified":"2024-02-17T10:19:20","modified_gmt":"2024-02-17T09:19:20","slug":"kosova-16-vjet-shtet-nikolla-me-shba-e-be-e-ardhmja-e-kosoves-e-sigurt","status":"publish","type":"post","link":"https:\/\/www.hashtag.al\/index.php\/2024\/02\/17\/kosova-16-vjet-shtet-nikolla-me-shba-e-be-e-ardhmja-e-kosoves-e-sigurt\/","title":{"rendered":"Kosova 16 vjet shtet, Nikolla: Me ShBA e BE, e ardhmja e Kosov\u00ebs e sigurt","gt_translate_keys":[{"key":"rendered","format":"text"}]},"content":{"rendered":"<p style=\"text-align: left;\"><span style=\"color: #000000;\"><img loading=\"lazy\" decoding=\"async\" class=\"size-full wp-image-654896 aligncenter\" src=\"https:\/\/www.hashtag.al\/wp-content\/uploads\/2024\/02\/1696684168_linditanikolla-768x433-1.jpg\" alt=\"\" width=\"768\" height=\"433\" srcset=\"https:\/\/www.hashtag.al\/wp-content\/uploads\/2024\/02\/1696684168_linditanikolla-768x433-1.jpg 768w, https:\/\/www.hashtag.al\/wp-content\/uploads\/2024\/02\/1696684168_linditanikolla-768x433-1-300x169.jpg 300w\" sizes=\"auto, (max-width: 768px) 100vw, 768px\" \/><\/span><\/p>\n<p style=\"text-align: left;\"><span style=\"color: #000000;\">Kryetarja e Kuvendit Lindita Nikolla, ka p\u00ebrsh\u00ebndetur Dit\u00ebn e Pavar\u00ebsis\u00eb s\u00eb Kosov\u00ebs.<\/span><\/p>\n<p style=\"text-align: left;\"><span style=\"color: #000000;\">N\u00eb nj\u00eb mesazh t\u00eb ndar\u00eb n\u00eb rrjetet sociale ajo shprehet se shpallja e Pavar\u00ebsis\u00eb \u00ebsht\u00eb j\u00eb ngjarje historike jo vet\u00ebm p\u00ebr Kosov\u00ebn, por p\u00ebr t\u00eb gjith\u00eb kombin shqiptar.<\/span><\/p>\n<p style=\"text-align: left;\"><span style=\"color: #000000;\">Po ashtu thekson se vendi jon\u00eb mb\u00ebshtet an\u00ebtar\u00ebsimin e Kosov\u00ebs n\u00eb NATO dhe KiE, teksa shton se dialogu i leht\u00ebsuar nga BE, e vetmja rrug\u00eb drejt paqes<\/span><\/p>\n<p style=\"text-align: left;\"><span style=\"color: #000000;\">\u201cMe ShBA e BE, e ardhmja e Kosov\u00ebs e sigurt\u201d, shprehet Nikolla.<\/span><\/p>\n<p style=\"text-align: left;\"><span style=\"color: #000000;\">Mesazhi i plot\u00eb:<\/span><\/p>\n<p style=\"text-align: left;\"><span style=\"color: #000000;\"><em>Shpallja e Pavar\u00ebsis\u00eb s\u00eb Kosov\u00ebs m\u00eb 17 shkurt 2008, n\u00eb Kuvendin e Republik\u00ebs s\u00eb Kosov\u00ebs, \u00ebsht\u00eb nj\u00eb ngjarje historike jo vet\u00ebm p\u00ebr Kosov\u00ebn, por p\u00ebr t\u00eb gjith\u00eb kombin shqiptar.<\/em><\/span><\/p>\n<p style=\"text-align: left;\"><span style=\"color: #000000;\"><em>Liria dhe pavar\u00ebsia e Kosov\u00ebs jan\u00eb rezultat i luft\u00ebs dhe p\u00ebrpjekjeve t\u00eb popullit t\u00eb Kosov\u00ebs, t\u00eb mb\u00ebshtetura nga aleat\u00ebt strategjik\u00eb t\u00eb shqiptar\u00ebve, ShBA, BE dhe NATO. <\/em><\/span><\/p>\n<p style=\"text-align: left;\"><span style=\"color: #000000;\"><em>Kosova \u00ebsht\u00eb nj\u00eb prioritet komb\u00ebtar i Shqip\u00ebris\u00eb. Kuvendi, institucionet e vendit dhe gjith\u00eb qytetar\u00ebt jan\u00eb n\u00eb krah t\u00eb popullit dhe institucioneve t\u00eb Kosov\u00ebs n\u00eb p\u00ebrballimin e sfidave t\u00eb zhvillimit dhe integrimeve euroatlantike, t\u00eb cilat arrihen n\u00eb koordinim dhe me mb\u00ebshtetjen e aleat\u00ebve t\u00eb m\u00ebdhenj, ShBA dhe BE.<\/em><\/span><\/p>\n<p style=\"text-align: left;\"><span style=\"color: #000000;\"><em>Shqip\u00ebria mb\u00ebshtet integrimin e Kosov\u00ebs n\u00eb NATO, an\u00ebtar\u00ebsimin n\u00eb K\u00ebshillin e Europ\u00ebs dhe n\u00eb Kart\u00ebn e Adriatikut, A5.<\/em><\/span><\/p>\n<p style=\"text-align: left;\"><em>Me mb\u00ebshtetjen e ShBA dhe BE, aleat\u00ebve strategjik t\u00eb kombit shqiptar, e ardhmja evropiane e Kosov\u00ebs \u00ebsht\u00eb e sigurt.<\/em><\/p>\n<p><em>Dialogu mes Kosov\u00ebs dhe Serbis\u00eb, i leht\u00ebsuar nga BE, \u00ebsht\u00eb rruga e vetme drejt paqes, siguris\u00eb dhe stabilitetit n\u00eb rajon.<\/em><\/p>\n","protected":false,"gt_translate_keys":[{"key":"rendered","format":"html"}]},"excerpt":{"rendered":"<p>Kryetarja e Kuvendit Lindita Nikolla, ka p\u00ebrsh\u00ebndetur Dit\u00ebn e Pavar\u00ebsis\u00eb s\u00eb Kosov\u00ebs. N\u00eb nj\u00eb mesazh t\u00eb ndar\u00eb n\u00eb rrjetet sociale ajo shprehet se shpallja e Pavar\u00ebsis\u00eb \u00ebsht\u00eb j\u00eb ngjarje historike jo vet\u00ebm p\u00ebr Kosov\u00ebn, por p\u00ebr t\u00eb gjith\u00eb kombin shqiptar. Po ashtu thekson se vendi jon\u00eb mb\u00ebshtet an\u00ebtar\u00ebsimin e Kosov\u00ebs n\u00eb NATO dhe KiE, teksa [&hellip;]<\/p>\n","protected":false,"gt_translate_keys":[{"key":"rendered","format":"html"}]},"author":4,"featured_media":654896,"comment_status":"closed","ping_status":"open","sticky":false,"template":"","format":"standard","meta":{"footnotes":""},"categories":[149,65],"tags":[],"class_list":["post-654895","post","type-post","status-publish","format-standard","has-post-thumbnail","hentry","category-kosoverajon","category-lajme"],"gt_translate_keys":[{"key":"link","format":"url"}],"_links":{"self":[{"href":"https:\/\/www.hashtag.al\/index.php\/wp-json\/wp\/v2\/posts\/654895","targetHints":{"allow":["GET"]}}],"collection":[{"href":"https:\/\/www.hashtag.al\/index.php\/wp-json\/wp\/v2\/posts"}],"about":[{"href":"https:\/\/www.hashtag.al\/index.php\/wp-json\/wp\/v2\/types\/post"}],"author":[{"embeddable":true,"href":"https:\/\/www.hashtag.al\/index.php\/wp-json\/wp\/v2\/users\/4"}],"replies":[{"embeddable":true,"href":"https:\/\/www.hashtag.al\/index.php\/wp-json\/wp\/v2\/comments?post=654895"}],"version-history":[{"count":0,"href":"https:\/\/www.hashtag.al\/index.php\/wp-json\/wp\/v2\/posts\/654895\/revisions"}],"wp:featuredmedia":[{"embeddable":true,"href":"https:\/\/www.hashtag.al\/index.php\/wp-json\/wp\/v2\/media\/654896"}],"wp:attachment":[{"href":"https:\/\/www.hashtag.al\/index.php\/wp-json\/wp\/v2\/media?parent=654895"}],"wp:term":[{"taxonomy":"category","embeddable":true,"href":"https:\/\/www.hashtag.al\/index.php\/wp-json\/wp\/v2\/categories?post=654895"},{"taxonomy":"post_tag","embeddable":true,"href":"https:\/\/www.hashtag.al\/index.php\/wp-json\/wp\/v2\/tags?post=654895"}],"curies":[{"name":"wp","href":"https:\/\/api.w.org\/{rel}","templated":true}]}}