{"id":654841,"date":"2024-02-16T23:29:54","date_gmt":"2024-02-16T22:29:54","guid":{"rendered":"https:\/\/www.hashtag.al\/?p=654841"},"modified":"2024-02-16T23:55:40","modified_gmt":"2024-02-16T22:55:40","slug":"ciftet-greke-te-te-njejtit-seks-garojne-per-tu-martuar-pas-miratimit-historik-ne-parlament","status":"publish","type":"post","link":"https:\/\/www.hashtag.al\/index.php\/2024\/02\/16\/ciftet-greke-te-te-njejtit-seks-garojne-per-tu-martuar-pas-miratimit-historik-ne-parlament\/","title":{"rendered":"\u00c7iftet greke t\u00eb t\u00eb nj\u00ebjtit seks rendin p\u00ebr t&#8217;u martuar pas vot\u00ebs historike n\u00eb parlament","gt_translate_keys":[{"key":"rendered","format":"text"}]},"content":{"rendered":"<p><span style=\"color: #000000;\"><img loading=\"lazy\" decoding=\"async\" class=\"aligncenter size-full wp-image-654842\" src=\"https:\/\/www.hashtag.al\/wp-content\/uploads\/2024\/02\/GFGPNHSWWZJHDJVQ3ZBHAQISKE-ezgif.com-avif-to-jpg-converter.jpg\" alt=\"\" width=\"960\" height=\"640\" srcset=\"https:\/\/www.hashtag.al\/wp-content\/uploads\/2024\/02\/GFGPNHSWWZJHDJVQ3ZBHAQISKE-ezgif.com-avif-to-jpg-converter.jpg 960w, https:\/\/www.hashtag.al\/wp-content\/uploads\/2024\/02\/GFGPNHSWWZJHDJVQ3ZBHAQISKE-ezgif.com-avif-to-jpg-converter-300x200.jpg 300w, https:\/\/www.hashtag.al\/wp-content\/uploads\/2024\/02\/GFGPNHSWWZJHDJVQ3ZBHAQISKE-ezgif.com-avif-to-jpg-converter-768x512.jpg 768w\" sizes=\"auto, (max-width: 960px) 100vw, 960px\" \/><\/span><\/p>\n<p><span style=\"color: #000000;\">Yolanda Kalantzi dhe Georgia Ampatzidou u puth\u00ebn kur ligjv\u00ebn\u00ebsit grek\u00eb votuan p\u00ebr t\u00eb lejuar martesat civile t\u00eb t\u00eb nj\u00ebjtit seks dhe m\u00eb pas iu bashkuan \u00e7ifteve t\u00eb tjer\u00eb t\u00eb premten duke b\u00ebr\u00eb plane p\u00ebr dit\u00ebt e tyre t\u00eb m\u00ebdha.<\/span><\/p>\n<p><span style=\"color: #000000;\">Projektligji historik q\u00eb parlamenti miratoi brenda nat\u00ebs gjithashtu lejoi \u00e7iftet e t\u00eb nj\u00ebjtit seks t\u00eb bir\u00ebsojn\u00eb f\u00ebmij\u00eb, \u00a0nj\u00eb tjet\u00ebr hap me r\u00ebnd\u00ebsi p\u00ebr \u00e7iftet n\u00eb fjal\u00eb, shkruan <span style=\"color: #0000ff;\"><a style=\"color: #0000ff;\" href=\"https:\/\/www.reuters.com\/world\/europe\/greek-same-sex-couples-race-wed-after-historic-vote-2024-02-16\/\">Reuters<\/a><\/span>.<\/span><\/p>\n<p><span style=\"color: #000000;\"><em>&#8220;Kur d\u00ebgjuam se ligji u miratua, ne u prek\u00ebm thell\u00eb,&#8221;<\/em> tha Kalantzi, i cili me Ampatzidou kishte udh\u00ebtuar 500 km p\u00ebr t\u00eb qen\u00eb brenda parlamentit p\u00ebr votimin.<\/span><\/p>\n<p><span style=\"color: #000000;\">\u00c7ifti tashm\u00eb kan\u00eb rezervuar nj\u00eb DJ dhe nj\u00eb fotograf p\u00ebr dasm\u00ebn e tyre n\u00eb maj.<\/span><\/p>\n<p><span style=\"color: #000000;\">Vota e b\u00ebn Greqin\u00eb socialisht konservatore nj\u00eb nga vendet e para t\u00eb krishtera ortodokse q\u00eb lejon bashkime t\u00eb tilla.<\/span><\/p>\n<p><span style=\"color: #000000;\"><em>&#8220;Ky \u00ebsht\u00eb nj\u00eb \u00e7ast historik p\u00ebr t\u00eb drejtat e njeriut, duke pasqyruar Greqin\u00eb e sotme, nj\u00eb vend p\u00ebrparimtar dhe demokratik, i p\u00ebrkushtuar me pasion ndaj vlerave evropiane,&#8221;<\/em> tha kryeministri Kyriakos Mitsotakis. Ai u kishte k\u00ebrkuar ligjv\u00ebn\u00ebsve q\u00eb ta miratonin projektligjin.<\/span><\/p>\n<p><span style=\"color: #000000;\">Ligji, i festuar nga dhjet\u00ebra njer\u00ebz n\u00eb rrug\u00ebt e Athin\u00ebs, por i kund\u00ebrshtuar nga Kisha Ortodokse dhe shum\u00eb politikan\u00eb t\u00eb krahut t\u00eb djatht\u00eb, do duhet disa dit\u00eb p\u00ebr t&#8217;u zyrtarizuar.<\/span><\/p>\n<p><span style=\"color: #000000;\">Votimi u mir\u00ebprit nga dhjet\u00ebra vende.<\/span><\/p>\n<p><span style=\"color: #000000;\"><em>\u201cNe e festojm\u00eb k\u00ebt\u00eb \u00e7ast historik s\u00eb bashku me popullin, parlamentin dhe qeverin\u00eb e Greqis\u00eb\u201d<\/em>, thuhej n\u00eb nj\u00eb deklarat\u00eb t\u00eb p\u00ebrbashk\u00ebt t\u00eb 28 ambasadave n\u00eb Greqi, nga Holanda n\u00eb Afrik\u00ebn e Jugut dhe Argjentin\u00eb.<\/span><\/p>\n","protected":false,"gt_translate_keys":[{"key":"rendered","format":"html"}]},"excerpt":{"rendered":"<p>Yolanda Kalantzi dhe Georgia Ampatzidou u puth\u00ebn kur ligjv\u00ebn\u00ebsit grek\u00eb votuan p\u00ebr t\u00eb lejuar martesat civile t\u00eb t\u00eb nj\u00ebjtit seks dhe m\u00eb pas iu bashkuan \u00e7ifteve t\u00eb tjer\u00eb t\u00eb premten duke b\u00ebr\u00eb plane p\u00ebr dit\u00ebt e tyre t\u00eb m\u00ebdha. Projektligji historik q\u00eb parlamenti miratoi brenda nat\u00ebs gjithashtu lejoi \u00e7iftet e t\u00eb nj\u00ebjtit seks t\u00eb bir\u00ebsojn\u00eb [&hellip;]<\/p>\n","protected":false,"gt_translate_keys":[{"key":"rendered","format":"html"}]},"author":51,"featured_media":654842,"comment_status":"closed","ping_status":"open","sticky":false,"template":"","format":"standard","meta":{"footnotes":""},"categories":[149],"tags":[],"class_list":["post-654841","post","type-post","status-publish","format-standard","has-post-thumbnail","hentry","category-kosoverajon"],"gt_translate_keys":[{"key":"link","format":"url"}],"_links":{"self":[{"href":"https:\/\/www.hashtag.al\/index.php\/wp-json\/wp\/v2\/posts\/654841","targetHints":{"allow":["GET"]}}],"collection":[{"href":"https:\/\/www.hashtag.al\/index.php\/wp-json\/wp\/v2\/posts"}],"about":[{"href":"https:\/\/www.hashtag.al\/index.php\/wp-json\/wp\/v2\/types\/post"}],"author":[{"embeddable":true,"href":"https:\/\/www.hashtag.al\/index.php\/wp-json\/wp\/v2\/users\/51"}],"replies":[{"embeddable":true,"href":"https:\/\/www.hashtag.al\/index.php\/wp-json\/wp\/v2\/comments?post=654841"}],"version-history":[{"count":0,"href":"https:\/\/www.hashtag.al\/index.php\/wp-json\/wp\/v2\/posts\/654841\/revisions"}],"wp:featuredmedia":[{"embeddable":true,"href":"https:\/\/www.hashtag.al\/index.php\/wp-json\/wp\/v2\/media\/654842"}],"wp:attachment":[{"href":"https:\/\/www.hashtag.al\/index.php\/wp-json\/wp\/v2\/media?parent=654841"}],"wp:term":[{"taxonomy":"category","embeddable":true,"href":"https:\/\/www.hashtag.al\/index.php\/wp-json\/wp\/v2\/categories?post=654841"},{"taxonomy":"post_tag","embeddable":true,"href":"https:\/\/www.hashtag.al\/index.php\/wp-json\/wp\/v2\/tags?post=654841"}],"curies":[{"name":"wp","href":"https:\/\/api.w.org\/{rel}","templated":true}]}}