{"id":654762,"date":"2024-02-16T19:52:01","date_gmt":"2024-02-16T18:52:01","guid":{"rendered":"https:\/\/www.hashtag.al\/?p=654762"},"modified":"2024-02-16T19:52:01","modified_gmt":"2024-02-16T18:52:01","slug":"balla-ne-zgjedhjet-e-2025-es-presim-rezultat-me-te-thelle","status":"publish","type":"post","link":"https:\/\/www.hashtag.al\/index.php\/2024\/02\/16\/balla-ne-zgjedhjet-e-2025-es-presim-rezultat-me-te-thelle\/","title":{"rendered":"Balla: N\u00eb zgjedhjet e 2025-\u00ebs presim rezultat m\u00eb t\u00eb thell\u00eb","gt_translate_keys":[{"key":"rendered","format":"text"}]},"content":{"rendered":"<p style=\"text-align: left;\"><span style=\"color: #000000;\"><img loading=\"lazy\" decoding=\"async\" class=\"size-full wp-image-654763 aligncenter\" src=\"https:\/\/www.hashtag.al\/wp-content\/uploads\/2024\/02\/1708106047_taulantballa.jpeg\" alt=\"\" width=\"780\" height=\"440\" srcset=\"https:\/\/www.hashtag.al\/wp-content\/uploads\/2024\/02\/1708106047_taulantballa.jpeg 780w, https:\/\/www.hashtag.al\/wp-content\/uploads\/2024\/02\/1708106047_taulantballa-300x169.jpeg 300w, https:\/\/www.hashtag.al\/wp-content\/uploads\/2024\/02\/1708106047_taulantballa-768x433.jpeg 768w\" sizes=\"auto, (max-width: 780px) 100vw, 780px\" \/><\/span><\/p>\n<p style=\"text-align: left;\"><span style=\"color: #000000;\">Ministri i Brendsh\u00ebm, Taulant Balla ka dh\u00ebn\u00eb nj\u00eb deklarat\u00eb p\u00ebr mediat nga Fieri ku ka zhvilluar nj\u00eb takim me strukturat e partis\u00eb n\u00eb k\u00ebt\u00eb qytet, n\u00eb rolin e drejtuesit politik t\u00eb qarkut.<\/span><\/p>\n<p style=\"text-align: left;\"><span style=\"color: #000000;\">Balla tha se Fieri \u00ebsht\u00eb bashkia me numrin m\u00eb t\u00eb madh t\u00eb an\u00ebtar\u00ebve t\u00eb Partis\u00eb Socialiste dhe shtoi se takimet do t\u00eb jen\u00eb t\u00eb p\u00ebrjavshme n\u00eb aktivitete publike me sip\u00ebrmarr\u00ebs dhe profesionist\u00eb t\u00eb fushave t\u00eb ndryshme ku do t\u00eb diskutohet mbi problematika t\u00eb caktuara. Sipas Ball\u00ebs, PS synon q\u00eb n\u00eb zgjedhjet e ardhshme t\u00eb ket\u00eb fitore edhe m\u00eb t\u00eb thell\u00eb sesa ajo e p\u00ebrballjes s\u00eb fundit elektorale.<\/span><\/p>\n<p style=\"text-align: left;\"><span style=\"color: #000000;\"><em>\u201cProcesi i zgjedhjeve brenda PS \u00ebsht\u00eb nj\u00eb proces i r\u00ebnd\u00ebsish\u00ebm i forc\u00ebs m\u00eb t\u00eb madhe politike n\u00eb vend. Ky takim i sot\u00ebm i sh\u00ebrbeu pik\u00ebrisht nj\u00eb konsulte me gjith\u00eb drejtuesit e organizatave t\u00eb PS n\u00eb t\u00eb gjith\u00eb Fierin. <\/em><\/span><\/p>\n<p style=\"text-align: left;\"><span style=\"color: #000000;\"><em>Mos harroni q\u00eb Fieri mbetet bashkia me numrin m\u00eb t\u00eb madh t\u00eb an\u00ebtar\u00ebve t\u00eb PS. <\/em><\/span><\/p>\n<p style=\"text-align: left;\"><span style=\"color: #000000;\"><em>Si e till\u00eb na duhet q\u00eb gjat\u00eb k\u00ebtij procesi, deri n\u00eb 20 prill, kur ne duhet t\u00eb kemi zgjedhjen p\u00ebrmes sistemit \u201cnj\u00eb an\u00ebtar nj\u00eb vot\u00eb\u201d t\u00eb delegat\u00ebve t\u00eb kongresit t\u00eb PS, jo vet\u00ebm q\u00eb t\u00eb plot\u00ebsojm\u00eb nevojat e t\u00eb gjitha atyre nj\u00ebsive, pra organizatave me prurje t\u00eb reja, m\u00eb an\u00ebtar\u00eb t\u00eb rinj. <\/em><\/span><\/p>\n<p style=\"text-align: left;\"><span style=\"color: #000000;\"><em>Por \u00ebsht\u00eb shum\u00eb e r\u00ebnd\u00ebsishme q\u00eb ky proces t\u00eb sh\u00ebrbej\u00eb edhe si nj\u00eb ftes\u00eb publike drejtuar t\u00eb gjith\u00eb profesionist\u00ebve dhe kujtdo q\u00eb ka d\u00ebshir\u00eb t\u00eb b\u00ebhet pjes\u00eb e an\u00ebtar\u00ebsis\u00eb s\u00eb PS. <\/em><\/span><\/p>\n<p style=\"text-align: left;\"><span style=\"color: #000000;\"><em>Do t\u00eb kemi me ju komunikime, pothuajse t\u00eb p\u00ebrjavshme sepse do t\u00eb kemi aktivitete publike me sip\u00ebrmarrjen, me profesionist\u00ebt e fushave t\u00eb ndryshme, me bujqit, jo vet\u00ebm p\u00ebr t\u00eb diskutuar problematikat por edhe p\u00ebr t\u00eb krijuar nj\u00eb aleanc\u00eb mes PS Fier dhe t\u00eb gjith\u00eb k\u00ebtyre grupimeve, p\u00ebr t\u2019u b\u00ebr\u00eb gati p\u00ebr sfid\u00ebn e ardhshme zgjedhore. <\/em><\/span><\/p>\n<p style=\"text-align: left;\"><span style=\"color: #000000;\"><em>Synimi i PS \u00ebsht\u00eb nj\u00eb fitore m\u00eb e thell\u00eb se ajo q\u00eb kishim n\u00eb p\u00ebrballjen ton\u00eb t\u00eb fundit elektorale\u201d- u shpreh Balla.<\/em><\/span><\/p>\n<p style=\"text-align: left;\"><span style=\"color: #000000;\">Ministri n\u00ebnvizoi se PS n\u00eb \u00e7do pal\u00eb zgjedhje, ka marr\u00eb m\u00eb shum\u00eb vota sesa n\u00eb zgjedhjet pararend\u00ebse, duke shtuar se ka m\u00eb shum\u00eb energji n\u00eb m\u00ebnyr\u00eb q\u00eb rezultati n\u00eb zgjedhjet parlamentare t\u00eb 2025-\u00ebs t\u00eb jet\u00eb edhe m\u00eb i mir\u00eb sesa ai i zgjedhjeve t\u00eb kaluara.<\/span><\/p>\n<p style=\"text-align: left;\"><span style=\"color: #000000;\"><em>\u201cPushteti, ose forca q\u00eb ka shumic\u00ebn n\u00eb Kuvend, caktohet vet\u00ebm me zgjedhje dhe me vot\u00ebn e qytetar\u00ebve shqiptar\u00eb. N\u00ebse i hidhni nj\u00eb sy rezultateve zgjedhore, PS, n\u00eb \u00e7do pal\u00eb zgjedhje, ka marr\u00eb m\u00eb shum\u00eb vota sesa n\u00eb zgjedhjet pararend\u00ebse. <\/em><\/span><\/p>\n<p style=\"text-align: left;\"><span style=\"color: #000000;\"><em>Pra kemi marr\u00eb m\u00eb shum\u00eb vota n\u00eb vitin 2017 se n\u00eb vitin 2013, m\u00eb shum\u00eb vota n\u00eb 2021 sesa n\u00eb 2017, dhe prandaj ky organizim dhe ky masivitet q\u00eb shikoni sot k\u00ebtu lidhet pik\u00ebrisht me p\u00ebrpjekjen q\u00eb PS, n\u00eb zgjedhjet e vitit 2025, maksimalisht, t\u00eb kemi nj\u00eb rezultat m\u00eb t\u00eb mir\u00eb zgjedhor se ai q\u00eb kemi pasur. <\/em><\/span><\/p>\n<p style=\"text-align: left;\"><span style=\"color: #000000;\"><em>K\u00ebshtu q\u00eb un\u00eb nuk shoh kurrsesi lodhje, por shoh m\u00eb shum\u00eb energji dhe nevoj\u00eb p\u00ebr ta dinamizuar PS\u201d- shtoi ministri.<\/em><\/span><\/p>\n<p style=\"text-align: left;\"><span style=\"color: #000000;\">I pyetur n\u00ebse i shohin si sfid\u00eb nga Sali Berisha daljet e tij n\u00eb ballkon para militant\u00ebve, Balla tha se nuk q\u00ebndron nj\u00eb gj\u00eb e till\u00eb por theksoi se ajo q\u00eb b\u00ebn ish-kryeministri \u00ebsht\u00eb e papranueshme sa i takon Kodit Penal n\u00eb Shqip\u00ebri pasi nj\u00eb personi q\u00eb \u00ebsht\u00eb n\u00eb arrest sht\u00ebpie nuk i lejohet komunikimi me persona t\u00eb tjer\u00eb p\u00ebrve\u00e7se ata familjar\u00eb.<\/span><\/p>\n<p style=\"text-align: left;\"><span style=\"color: #000000;\"><em>\u201cUn\u00eb k\u00ebt\u00eb gj\u00eb e kam quajtur t\u00eb papranueshme n\u00eb interpretimin e k\u00ebsaj; ju ato i mbani mend m\u00eb mir\u00eb se un\u00eb edhe ato q\u00eb un\u00eb komunikoj k\u00ebtu me ju n\u00eb leximin fjal\u00eb p\u00ebr fjal\u00eb dhe g\u00ebrm\u00eb p\u00ebr g\u00ebrm\u00eb t\u00eb asaj q\u00eb parashikon Kodi Penal n\u00eb Shqip\u00ebri. Meq\u00eb jam n\u00eb nj\u00eb aktivitet politik, uroj q\u00eb k\u00ebt\u00eb q\u00eb thoni ju, ta b\u00ebj\u00eb p\u00ebrdit\u00eb, sepse qejfi na b\u00ebhet!\u201d- tha Balla.<\/em><\/span><\/p>\n","protected":false,"gt_translate_keys":[{"key":"rendered","format":"html"}]},"excerpt":{"rendered":"<p>Ministri i Brendsh\u00ebm, Taulant Balla ka dh\u00ebn\u00eb nj\u00eb deklarat\u00eb p\u00ebr mediat nga Fieri ku ka zhvilluar nj\u00eb takim me strukturat e partis\u00eb n\u00eb k\u00ebt\u00eb qytet, n\u00eb rolin e drejtuesit politik t\u00eb qarkut. Balla tha se Fieri \u00ebsht\u00eb bashkia me numrin m\u00eb t\u00eb madh t\u00eb an\u00ebtar\u00ebve t\u00eb Partis\u00eb Socialiste dhe shtoi se takimet do t\u00eb jen\u00eb [&hellip;]<\/p>\n","protected":false,"gt_translate_keys":[{"key":"rendered","format":"html"}]},"author":4,"featured_media":654763,"comment_status":"closed","ping_status":"open","sticky":false,"template":"","format":"standard","meta":{"footnotes":""},"categories":[65],"tags":[],"class_list":["post-654762","post","type-post","status-publish","format-standard","has-post-thumbnail","hentry","category-lajme"],"gt_translate_keys":[{"key":"link","format":"url"}],"_links":{"self":[{"href":"https:\/\/www.hashtag.al\/index.php\/wp-json\/wp\/v2\/posts\/654762","targetHints":{"allow":["GET"]}}],"collection":[{"href":"https:\/\/www.hashtag.al\/index.php\/wp-json\/wp\/v2\/posts"}],"about":[{"href":"https:\/\/www.hashtag.al\/index.php\/wp-json\/wp\/v2\/types\/post"}],"author":[{"embeddable":true,"href":"https:\/\/www.hashtag.al\/index.php\/wp-json\/wp\/v2\/users\/4"}],"replies":[{"embeddable":true,"href":"https:\/\/www.hashtag.al\/index.php\/wp-json\/wp\/v2\/comments?post=654762"}],"version-history":[{"count":0,"href":"https:\/\/www.hashtag.al\/index.php\/wp-json\/wp\/v2\/posts\/654762\/revisions"}],"wp:featuredmedia":[{"embeddable":true,"href":"https:\/\/www.hashtag.al\/index.php\/wp-json\/wp\/v2\/media\/654763"}],"wp:attachment":[{"href":"https:\/\/www.hashtag.al\/index.php\/wp-json\/wp\/v2\/media?parent=654762"}],"wp:term":[{"taxonomy":"category","embeddable":true,"href":"https:\/\/www.hashtag.al\/index.php\/wp-json\/wp\/v2\/categories?post=654762"},{"taxonomy":"post_tag","embeddable":true,"href":"https:\/\/www.hashtag.al\/index.php\/wp-json\/wp\/v2\/tags?post=654762"}],"curies":[{"name":"wp","href":"https:\/\/api.w.org\/{rel}","templated":true}]}}