{"id":654736,"date":"2024-02-16T18:24:03","date_gmt":"2024-02-16T17:24:03","guid":{"rendered":"https:\/\/www.hashtag.al\/?p=654736"},"modified":"2024-02-16T18:25:30","modified_gmt":"2024-02-16T17:25:30","slug":"vdekja-e-alexei-navalny-reagon-kryetari-i-parlamentit-rus-fajtoret-jane-sekretari-i-nato-s-te-scholz-sunak-dhe-zelensky","status":"publish","type":"post","link":"https:\/\/www.hashtag.al\/index.php\/2024\/02\/16\/vdekja-e-alexei-navalny-reagon-kryetari-i-parlamentit-rus-fajtoret-jane-sekretari-i-nato-s-te-scholz-sunak-dhe-zelensky\/","title":{"rendered":"Vdekja e Alexei Navalny, reagon kryetari i Parlamentit rus: Fajtor\u00ebt jan\u00eb Sekretari i NATO-s, Scholz, Sunak dhe Zelensky","gt_translate_keys":[{"key":"rendered","format":"text"}]},"content":{"rendered":"<p><img loading=\"lazy\" decoding=\"async\" class=\"size-full wp-image-654737 aligncenter\" src=\"https:\/\/www.hashtag.al\/wp-content\/uploads\/2024\/02\/777778745-768x419-1.jpg\" alt=\"\" width=\"768\" height=\"419\" srcset=\"https:\/\/www.hashtag.al\/wp-content\/uploads\/2024\/02\/777778745-768x419-1.jpg 768w, https:\/\/www.hashtag.al\/wp-content\/uploads\/2024\/02\/777778745-768x419-1-300x164.jpg 300w\" sizes=\"auto, (max-width: 768px) 100vw, 768px\" \/><\/p>\n<p style=\"text-align: left;\"><span style=\"color: #000000;\">Pas lajmit p\u00ebr vdekjen n\u00eb burg t\u00eb liderit t\u00eb opozit\u00ebs ruse, Alexei Navalny, ka reaguar kryetari i Parlamentit n\u00eb Rusi.<\/span><\/p>\n<p style=\"text-align: left;\"><span style=\"color: #000000;\">Vyacheslav Volodin ka b\u00ebr\u00eb fajtor lider\u00ebt m\u00eb t\u00eb lart\u00eb t\u00eb Per\u00ebndimit, duke th\u00ebn\u00eb se ata kan\u00eb marr\u00eb nj\u00eb num\u00ebr t\u00eb madh \u201cvendimesh t\u00eb d\u00ebshtuara dhe jan\u00eb kapur pas pozicioneve t\u00eb tyre q\u00eb p\u00ebrfitojn\u00eb nga vdekja e tij\u201d.<\/span><\/p>\n<p style=\"text-align: left;\"><span style=\"color: #000000;\"><em>\u201cT\u00eb gjith\u00eb ata, emrat e tyre jan\u00eb t\u00eb njohur, nga sekretari i p\u00ebrgjithsh\u00ebm i NATO-s dhe lidershipi i SHBA-s\u00eb deri te Scholz, Sunak dhe Zelensky, jan\u00eb fajtor\u00eb p\u00ebr vdekjen e Navalny-t. Jan\u00eb ata q\u00eb kan\u00eb marr\u00eb nj\u00eb num\u00ebr t\u00eb madh vendimesh t\u00eb d\u00ebshtuara dhe jan\u00eb kapur pas pozicioneve t\u00eb tyre q\u00eb p\u00ebrfitojn\u00eb nga vdekja e tij\u201d,<\/em> tha ai n\u00eb kanalin e tij Telegram.<\/span><\/p>\n","protected":false,"gt_translate_keys":[{"key":"rendered","format":"html"}]},"excerpt":{"rendered":"<p>Pas lajmit p\u00ebr vdekjen n\u00eb burg t\u00eb liderit t\u00eb opozit\u00ebs ruse, Alexei Navalny, ka reaguar kryetari i Parlamentit n\u00eb Rusi. Vyacheslav Volodin ka b\u00ebr\u00eb fajtor lider\u00ebt m\u00eb t\u00eb lart\u00eb t\u00eb Per\u00ebndimit, duke th\u00ebn\u00eb se ata kan\u00eb marr\u00eb nj\u00eb num\u00ebr t\u00eb madh \u201cvendimesh t\u00eb d\u00ebshtuara dhe jan\u00eb kapur pas pozicioneve t\u00eb tyre q\u00eb p\u00ebrfitojn\u00eb nga vdekja [&hellip;]<\/p>\n","protected":false,"gt_translate_keys":[{"key":"rendered","format":"html"}]},"author":4,"featured_media":654737,"comment_status":"closed","ping_status":"open","sticky":false,"template":"","format":"standard","meta":{"footnotes":""},"categories":[6],"tags":[],"class_list":["post-654736","post","type-post","status-publish","format-standard","has-post-thumbnail","hentry","category-nderkombetare"],"gt_translate_keys":[{"key":"link","format":"url"}],"_links":{"self":[{"href":"https:\/\/www.hashtag.al\/index.php\/wp-json\/wp\/v2\/posts\/654736","targetHints":{"allow":["GET"]}}],"collection":[{"href":"https:\/\/www.hashtag.al\/index.php\/wp-json\/wp\/v2\/posts"}],"about":[{"href":"https:\/\/www.hashtag.al\/index.php\/wp-json\/wp\/v2\/types\/post"}],"author":[{"embeddable":true,"href":"https:\/\/www.hashtag.al\/index.php\/wp-json\/wp\/v2\/users\/4"}],"replies":[{"embeddable":true,"href":"https:\/\/www.hashtag.al\/index.php\/wp-json\/wp\/v2\/comments?post=654736"}],"version-history":[{"count":0,"href":"https:\/\/www.hashtag.al\/index.php\/wp-json\/wp\/v2\/posts\/654736\/revisions"}],"wp:featuredmedia":[{"embeddable":true,"href":"https:\/\/www.hashtag.al\/index.php\/wp-json\/wp\/v2\/media\/654737"}],"wp:attachment":[{"href":"https:\/\/www.hashtag.al\/index.php\/wp-json\/wp\/v2\/media?parent=654736"}],"wp:term":[{"taxonomy":"category","embeddable":true,"href":"https:\/\/www.hashtag.al\/index.php\/wp-json\/wp\/v2\/categories?post=654736"},{"taxonomy":"post_tag","embeddable":true,"href":"https:\/\/www.hashtag.al\/index.php\/wp-json\/wp\/v2\/tags?post=654736"}],"curies":[{"name":"wp","href":"https:\/\/api.w.org\/{rel}","templated":true}]}}