{"id":654412,"date":"2024-02-15T14:59:22","date_gmt":"2024-02-15T13:59:22","guid":{"rendered":"https:\/\/www.hashtag.al\/?p=654412"},"modified":"2024-02-15T17:27:16","modified_gmt":"2024-02-15T16:27:16","slug":"antony-blinken-ne-shqiperi-vizita-historike-8-oreshe-e-sekretarit-te-shtetit-cfare-ka-ndodhur-deri-tani","status":"publish","type":"post","link":"https:\/\/www.hashtag.al\/index.php\/2024\/02\/15\/antony-blinken-ne-shqiperi-vizita-historike-8-oreshe-e-sekretarit-te-shtetit-cfare-ka-ndodhur-deri-tani\/","title":{"rendered":"Antony Blinken n\u00eb Shqip\u00ebri, vizita historike 8 or\u00ebshe e Sekretarit t\u00eb Shtetit, \u00e7far\u00eb ka ndodhur deri tani","gt_translate_keys":[{"key":"rendered","format":"text"}]},"content":{"rendered":"<p><span style=\"color: #000000;\"><a style=\"color: #000000;\" href=\"https:\/\/www.hashtag.al\/wp-content\/uploads\/2024\/02\/1707996004_18-1.jpeg\"><img loading=\"lazy\" decoding=\"async\" class=\"aligncenter size-full wp-image-654418\" src=\"https:\/\/www.hashtag.al\/wp-content\/uploads\/2024\/02\/1707996004_18-1.jpeg\" alt=\"\" width=\"1280\" height=\"853\" srcset=\"https:\/\/www.hashtag.al\/wp-content\/uploads\/2024\/02\/1707996004_18-1.jpeg 1280w, https:\/\/www.hashtag.al\/wp-content\/uploads\/2024\/02\/1707996004_18-1-300x200.jpeg 300w, https:\/\/www.hashtag.al\/wp-content\/uploads\/2024\/02\/1707996004_18-1-1024x682.jpeg 1024w, https:\/\/www.hashtag.al\/wp-content\/uploads\/2024\/02\/1707996004_18-1-768x512.jpeg 768w\" sizes=\"auto, (max-width: 1280px) 100vw, 1280px\" \/><\/a><\/span><\/p>\n<p><span style=\"color: #000000;\">Sekretari Amerikan i Shtetit Antony Blinken zbriti sot n\u00eb tok\u00ebn shqiptare n\u00eb or\u00ebn \u00a011: 26 minuta p\u00ebr t\u00eb zhvilluar vizit\u00ebn e tij zyrtare n\u00eb Tiran\u00eb.<\/span><\/p>\n<p><span style=\"color: #000000;\">Sekretari u prit n\u00eb aeroportin \u201cN\u00ebn\u00eb Tereza\u201d nga ministri i Jasht\u00ebm Igli Hasani dhe i deleguari me pun\u00eb i ambasad\u00ebs amerikane n\u00eb Tiran\u00eb.<\/span><\/p>\n<p><span style=\"color: #000000;\">Vizita q\u00eb \u00ebsht\u00eb parashikuar t\u00eb zgjas\u00eb 8 or\u00eb, pritet t\u00eb ket\u00eb takime me presidentin Bajram Begaj, Kryeministrin Edi Rama, drejtues t\u00eb sistemit t\u00eb drejt\u00ebsis\u00eb dhe komunitetin e ambasad\u00ebs. Gjithashtu Blinken do t\u00eb marr\u00eb pjes\u00eb n\u00eb nj\u00eb aktivitet t\u00eb ve\u00e7ant\u00eb rinor te Piramida e Tiran\u00ebs. Po ashtu Blinken do t\u00eb ket\u00eb dhe nj\u00eb takim e emigrant\u00eb afgan\u00eb p\u00ebr pajisjen e tyre me viza speciale.<\/span><\/p>\n<p><span style=\"color: #000000;\">Sipas DASH, vizita do t\u00eb p\u00ebrqendrohet pik\u00ebrisht tek e ardhmja e Shqip\u00ebris\u00eb dhe e Ballkanit Per\u00ebndimor.<\/span><\/p>\n<p><span style=\"color: #000000;\">Bashk\u00eb me Sekretarin Blinken, e pranishme \u00ebsht\u00eb edhe ish ambasdorja e SHBA-ve n\u00eb vendin ton\u00eb, zonja Yuri Kim, e cila mban rolin e Z\u00ebvend\u00ebs ndihm\u00ebs sekretarja e Shtetit p\u00ebr \u00c7\u00ebshtjet e Evrop\u00ebs dhe Euroazis\u00eb n\u00eb Departamentin Amerikan t\u00eb Shtetit.<\/span><\/p>\n<p><span style=\"color: #000000;\">Menj\u00ebher\u00eb pas mb\u00ebrritjes s\u00eb sekretarit amerikan n\u00eb Shtetit Antony Blinken n\u00eb Shqip\u00ebri, ministri i Jasht\u00ebm Igli Hasani i ka shprehur mir\u00ebseardhjen. Hasani theksoi r\u00ebnd\u00ebsin\u00eb e partneritetit t\u00eb bashk\u00ebpunimit strategjik t\u00eb Shqip\u00ebris\u00eb me SHBA-n\u00eb, ku shton se vet\u00ebm do t\u00eb forcohet.<\/span><\/p>\n<p><span style=\"color: #000000;\"><em>\u2018Mir\u00eb se erdhe Antony! Me k\u00ebnaq\u00ebsi t\u00eb mir\u00ebpres Sekretarin e Shtetit Antony Blinken n\u00eb vizit\u00ebn e tij t\u00eb par\u00eb zyrtare n\u00eb Shqip\u00ebri.<\/em><\/span><\/p>\n<p><span style=\"color: #000000;\"><em>Partneriteti dhe bashk\u00ebpunimi strategjik i Shqip\u00ebris\u00eb me SHBA-n\u00eb, aleatin ton\u00eb t\u00eb kahersh\u00ebm, vet\u00ebm sa do t\u00eb forcohet, i nd\u00ebrtuar mbi nj\u00eb themel t\u00eb fort\u00eb midis vendeve dhe njer\u00ebzve tan\u00eb.<\/em><\/span><\/p>\n<p><span style=\"color: #000000;\"><em>I jam jasht\u00ebzakonisht mir\u00ebnjoh\u00ebs Sekretarit Blinken p\u00ebr mb\u00ebshtetjen dhe bashk\u00ebpunimin e tij t\u00eb pa\u00e7muar.\u2019<\/em>&#8211; shkruan Hasani.<\/span><\/p>\n<p><span style=\"color: #000000;\"><img decoding=\"async\" src=\"https:\/\/shqiptarja.com\/uploads\/1707996004_11.jpeg\" \/><\/span><\/p>\n<p><span style=\"color: #000000;\"><img decoding=\"async\" src=\"https:\/\/shqiptarja.com\/uploads\/1707996004_15.jpeg\" \/><\/span><\/p>\n<p><span style=\"color: #000000;\">Edhe Ambasada amerikane n\u00eb Tiran\u00eb n\u00ebp\u00ebrmjet nj\u00eb statusi reagoi p\u00ebr k\u00ebt\u00eb vizit\u00eb n\u00ebp\u00ebrmjet rrjeteve sociale, ku e cil\u00ebsoi si historike k\u00ebt\u00eb vizit\u00eb dhe b\u00ebri me dije axhend\u00ebn e Sekretarit t\u00eb Shtetit.<\/span><\/p>\n<p><span style=\"color: #000000;\"><em>\u201c\ud83c\udde6\ud83c\uddf1 Mir\u00eb se vjen n\u00eb Shqip\u00ebri, Sekretari Blinken!<\/em><\/span><\/p>\n<p><span style=\"color: #000000;\"><em>Gjat\u00eb vizit\u00ebs s\u00eb tij t\u00eb par\u00eb n\u00eb Shqip\u00ebri, Sekretari i Shtetit i SHBA, Antony Blinken do t\u00eb takohet me Presidentin Bajram Begaj, Kryeministrin Edi Rama dhe do t\u00eb marr\u00eb pjes\u00eb n\u00eb nj\u00eb aktivitet t\u00eb ve\u00e7ant\u00eb rinor te Piramida e Tiran\u00ebs, p\u00ebr t\u00eb festuar t\u00eb ardhmen e marr\u00ebdh\u00ebnieve SHBA-Shqip\u00ebri. Ai do t\u00eb takohet gjithashtu me drejtues t\u00eb sistemit t\u00eb drejt\u00ebsis\u00eb dhe komunitetin e ambasad\u00ebs.<\/em><\/span><\/p>\n<p><span style=\"color: #000000;\"><em>Na ndiqni p\u00ebrgjat\u00eb k\u00ebsaj vizite historike.\u201d<\/em> shkruan Ambasada amerikane n\u00eb Tiran\u00eb.<\/span><\/p>\n<p><span style=\"color: #000000;\">Pasi zhvilloi takimin e par\u00eb n\u00eb me disa p\u00ebrfaq\u00ebsues t\u00eb familjeve afgane t\u00eb cilat strehohen n\u00eb Shqip\u00ebri pasi i ik\u00ebn taleban\u00ebve n\u00eb Afganistan, Blinken u drejtua p\u00ebr n\u00eb presidenc\u00eb ku u takua me presidentin Bajram Begaj.<\/span><\/p>\n<p><span style=\"color: #000000;\"><img decoding=\"async\" src=\"https:\/\/www.hashtag.al\/wp-content\/uploads\/2024\/02\/begaj-blinken.jpeg\" \/><\/span><\/p>\n<p>&nbsp;<\/p>\n<p><span style=\"color: #000000;\">Presidenti Begaj e cil\u00ebsoi shum\u00eb t\u00eb r\u00ebnd\u00ebsishme k\u00ebt\u00eb vizit\u00eb dhe u shpreh se ajo \u00ebsht\u00eb nj\u00eb\u00a0 demostrim <em>\u201cse partneriteti yn\u00eb strategjik \u00ebsht\u00eb m\u00eb i fort\u00eb se kurr\u00eb.\u201d<\/em><\/span><\/p>\n<p><span style=\"color: #000000;\"><em>\u201cJemi fal\u00ebnderues p\u00ebr at\u00eb q\u00eb SHBA kan\u00eb b\u00ebr\u00eb dhe Ju po b\u00ebni p\u00ebr demokracin\u00eb shqiptare, sundimin e ligjit, ve\u00e7an\u00ebrisht reform\u00ebn n\u00eb drejt\u00ebsi, mbrojtjen, sigurin\u00eb dhe sigurin\u00eb kibernetike, arsimimin dhe ekonomin\u00eb p\u00ebrmes programeve t\u00eb ndryshme mb\u00ebshtet\u00ebse\u201d-<\/em> deklaroi Presidenti gjat\u00eb bised\u00ebs me Sekretarin Amerikan t\u00eb Shtetit.<\/span><\/p>\n<p><span style=\"color: #000000;\">Pas presidenc\u00ebs, sekretari Blinken u drejtua p\u00ebr tek Piramida ku e priste edhe Kryeministri Edi Rama t\u00eb cilit paradite iu desht t\u00eb ishte n\u00eb Bruksel.<\/span><\/p>\n<p><span style=\"color: #000000;\"><em>&#8216;Diktatori yn\u00eb p\u00ebr t\u00eb cilin kjo piramid\u00eb u nd\u00ebrtua dhe p\u00ebr t\u00eb cilin u dedikua si tempull i p\u00ebrjetsh\u00ebm po rrotullohet n\u00eb varrin e vet\u00eb sot&#8217;<\/em> tha Rama duke shprehur mir\u00ebnjohjen ndaj Blinken.<\/span><\/p>\n<p><span style=\"color: #000000;\">Nga ana e tij sekretari amerikan vler\u00ebsoi rolin e kryeministrit Rama.<\/span><\/p>\n<p><span style=\"color: #000000;\"><em>\u201c Mir\u00ebnjoh\u00ebs p\u00ebr partneritetin q\u00eb kemi, jo vet\u00ebm\u00a0 udh\u00ebheq\u00ebs i shquar dhe kryeminist\u00ebr shum\u00eb i mir\u00eb\u2019&#8217;<\/em> u shpreh Blinken.<\/span><\/p>\n<p><span style=\"color: #000000;\">Sekretari Amerikan i Shtetit, Antony Blinken u shpreh se \u00ebsht\u00eb krenar p\u00ebr partneritetin Shqip\u00ebri-SHBA n\u00eb mikpritjen e afgan\u00ebve q\u00eb u larguan nga Afganistani pasi pushtetin e mor\u00ebn taliban\u00ebt.<\/span><\/p>\n<p><span style=\"color: #000000;\"><a style=\"color: #000000;\" href=\"https:\/\/www.hashtag.al\/wp-content\/uploads\/2024\/02\/1708006499_ramablinken.jpg\"><img loading=\"lazy\" decoding=\"async\" class=\"aligncenter size-full wp-image-654435\" src=\"https:\/\/www.hashtag.al\/wp-content\/uploads\/2024\/02\/1708006499_ramablinken.jpg\" alt=\"\" width=\"780\" height=\"440\" srcset=\"https:\/\/www.hashtag.al\/wp-content\/uploads\/2024\/02\/1708006499_ramablinken.jpg 780w, https:\/\/www.hashtag.al\/wp-content\/uploads\/2024\/02\/1708006499_ramablinken-300x169.jpg 300w, https:\/\/www.hashtag.al\/wp-content\/uploads\/2024\/02\/1708006499_ramablinken-768x433.jpg 768w\" sizes=\"auto, (max-width: 780px) 100vw, 780px\" \/><\/a><\/span><\/p>\n<p><span style=\"color: #000000;\">Duke fal\u00ebnderuar Shqip\u00ebrin\u00eb p\u00ebr mikpritjen e afgan\u00ebve, Blinken tregoi edhe raste t\u00eb disa prej vajzave afgane t\u00eb cilat tanim\u00eb kan\u00eb arritur t\u00eb shkollohen dhe kan\u00eb ide p\u00ebr t\u00eb hapur bizneset e tyre.<\/span><\/p>\n<p><span style=\"color: #000000;\"><em>\u201cDisa prej jush keni mir\u00ebpritur familjet afgane dhe kjo tregon bujarin\u00eb e shqiptar\u00ebve dhe mir\u00ebpritjen.\u00a0 Nuk \u00ebsht\u00eb vet\u00ebm fakti q\u00eb ju po i prisni ato me krah\u00ebt hapur por edhe m\u00ebnyra sesi po i mir\u00ebprisni ata. Dua t\u2019ju them se ishte emocionuese p\u00ebr mua q\u00eb mes refugjat\u00ebve afgan\u00eb ishin 2 prind\u00ebr burr\u00eb e grua q\u00eb kishin 5 f\u00ebmij\u00eb dhe secili prej k\u00ebtyre 5 f\u00ebmij\u00ebve ishin num\u00ebr 1 t\u00eb klasat e tyre. Por kur taliban\u00ebt erdh\u00ebn n\u00eb fuqi, vajzat nuk mund t\u00eb shkonin n\u00eb shkoll\u00eb. Sidoqoft\u00eb ata u p\u00ebrpoq\u00ebn t\u00eb gjenin m\u00ebnyra p\u00ebr t\u2019u dh\u00ebn\u00eb m\u00ebsim vajzave t\u00eb tyre. Ato teksa kan\u00eb qen\u00eb n\u00eb Shqip\u00ebri, kan\u00eb m\u00ebsuar anglisht n\u00eb m\u00ebnyr\u00eb fluente. Nj\u00eb nga motrat do t\u00eb jet\u00eb n\u00eb sektorin e mod\u00ebs, tjetra n\u00eb sektorin e biznesit.<\/em><\/span><\/p>\n<p><span style=\"color: #000000;\"><em>Un\u00eb u dhash\u00eb ide q\u00eb t\u00eb mund t\u00eb punojn\u00eb n\u00eb biznesin e tyre p\u00ebr mod\u00ebn. Mund t\u00eb shikoni shpres\u00ebn e jasht\u00ebzakonshme n\u00eb syt\u00eb e tyre, shpres\u00eb q\u00eb ua hoq\u00ebn taliban\u00ebt po iu ringjall pasi erdh\u00ebn n\u00eb Shqip\u00ebri. Jam krenar p\u00ebr partneritetin ton\u00eb p\u00ebr t\u00eb ndihmuar afgan\u00ebt\u201d-<\/em> tha Blinken.<\/span><\/p>\n<p><span style=\"color: #000000;\">M\u00eb tej shprehu mir\u00ebnjohjen p\u00ebr mikpritjen q\u00eb Shqip\u00ebria tregoi ndaj afgan\u00ebve. Tek Piramida u takua dhe me Altin Dumanin kreu e SPAK, kryetaren e Gjykat\u00ebs Kushtetuese Holta Za\u00e7aj, Inspektori i Lart\u00eb i Drejtesis\u00eb Artur Metani, kryetari i gjykat\u00ebs s\u00eb Lart\u00eb Sokol Sadushi.<\/span><\/p>\n<p><span style=\"color: #000000;\">Tek Piramida, Blinken zhvilloi nj\u00eb takim me t\u00eb rinjt\u00eb t\u00eb cil\u00ebt kan\u00eb p\u00ebrfituar nga programet e ambasad\u00ebs amerikane. Ai u ndal n\u00eb fjal\u00ebn e tij p\u00ebr Dea Rrozhanin, studente shqiptare e cila ka krijuar aplikacionin kund\u00ebr dhun\u00ebs ndaj vajzave.<\/span><\/p>\n<p><span style=\"color: #000000;\">Teksa foli p\u00ebr arritjet e Shqip\u00ebris\u00eb, Sekretari Amerikan i Shtetit Antony Blinken p\u00ebrmedi edhe disa shembuj suksesi si k\u00ebng\u00ebtarja Dua Lipa, apo shefja e teknologjis\u00eb n\u00eb Open AI, Mira Murati.<\/span><\/p>\n<p><span style=\"color: #000000;\"><em>\u00a0\u201cAmerikan\u00eb t\u00eb rinj, po vall\u00ebzojn\u00eb gjith\u00eb nat\u00ebn me Dua Lip\u00ebn. Shefja e teknologjis\u00eb n\u00eb Open AI, nj\u00eb nga njer\u00ebzit q\u00eb po zhvillon Inteligjenc\u00ebn Artificiale \u00ebsht\u00eb shqiptarja Mira Murati. N\u00eb Nju Jork nj\u00eb nga restorantet m\u00eb t\u00eb mira \u00ebsht\u00eb restorant shqiptar. K\u00ebto jan\u00eb shembujt q\u00eb shpjegojn\u00eb di\u00e7ka shum\u00eb m\u00eb t\u00eb madhe. Kap\u00ebrcimi i Shqip\u00ebris\u00eb n\u00eb bot\u00ebn e re nuk ishte aq i shpejt\u00eb. Por sekreti ishin t\u00eb rinjt\u00eb si ju t\u00eb cil\u00ebt jan\u00eb thelb\u00ebsor\u00eb\u201d-<\/em> u shpreh zyrtari i lart\u00eb amerikan.<\/span><\/p>\n<p><span style=\"color: #000000;\">Gjithashtu sekretari Blinken u takua edhe me kryetarin e Bashkis\u00eb Tiran\u00eb Erion Veliajn, ku ky i fundit n\u00ebp\u00ebrmjet nj\u00eb postimi n\u00eb rrjetet sociale, shkruan se pati mund\u00ebsin\u00eb q\u00eb t\u2019i tregonte Blinken, Piramid\u00ebn e Tiran\u00ebs q\u00eb \u00ebsht\u00eb investimi m\u00eb i madh i p\u00ebrbashk\u00ebt shqiptaro-amerikan n\u00eb kryeqytet.<\/span><\/p>\n<p><span style=\"color: #000000;\"><em>\u201cK\u00ebnaq\u00ebsi t\u00eb bisedoja me Sekretarin Anthony Blinken e t&#8217;i tregoja investimin m\u00eb t\u00eb madh t\u00eb p\u00ebrbashk\u00ebt shqiptaro-amerikan n\u00eb kryeqytet, Piramid\u00ebn e Tiran\u00ebs. Dje nj\u00eb simbol i izolimit e t\u00eb shkuar\u00ebs, sot nj\u00eb simbol i teknologjis\u00eb e t\u00eb ardhmes\u201d-<\/em> u shpreh Veliaj n\u00eb facebook.<\/span><\/p>\n<p><span style=\"color: #000000;\"><img decoding=\"async\" src=\"https:\/\/shqiptarja.com\/uploads\/780x440\/1708011706_erionveliajantonyblinken.jpeg\" alt=\"Veliaj takohet me Blinken: K\u00ebnaq\u00ebsi t'i tregoja investimin m\u00eb t\u00eb madh t\u00eb p\u00ebrbashk\u00ebt shqiptaro-amerikan n\u00eb Kryeqytet, Piramid\u00ebn e Tiran\u00ebs\" \/><\/span><\/p>\n<p><span style=\"color: #000000;\">Pas takimit tek Piramida Sekretari Blinken u drejtua s\u00eb bashku me kryeministrin Rama drejt Kryeministris\u00eb, ku t\u00eb pranish\u00ebm jan\u00eb edhe ish ambasadorja Yuri Kim, si edhe disa ministra.<\/span><\/p>\n<p>&nbsp;<\/p>\n<p><span style=\"color: #000000;\"><a style=\"color: #000000;\" href=\"https:\/\/www.hashtag.al\/wp-content\/uploads\/2024\/02\/Screenshot-2024-02-15-162446.png\"><img loading=\"lazy\" decoding=\"async\" class=\"aligncenter size-full wp-image-654457\" src=\"https:\/\/www.hashtag.al\/wp-content\/uploads\/2024\/02\/Screenshot-2024-02-15-162446.png\" alt=\"\" width=\"786\" height=\"382\" srcset=\"https:\/\/www.hashtag.al\/wp-content\/uploads\/2024\/02\/Screenshot-2024-02-15-162446.png 786w, https:\/\/www.hashtag.al\/wp-content\/uploads\/2024\/02\/Screenshot-2024-02-15-162446-300x146.png 300w, https:\/\/www.hashtag.al\/wp-content\/uploads\/2024\/02\/Screenshot-2024-02-15-162446-768x373.png 768w\" sizes=\"auto, (max-width: 786px) 100vw, 786px\" \/><\/a><\/span><\/p>\n<p>&nbsp;<\/p>\n<p><span style=\"color: #000000;\"><a style=\"color: #000000;\" href=\"https:\/\/www.hashtag.al\/wp-content\/uploads\/2024\/02\/Screenshot-2024-02-15-162431.png\"><img loading=\"lazy\" decoding=\"async\" class=\"aligncenter size-full wp-image-654458\" src=\"https:\/\/www.hashtag.al\/wp-content\/uploads\/2024\/02\/Screenshot-2024-02-15-162431.png\" alt=\"\" width=\"788\" height=\"390\" srcset=\"https:\/\/www.hashtag.al\/wp-content\/uploads\/2024\/02\/Screenshot-2024-02-15-162431.png 788w, https:\/\/www.hashtag.al\/wp-content\/uploads\/2024\/02\/Screenshot-2024-02-15-162431-300x148.png 300w, https:\/\/www.hashtag.al\/wp-content\/uploads\/2024\/02\/Screenshot-2024-02-15-162431-768x380.png 768w\" sizes=\"auto, (max-width: 788px) 100vw, 788px\" \/><\/a><\/span><\/p>\n<p><span style=\"color: #000000;\">Kjo viziit\u00eb po mbahet n\u00ebn masa t\u00eb rrepta sigurie, ku ajo q\u00eb u vu re ishte edhe eskorta e fortifikuar e numrit dy t\u00eb administrat\u00ebs amerikan\u00eb, ku disa makina t\u00eb blinduar shoq\u00ebruan Blinken deri n\u00eb qend\u00ebr t\u00eb kryeqytetit.<\/span><\/p>\n<p><span style=\"color: #000000;\">Nd\u00ebrkoh\u00eb mbi 1 mij\u00eb forca policore, mes tyre dhe ato elit\u00eb t\u00eb RENEA-s jan\u00eb dislokuar n\u00eb institucionet kryesore. N\u00eb tarrac\u00ebn e Pallatit t\u00eb Kongreseve ka snajperist\u00eb. T\u00eb till\u00eb jan\u00eb dhe pran\u00eb zon\u00ebs s\u00eb kryeministris\u00eb, n\u00eb zon\u00ebn e kuvendit dhe t\u00eb korpusit universitar. Forca RENEA jan\u00eb dislokuar dhe n\u00eb rrug\u00ebt hyr\u00ebse e dal\u00ebs\u00eb te Tiran\u00ebs.<\/span><\/p>\n<p><span style=\"color: #000000;\"><img decoding=\"async\" src=\"https:\/\/www.hashtag.al\/wp-content\/uploads\/2024\/02\/WhatsApp-Image-2024-02-15-at-10.49.25.jpeg\" \/><\/span><\/p>\n<p><span style=\"color: #000000;\">Vizita \u00ebsht\u00eb komentuar edhe nga figurat e opozit\u00ebs t\u00eb cil\u00ebt e quajt\u00ebn thelb\u00ebsore k\u00ebt\u00eb vizit\u00eb p\u00ebr partneritetin strategjik mes Shqip\u00ebrsi\u00eb dhe ShBA-s\u00eb, nd\u00ebrsa ish kryeministri Berisha n\u00ebp\u00ebrmjet nj\u00eb statusi n\u00eb rrjetet socilae, postoi nj\u00eb shkrim me titull: \u201cWelcome to monist Albania.\u201d<\/span><\/p>\n<p><span style=\"color: #000000;\">Edhe mediat e huaja kan\u00eb ndjekur vizit\u00ebn historike, ku mes tyre \u201cWashington Post\u201d e cil\u00ebsoi Shqip\u00ebrin\u00eb si aleatin ky\u00e7 t\u00eb SHBA-ve n\u00eb rajon.<\/span><\/p>\n<p class=\"selectionShareable\"><span style=\"color: #000000;\">Nd\u00ebrkoh\u00eb edhe \u201cAP\u201d ka raportuar mbi vizit\u00ebn e Blinken n\u00eb Shqip\u00ebri, nd\u00ebrsa thekson se pjes\u00eb e dikutimeve jan\u00eb edhe tensionet mes fqinj\u00ebve Kosov\u00eb dhe Serbi.<\/span><\/p>\n<p><span style=\"color: #000000;\">Nd\u00ebrkoh\u00eb DASH ka publikuar edhe axhend\u00ebn e Sekretarit Blinken.<\/span><\/p>\n<p>&nbsp;<\/p>\n<p><span style=\"color: #000000;\"><strong>Axhenda:<\/strong><\/span><\/p>\n<p><span style=\"color: #000000;\">SEKRETARI ANTONY J. BLINKEN<\/span><\/p>\n<p><span style=\"color: #000000;\">Sekretari Blinken \u00ebsht\u00eb n\u00eb udh\u00ebtim n\u00eb Shqip\u00ebri dhe Gjermani nga 14-17 shkurt 2024.<\/span><\/p>\n<p><span style=\"color: #000000;\">Ora 13:35 Sekretari Blinken zhvillon nj\u00eb takim dhe p\u00ebrsh\u00ebndet me punonj\u00ebsit e Ambasad\u00ebs Amerikane n\u00eb Tiran\u00eb dhe an\u00ebtar\u00ebt e familjes n\u00eb Tiran\u00eb, Shqip\u00ebri.<\/span><\/p>\n<p><span style=\"color: #000000;\">Ora 14:15 Sekretari Blinken takohet me aplikant\u00ebt afgan\u00eb p\u00ebr viz\u00eb emigruese speciale n\u00eb Tiran\u00eb, Shqip\u00ebri.<\/span><\/p>\n<p><span style=\"color: #000000;\">Ora 15:05 Sekretari Blinken takohet me Presidentin shqiptar Bajram Begaj n\u00eb Tiran\u00eb, Shqip\u00ebri.<\/span><\/p>\n<p><span style=\"color: #000000;\">Ora 3:35 Sekretari Blinken mban fjalim n\u00eb nj\u00eb aktivitet t\u00eb t\u00eb rinjve dhe t\u00eb diplomuarve me tem\u00eb \u201c Festojm\u00eb t\u00eb ardhmen e marr\u00ebdh\u00ebnieve SHBA-Shqip\u00ebri\u201d n\u00eb Tiran\u00eb, Shqip\u00ebri.<\/span><\/p>\n<p><span style=\"color: #000000;\">Ora 16:15 Sekretari Blinken takohet me kryeministrin shqiptar Edi Rama n\u00eb Tiran\u00eb, Shqip\u00ebri.<\/span><\/p>\n<p><span style=\"color: #000000;\">Ora 17:55 pasdite Sekretari Blinken merr pjes\u00eb n\u00eb nj\u00eb ceremoni n\u00ebnshkrimi p\u00ebr nj\u00eb Memorandum Mir\u00ebkuptimi mbi Shk\u00ebmbimin Akademik Fulbright dhe nj\u00eb Memorandum Mir\u00ebkuptimi Kund\u00ebr Manipulimit Informativ t\u00eb Shtetit t\u00eb Huaj n\u00eb Tiran\u00eb, Shqip\u00ebri.<\/span><\/p>\n<p><span style=\"color: #000000;\">Kjo ngjarje do t\u00eb transmetohet drejtp\u00ebrdrejt n\u00eb faqen kryesore t\u00eb Departamentit dhe Kanali YouTube.<\/span><\/p>\n<p><span style=\"color: #000000;\">Ora 18:10 Sekretari Blinken dhe kryeministri shqiptar Edi Rama mbajn\u00eb nj\u00eb konferenc\u00eb t\u00eb p\u00ebrbashk\u00ebt p\u00ebr shtyp n\u00eb Tiran\u00eb, Shqip\u00ebri.<\/span><\/p>\n","protected":false,"gt_translate_keys":[{"key":"rendered","format":"html"}]},"excerpt":{"rendered":"<p>Sekretari Amerikan i Shtetit Antony Blinken zbriti sot n\u00eb tok\u00ebn shqiptare n\u00eb or\u00ebn \u00a011: 26 minuta p\u00ebr t\u00eb zhvilluar vizit\u00ebn e tij zyrtare n\u00eb Tiran\u00eb. Sekretari u prit n\u00eb aeroportin \u201cN\u00ebn\u00eb Tereza\u201d nga ministri i Jasht\u00ebm Igli Hasani dhe i deleguari me pun\u00eb i ambasad\u00ebs amerikane n\u00eb Tiran\u00eb. Vizita q\u00eb \u00ebsht\u00eb parashikuar t\u00eb zgjas\u00eb 8 [&hellip;]<\/p>\n","protected":false,"gt_translate_keys":[{"key":"rendered","format":"html"}]},"author":30,"featured_media":654418,"comment_status":"closed","ping_status":"open","sticky":false,"template":"","format":"standard","meta":{"footnotes":""},"categories":[22],"tags":[],"class_list":["post-654412","post","type-post","status-publish","format-standard","has-post-thumbnail","hentry","category-ballina"],"gt_translate_keys":[{"key":"link","format":"url"}],"_links":{"self":[{"href":"https:\/\/www.hashtag.al\/index.php\/wp-json\/wp\/v2\/posts\/654412","targetHints":{"allow":["GET"]}}],"collection":[{"href":"https:\/\/www.hashtag.al\/index.php\/wp-json\/wp\/v2\/posts"}],"about":[{"href":"https:\/\/www.hashtag.al\/index.php\/wp-json\/wp\/v2\/types\/post"}],"author":[{"embeddable":true,"href":"https:\/\/www.hashtag.al\/index.php\/wp-json\/wp\/v2\/users\/30"}],"replies":[{"embeddable":true,"href":"https:\/\/www.hashtag.al\/index.php\/wp-json\/wp\/v2\/comments?post=654412"}],"version-history":[{"count":0,"href":"https:\/\/www.hashtag.al\/index.php\/wp-json\/wp\/v2\/posts\/654412\/revisions"}],"wp:featuredmedia":[{"embeddable":true,"href":"https:\/\/www.hashtag.al\/index.php\/wp-json\/wp\/v2\/media\/654418"}],"wp:attachment":[{"href":"https:\/\/www.hashtag.al\/index.php\/wp-json\/wp\/v2\/media?parent=654412"}],"wp:term":[{"taxonomy":"category","embeddable":true,"href":"https:\/\/www.hashtag.al\/index.php\/wp-json\/wp\/v2\/categories?post=654412"},{"taxonomy":"post_tag","embeddable":true,"href":"https:\/\/www.hashtag.al\/index.php\/wp-json\/wp\/v2\/tags?post=654412"}],"curies":[{"name":"wp","href":"https:\/\/api.w.org\/{rel}","templated":true}]}}