{"id":654115,"date":"2024-02-14T14:32:16","date_gmt":"2024-02-14T13:32:16","guid":{"rendered":"https:\/\/www.hashtag.al\/?p=654115"},"modified":"2024-02-14T14:32:16","modified_gmt":"2024-02-14T13:32:16","slug":"izraeli-kryen-sulme-masive-ne-liban","status":"publish","type":"post","link":"https:\/\/www.hashtag.al\/index.php\/2024\/02\/14\/izraeli-kryen-sulme-masive-ne-liban\/","title":{"rendered":"Izraeli kryen sulme masive n\u00eb Liban","gt_translate_keys":[{"key":"rendered","format":"text"}]},"content":{"rendered":"<div id=\"attachment_654117\" style=\"width: 2570px\" class=\"wp-caption aligncenter\"><img loading=\"lazy\" decoding=\"async\" aria-describedby=\"caption-attachment-654117\" class=\"size-full wp-image-654117\" src=\"https:\/\/www.hashtag.al\/wp-content\/uploads\/2024\/02\/XQIBLHPCCVPDTKK33HWAU3YFQ4-scaled.jpg\" alt=\"\" width=\"2560\" height=\"1707\" srcset=\"https:\/\/www.hashtag.al\/wp-content\/uploads\/2024\/02\/XQIBLHPCCVPDTKK33HWAU3YFQ4-scaled.jpg 2560w, https:\/\/www.hashtag.al\/wp-content\/uploads\/2024\/02\/XQIBLHPCCVPDTKK33HWAU3YFQ4-300x200.jpg 300w, https:\/\/www.hashtag.al\/wp-content\/uploads\/2024\/02\/XQIBLHPCCVPDTKK33HWAU3YFQ4-1024x683.jpg 1024w, https:\/\/www.hashtag.al\/wp-content\/uploads\/2024\/02\/XQIBLHPCCVPDTKK33HWAU3YFQ4-768x512.jpg 768w, https:\/\/www.hashtag.al\/wp-content\/uploads\/2024\/02\/XQIBLHPCCVPDTKK33HWAU3YFQ4-1536x1024.jpg 1536w, https:\/\/www.hashtag.al\/wp-content\/uploads\/2024\/02\/XQIBLHPCCVPDTKK33HWAU3YFQ4-2048x1365.jpg 2048w\" sizes=\"auto, (max-width: 2560px) 100vw, 2560px\" \/><p id=\"caption-attachment-654117\" class=\"wp-caption-text\"><span style=\"color: #000000; font-size: 16px;\">Ushtria izraelite ka nisur sulmet ajrore n\u00eb Liban, disa or\u00eb pasi nj\u00eb sulm me raket\u00eb vrau nj\u00eb person dhe plagosi disa t\u00eb tjer\u00eb n\u00eb qytetin verior izraelit Safed.\u00a0<\/span><\/p><\/div>\n<p><span style=\"color: #000000;\"><i><span style=\"font-weight: 400;\">\u201cAvion\u00ebt luftarak\u00eb izraelit\u00eb filluan nj\u00eb val\u00eb t\u00eb gjer\u00eb sulmesh n\u00eb territorin libanez t\u00eb m\u00ebrkur\u00ebn pasdite\u201d<\/span><\/i><span style=\"font-weight: 400;\">,\u00a0 konfirmoi ushtria n\u00eb nj\u00eb deklarat\u00eb n\u00eb X, duke mos dh\u00ebn\u00eb detaje t\u00eb tjera.<\/span><\/span><\/p>\n<p><span style=\"font-weight: 400; color: #000000;\">Raportet fillestare t\u00eb sulmeve dol\u00ebn nga disa zona n\u00eb t\u00eb gjith\u00eb provinc\u00ebn jugore Nabatiyeh.\u00a0<\/span><\/p>\n<p><span style=\"color: #000000;\"><span style=\"font-weight: 400;\">Pamjet e paverifikuara t\u00eb mediave sociale treguan sht\u00ebllunga t\u00eb m\u00ebdha tymi dhe nd\u00ebrtesa t\u00eb shkat\u00ebrruara pas sulmeve t\u00eb dyshuara izraelite n\u00eb fshatin Aadchit, <\/span><span style=\"color: #0000ff;\"><a style=\"color: #0000ff;\" href=\"https:\/\/www.thenationalnews.com\/mena\/palestine-israel\/2024\/02\/14\/live-israel-gaza-rafah\/\"><span style=\"font-weight: 400;\">shkruajn\u00eb mediat e huaja.<\/span><\/a><\/span><\/span><\/p>\n<p><span style=\"font-weight: 400; color: #000000;\">Zjarri nd\u00ebrkufitar q\u00eb nga fillimi i Gaz\u00ebs Lufta ka vrar\u00eb t\u00eb pakt\u00ebn 238 njer\u00ebz n\u00eb Liban, shumica prej t\u00eb cil\u00ebve luft\u00ebtar\u00eb t\u00eb Hezbollahut, por edhe rreth 30 civil\u00eb, sipas nj\u00eb raporti t\u00eb AFP.<\/span><\/p>\n","protected":false,"gt_translate_keys":[{"key":"rendered","format":"html"}]},"excerpt":{"rendered":"<p>\u201cAvion\u00ebt luftarak\u00eb izraelit\u00eb filluan nj\u00eb val\u00eb t\u00eb gjer\u00eb sulmesh n\u00eb territorin libanez t\u00eb m\u00ebrkur\u00ebn pasdite\u201d,\u00a0 konfirmoi ushtria n\u00eb nj\u00eb deklarat\u00eb n\u00eb X, duke mos dh\u00ebn\u00eb detaje t\u00eb tjera. Raportet fillestare t\u00eb sulmeve dol\u00ebn nga disa zona n\u00eb t\u00eb gjith\u00eb provinc\u00ebn jugore Nabatiyeh.\u00a0 Pamjet e paverifikuara t\u00eb mediave sociale treguan sht\u00ebllunga t\u00eb m\u00ebdha tymi dhe nd\u00ebrtesa [&hellip;]<\/p>\n","protected":false,"gt_translate_keys":[{"key":"rendered","format":"html"}]},"author":4,"featured_media":654117,"comment_status":"closed","ping_status":"open","sticky":false,"template":"","format":"standard","meta":{"footnotes":""},"categories":[6],"tags":[],"class_list":["post-654115","post","type-post","status-publish","format-standard","has-post-thumbnail","hentry","category-nderkombetare"],"gt_translate_keys":[{"key":"link","format":"url"}],"_links":{"self":[{"href":"https:\/\/www.hashtag.al\/index.php\/wp-json\/wp\/v2\/posts\/654115","targetHints":{"allow":["GET"]}}],"collection":[{"href":"https:\/\/www.hashtag.al\/index.php\/wp-json\/wp\/v2\/posts"}],"about":[{"href":"https:\/\/www.hashtag.al\/index.php\/wp-json\/wp\/v2\/types\/post"}],"author":[{"embeddable":true,"href":"https:\/\/www.hashtag.al\/index.php\/wp-json\/wp\/v2\/users\/4"}],"replies":[{"embeddable":true,"href":"https:\/\/www.hashtag.al\/index.php\/wp-json\/wp\/v2\/comments?post=654115"}],"version-history":[{"count":0,"href":"https:\/\/www.hashtag.al\/index.php\/wp-json\/wp\/v2\/posts\/654115\/revisions"}],"wp:featuredmedia":[{"embeddable":true,"href":"https:\/\/www.hashtag.al\/index.php\/wp-json\/wp\/v2\/media\/654117"}],"wp:attachment":[{"href":"https:\/\/www.hashtag.al\/index.php\/wp-json\/wp\/v2\/media?parent=654115"}],"wp:term":[{"taxonomy":"category","embeddable":true,"href":"https:\/\/www.hashtag.al\/index.php\/wp-json\/wp\/v2\/categories?post=654115"},{"taxonomy":"post_tag","embeddable":true,"href":"https:\/\/www.hashtag.al\/index.php\/wp-json\/wp\/v2\/tags?post=654115"}],"curies":[{"name":"wp","href":"https:\/\/api.w.org\/{rel}","templated":true}]}}