{"id":654103,"date":"2024-02-14T14:00:47","date_gmt":"2024-02-14T13:00:47","guid":{"rendered":"https:\/\/www.hashtag.al\/?p=654103"},"modified":"2024-02-14T14:00:47","modified_gmt":"2024-02-14T13:00:47","slug":"papa-francesku-nderon-kardinalin-shqiptar-ernest-simoni-kaloi-28-vite-ne-burg-gjate-komunizmit-eshte-nje-martir-i-gjalle","status":"publish","type":"post","link":"https:\/\/www.hashtag.al\/index.php\/2024\/02\/14\/papa-francesku-nderon-kardinalin-shqiptar-ernest-simoni-kaloi-28-vite-ne-burg-gjate-komunizmit-eshte-nje-martir-i-gjalle\/","title":{"rendered":"Papa Fran\u00e7esku nderon kardinalin shqiptar Ernest Simoni: Kaloi 28 vite n\u00eb burg gjat\u00eb Komunizmit, \u00ebsht\u00eb nj\u00eb martir i gjall\u00eb","gt_translate_keys":[{"key":"rendered","format":"text"}]},"content":{"rendered":"<p><img loading=\"lazy\" decoding=\"async\" class=\"size-full wp-image-654105 aligncenter\" src=\"https:\/\/www.hashtag.al\/wp-content\/uploads\/2024\/02\/llll_sd-1-1.webp\" alt=\"\" width=\"1280\" height=\"720\" srcset=\"https:\/\/www.hashtag.al\/wp-content\/uploads\/2024\/02\/llll_sd-1-1.webp 1280w, https:\/\/www.hashtag.al\/wp-content\/uploads\/2024\/02\/llll_sd-1-1-300x169.webp 300w, https:\/\/www.hashtag.al\/wp-content\/uploads\/2024\/02\/llll_sd-1-1-1024x576.webp 1024w, https:\/\/www.hashtag.al\/wp-content\/uploads\/2024\/02\/llll_sd-1-1-768x432.webp 768w\" sizes=\"auto, (max-width: 1280px) 100vw, 1280px\" \/><\/p>\n<p><span style=\"font-weight: 400; color: #000000;\">Papa Fran\u00e7esku nderoi sot kardinalin shqiptar Ernest Simoni, tashm\u00eb 95 vje\u00e7, nd\u00ebrsa ai ishte i pranish\u00ebm n\u00eb sall\u00ebn Pali VI.<\/span><\/p>\n<p><span style=\"font-weight: 400; color: #000000;\">P\u00ebr rreth 28 vite gjat\u00eb regjimit komunist, Kardinali\u00a0 vuajti burgim, persekutim dhe k\u00ebrc\u00ebnime me vdekje, ishte i pranish\u00ebm sot n\u00eb audienc\u00ebn e p\u00ebrgjithshme n\u00eb sall\u00ebn Pali VI.<\/span><\/p>\n<p><span style=\"font-weight: 400; color: #000000;\">Papa Fran\u00e7esku e p\u00ebrsh\u00ebndeti \u201cn\u00eb m\u00ebnyr\u00eb t\u00eb ve\u00e7ant\u00eb\u201d dhe e fal\u00ebnderoi sepse edhe sot \u201cai vazhdon t\u00eb d\u00ebshmoj\u00eb dhe t\u00eb punoj\u00eb p\u00ebr Kish\u00ebn, pa u dekurajuar\u201d.<\/span><\/p>\n<p><span style=\"color: #000000;\"><i><span style=\"font-weight: 400;\">\u201cSot marr guximin t\u00eb p\u00ebrsh\u00ebndes n\u00eb m\u00ebnyr\u00eb t\u00eb ve\u00e7ant\u00eb nj\u00eb martir t\u00eb gjall\u00eb, kardinalin Simoni. Si prift-ipeshk\u00ebv ai kaloi 28 vjet n\u00eb burg. Burgu komunist i Shqip\u00ebris\u00eb, q\u00eb ishte ndoshta persekutimi m\u00eb mizor.\u00a0<\/span><\/i><\/span><\/p>\n<p><span style=\"color: #000000;\"><i><span style=\"font-weight: 400;\">Dhe ai vazhdon t\u00eb d\u00ebshmoj\u00eb. Dhe shum\u00eb e shum\u00eb si ai. Ai \u00ebsht\u00eb tani 95 vje\u00e7 dhe vazhdon t\u00eb punoj\u00eb p\u00ebr Kish\u00ebn pa u dekurajuar. Faleminderit p\u00ebr d\u00ebshmin\u00eb tuaj. T\u00eb gjith\u00eb ne kemi lexuar historit\u00eb e martir\u00ebve t\u00eb par\u00eb t\u00eb Kish\u00ebs.\u00a0<\/span><\/i><\/span><\/p>\n<p><span style=\"color: #000000;\"><i><span style=\"font-weight: 400;\">Ka edhe k\u00ebtu shum\u00eb: aty ku \u00ebsht\u00eb Vatikani ka nj\u00eb varrez\u00eb dhe shum\u00eb jan\u00eb varrosur k\u00ebtu. Kur kryhen g\u00ebrmime, gjenden k\u00ebto varre. Por edhe sot ka shum\u00eb d\u00ebshmor\u00eb n\u00eb mbar\u00eb bot\u00ebn. Ndoshta m\u00eb shum\u00eb se fillimi. Ka shum\u00eb t\u00eb persekutuar p\u00ebr besimin e tyre\u201d, <\/span><\/i><span style=\"font-weight: 400;\">tha Papa.<\/span><\/span><\/p>\n<p><span style=\"font-weight: 400; color: #000000;\">Don Ernesti u arrestua nat\u00ebn e Krishtlindjes n\u00eb vitin 1963, n\u00eb fund t\u00eb mesh\u00ebs n\u00eb Barbullush. Regjimi komunist e kishte akuzuar at\u00eb si \u201carmik t\u00eb popullit\u201d edhe p\u00ebr shkak t\u00eb mesh\u00ebs p\u00ebrkujtimore t\u00eb kremtuar p\u00ebr shpirtin e Presidentit Kennedy, i cili kishte vdekur nj\u00eb muaj m\u00eb par\u00eb.<\/span><\/p>\n<p><span style=\"font-weight: 400; color: #000000;\">Pasi u lirua, m\u00eb 5 shtator 1990, ai filloi t\u00eb sh\u00ebrbente n\u00ebp\u00ebr fshatra, ve\u00e7an\u00ebrisht duke ndihmuar njer\u00ebzit.<\/span><\/p>\n","protected":false,"gt_translate_keys":[{"key":"rendered","format":"html"}]},"excerpt":{"rendered":"<p>Papa Fran\u00e7esku nderoi sot kardinalin shqiptar Ernest Simoni, tashm\u00eb 95 vje\u00e7, nd\u00ebrsa ai ishte i pranish\u00ebm n\u00eb sall\u00ebn Pali VI. P\u00ebr rreth 28 vite gjat\u00eb regjimit komunist, Kardinali\u00a0 vuajti burgim, persekutim dhe k\u00ebrc\u00ebnime me vdekje, ishte i pranish\u00ebm sot n\u00eb audienc\u00ebn e p\u00ebrgjithshme n\u00eb sall\u00ebn Pali VI. Papa Fran\u00e7esku e p\u00ebrsh\u00ebndeti \u201cn\u00eb m\u00ebnyr\u00eb t\u00eb ve\u00e7ant\u00eb\u201d [&hellip;]<\/p>\n","protected":false,"gt_translate_keys":[{"key":"rendered","format":"html"}]},"author":4,"featured_media":654105,"comment_status":"closed","ping_status":"open","sticky":false,"template":"","format":"standard","meta":{"footnotes":""},"categories":[65],"tags":[],"class_list":["post-654103","post","type-post","status-publish","format-standard","has-post-thumbnail","hentry","category-lajme"],"gt_translate_keys":[{"key":"link","format":"url"}],"_links":{"self":[{"href":"https:\/\/www.hashtag.al\/index.php\/wp-json\/wp\/v2\/posts\/654103","targetHints":{"allow":["GET"]}}],"collection":[{"href":"https:\/\/www.hashtag.al\/index.php\/wp-json\/wp\/v2\/posts"}],"about":[{"href":"https:\/\/www.hashtag.al\/index.php\/wp-json\/wp\/v2\/types\/post"}],"author":[{"embeddable":true,"href":"https:\/\/www.hashtag.al\/index.php\/wp-json\/wp\/v2\/users\/4"}],"replies":[{"embeddable":true,"href":"https:\/\/www.hashtag.al\/index.php\/wp-json\/wp\/v2\/comments?post=654103"}],"version-history":[{"count":0,"href":"https:\/\/www.hashtag.al\/index.php\/wp-json\/wp\/v2\/posts\/654103\/revisions"}],"wp:featuredmedia":[{"embeddable":true,"href":"https:\/\/www.hashtag.al\/index.php\/wp-json\/wp\/v2\/media\/654105"}],"wp:attachment":[{"href":"https:\/\/www.hashtag.al\/index.php\/wp-json\/wp\/v2\/media?parent=654103"}],"wp:term":[{"taxonomy":"category","embeddable":true,"href":"https:\/\/www.hashtag.al\/index.php\/wp-json\/wp\/v2\/categories?post=654103"},{"taxonomy":"post_tag","embeddable":true,"href":"https:\/\/www.hashtag.al\/index.php\/wp-json\/wp\/v2\/tags?post=654103"}],"curies":[{"name":"wp","href":"https:\/\/api.w.org\/{rel}","templated":true}]}}