{"id":653711,"date":"2024-02-12T21:14:06","date_gmt":"2024-02-12T20:14:06","guid":{"rendered":"https:\/\/www.hashtag.al\/?p=653711"},"modified":"2024-02-12T21:16:33","modified_gmt":"2024-02-12T20:16:33","slug":"protesta-e-serbeve-ne-veri-reagon-kfor-i-jemi-te-fokusuar-te-sigurojme-nje-mjedis-te-sigurte-dhe-te-stabilizuar-ne-kosove","status":"publish","type":"post","link":"https:\/\/www.hashtag.al\/index.php\/2024\/02\/12\/protesta-e-serbeve-ne-veri-reagon-kfor-i-jemi-te-fokusuar-te-sigurojme-nje-mjedis-te-sigurte-dhe-te-stabilizuar-ne-kosove\/","title":{"rendered":"Protesta e serb\u00ebve n\u00eb veri, reagon KFOR-i: T\u00eb fokusuar t\u00eb sigurojm\u00eb nj\u00eb mjedis t\u00eb stabilizuar n\u00eb Kosov\u00eb","gt_translate_keys":[{"key":"rendered","format":"text"}]},"content":{"rendered":"<p style=\"text-align: left;\"><span style=\"color: #000000;\"><img loading=\"lazy\" decoding=\"async\" class=\"size-full wp-image-653712 aligncenter\" src=\"https:\/\/www.hashtag.al\/wp-content\/uploads\/2024\/02\/veri.jpg\" alt=\"\" width=\"904\" height=\"526\" srcset=\"https:\/\/www.hashtag.al\/wp-content\/uploads\/2024\/02\/veri.jpg 904w, https:\/\/www.hashtag.al\/wp-content\/uploads\/2024\/02\/veri-300x175.jpg 300w, https:\/\/www.hashtag.al\/wp-content\/uploads\/2024\/02\/veri-768x447.jpg 768w, https:\/\/www.hashtag.al\/wp-content\/uploads\/2024\/02\/veri-250x145.jpg 250w\" sizes=\"auto, (max-width: 904px) 100vw, 904px\" \/><\/span><\/p>\n<p style=\"text-align: left;\"><span style=\"color: #000000;\">T\u00eb h\u00ebn\u00ebn, grupe t\u00eb qytetar\u00ebve serb\u00eb zhvilluan nj\u00eb protest\u00eb n\u00eb Mitrovic\u00ebn e Veriut si shprehje e pak\u00ebnaq\u00ebsis\u00eb ndaj vendimit t\u00eb autoriteteve kosovare q\u00eb ndalojn\u00eb p\u00ebrdorimin e dinarit serb p\u00ebr transaksione n\u00eb \u2018cash\u2019.<\/span><\/p>\n<p style=\"text-align: left;\"><span style=\"color: #000000;\">Tek ura mbi Ib\u00ebr ishin t\u00eb pranish\u00ebm pranish\u00ebm pjes\u00ebtar\u00eb t\u00eb policis\u00eb s\u00eb Kosov\u00ebs dhe pjes\u00ebtar\u00ebt e misionit paqeruajt\u00ebs t\u00eb NATO-s n\u00eb Kosov\u00eb, KFOR.<\/span><\/p>\n<p style=\"text-align: left;\"><span style=\"color: #000000;\">N\u00eb protest\u00eb mor\u00ebn pjes\u00eb edhe p\u00ebrfaq\u00ebsues t\u00eb List\u00ebs Serbe, partis\u00eb kryesore t\u00eb serb\u00ebve n\u00eb Kosov\u00eb q\u00eb g\u00ebzon mb\u00ebshtetjen e Beogradit zyrtar.<\/span><\/p>\n<p style=\"text-align: left;\"><span style=\"color: #000000;\">N\u00ebp\u00ebrmjet nj\u00eb njoftimi n\u00eb Facebook, KFOR e p\u00ebrshkroi protest\u00ebn t\u00eb qet\u00eb dhe n\u00eb linj\u00eb me parimet demokratike t\u00eb liris\u00eb s\u00eb shprehjes, duke n\u00ebnvizuar po ashtu rolin e tyre n\u00eb mbajtjen e rendit dhe stabilitetit n\u00eb rajon.<\/span><\/p>\n<p style=\"text-align: left;\"><span style=\"color: #000000;\"><em>\u201cNe operojm\u00eb n\u00ebn parimin e reaguesit t\u00eb tret\u00eb p\u00ebr \u00e7\u00ebshtjet e siguris\u00eb, duke ndjekur pas Policis\u00eb s\u00eb Kosov\u00ebs dhe misionit t\u00eb BE-s\u00eb p\u00ebr Sundimin e Ligjit, EULEX \u2013 me t\u00eb cil\u00ebt bashk\u00ebrendojm\u00eb veprimet rregullisht\u201d,<\/em> thuhet n\u00eb njoftim.<\/span><\/p>\n<p style=\"text-align: left;\"><span style=\"color: #000000;\">KFOR-i shprehet se mbetet i p\u00ebrkushtuar n\u00eb zbatimin e misionit t\u00eb vet t\u00eb caktuar, t\u00eb cilin e p\u00ebrshkruajn\u00eb si t\u00eb r\u00ebnd\u00ebsish\u00ebm.<\/span><\/p>\n<p style=\"text-align: left;\"><span style=\"color: #000000;\"><em>\u201cNe jemi t\u00eb fokusuar t\u00eb sigurojm\u00eb nj\u00eb mjedis t\u00eb sigurt\u00eb dhe t\u00eb stabilizuar p\u00ebr t\u00eb gjith\u00eb komunitetet q\u00eb jetojn\u00eb n\u00eb Kosov\u00eb, duke ruajtur lirin\u00eb e l\u00ebvizjes si nj\u00eb par\u00ebsoritet ky\u00e7\u201d,<\/em> thuhet n\u00eb fund.<\/span><\/p>\n<p style=\"text-align: left;\"><span style=\"color: #000000;\">Rregullorja e Bank\u00ebs Qendrore t\u00eb Kosov\u00ebs p\u00ebr pagesat vet\u00ebm me euro, ka hyr\u00eb n\u00eb fuqi m\u00eb 1 shkurt, p\u00ebrkund\u00ebr kund\u00ebrshtive nga serb\u00ebt lokal\u00eb dhe faktori nd\u00ebrkomb\u00ebtar.<\/span><\/p>\n","protected":false,"gt_translate_keys":[{"key":"rendered","format":"html"}]},"excerpt":{"rendered":"<p>T\u00eb h\u00ebn\u00ebn, grupe t\u00eb qytetar\u00ebve serb\u00eb zhvilluan nj\u00eb protest\u00eb n\u00eb Mitrovic\u00ebn e Veriut si shprehje e pak\u00ebnaq\u00ebsis\u00eb ndaj vendimit t\u00eb autoriteteve kosovare q\u00eb ndalojn\u00eb p\u00ebrdorimin e dinarit serb p\u00ebr transaksione n\u00eb \u2018cash\u2019. Tek ura mbi Ib\u00ebr ishin t\u00eb pranish\u00ebm pranish\u00ebm pjes\u00ebtar\u00eb t\u00eb policis\u00eb s\u00eb Kosov\u00ebs dhe pjes\u00ebtar\u00ebt e misionit paqeruajt\u00ebs t\u00eb NATO-s n\u00eb Kosov\u00eb, KFOR. [&hellip;]<\/p>\n","protected":false,"gt_translate_keys":[{"key":"rendered","format":"html"}]},"author":4,"featured_media":653712,"comment_status":"closed","ping_status":"open","sticky":false,"template":"","format":"standard","meta":{"footnotes":""},"categories":[65],"tags":[],"class_list":["post-653711","post","type-post","status-publish","format-standard","has-post-thumbnail","hentry","category-lajme"],"gt_translate_keys":[{"key":"link","format":"url"}],"_links":{"self":[{"href":"https:\/\/www.hashtag.al\/index.php\/wp-json\/wp\/v2\/posts\/653711","targetHints":{"allow":["GET"]}}],"collection":[{"href":"https:\/\/www.hashtag.al\/index.php\/wp-json\/wp\/v2\/posts"}],"about":[{"href":"https:\/\/www.hashtag.al\/index.php\/wp-json\/wp\/v2\/types\/post"}],"author":[{"embeddable":true,"href":"https:\/\/www.hashtag.al\/index.php\/wp-json\/wp\/v2\/users\/4"}],"replies":[{"embeddable":true,"href":"https:\/\/www.hashtag.al\/index.php\/wp-json\/wp\/v2\/comments?post=653711"}],"version-history":[{"count":0,"href":"https:\/\/www.hashtag.al\/index.php\/wp-json\/wp\/v2\/posts\/653711\/revisions"}],"wp:featuredmedia":[{"embeddable":true,"href":"https:\/\/www.hashtag.al\/index.php\/wp-json\/wp\/v2\/media\/653712"}],"wp:attachment":[{"href":"https:\/\/www.hashtag.al\/index.php\/wp-json\/wp\/v2\/media?parent=653711"}],"wp:term":[{"taxonomy":"category","embeddable":true,"href":"https:\/\/www.hashtag.al\/index.php\/wp-json\/wp\/v2\/categories?post=653711"},{"taxonomy":"post_tag","embeddable":true,"href":"https:\/\/www.hashtag.al\/index.php\/wp-json\/wp\/v2\/tags?post=653711"}],"curies":[{"name":"wp","href":"https:\/\/api.w.org\/{rel}","templated":true}]}}