{"id":653608,"date":"2024-02-12T14:07:05","date_gmt":"2024-02-12T13:07:05","guid":{"rendered":"https:\/\/www.hashtag.al\/?p=653608"},"modified":"2024-02-13T08:24:36","modified_gmt":"2024-02-13T07:24:36","slug":"vucic-tha-se-kurti-deshiron-ta-rrezoje-nga-pushteti-ali-ahmetin-pergjigjet-talat-xhaferi-ka-qellim-te-demtoje-shqiptaret-ne-maqedoni","status":"publish","type":"post","link":"https:\/\/www.hashtag.al\/index.php\/2024\/02\/12\/vucic-tha-se-kurti-deshiron-ta-rrezoje-nga-pushteti-ali-ahmetin-pergjigjet-talat-xhaferi-ka-qellim-te-demtoje-shqiptaret-ne-maqedoni\/","title":{"rendered":"Vu\u00e7i\u00e7 tha se Kurti do t\u00eb rr\u00ebzoj\u00eb nga pushteti Ali Ahmetin, p\u00ebrgjigjet Talat Xhaferi","gt_translate_keys":[{"key":"rendered","format":"text"}]},"content":{"rendered":"<p><img loading=\"lazy\" decoding=\"async\" class=\"size-full wp-image-653609 aligncenter\" src=\"https:\/\/www.hashtag.al\/wp-content\/uploads\/2024\/02\/talat-xhaferri-1.jpg\" alt=\"\" width=\"859\" height=\"535\" srcset=\"https:\/\/www.hashtag.al\/wp-content\/uploads\/2024\/02\/talat-xhaferri-1.jpg 859w, https:\/\/www.hashtag.al\/wp-content\/uploads\/2024\/02\/talat-xhaferri-1-300x187.jpg 300w, https:\/\/www.hashtag.al\/wp-content\/uploads\/2024\/02\/talat-xhaferri-1-768x478.jpg 768w\" sizes=\"auto, (max-width: 859px) 100vw, 859px\" \/><\/p>\n<p><span style=\"font-weight: 400; color: #000000;\">Kryeministri i par\u00eb shqiptar n\u00eb Maqedonin\u00eb e veriut, Talat Xhaferi, ka reaguar n\u00eb lidhje me deklarat\u00ebn e presidentit serb Aleksand\u00ebr Vu\u00e7i\u00e7., q\u00eb tha se kryeministri i Kosov\u00ebs Albin Kurti po tenton ta rr\u00ebzoj\u00eb nga pushteti BDI-n\u00eb dhe Ali Ahmetin.<\/span><\/p>\n<p><span style=\"font-weight: 400; color: #000000;\">Xhaferi tha se nd\u00ebrhyrjet nga jasht\u00eb jan\u00eb t\u00eb shumta, nd\u00ebrsa theksoi se jan\u00eb tendenc\u00eb kund\u00ebr BDI-s\u00eb dhe kan\u00eb p\u00ebr q\u00ebllim t\u00eb d\u00ebmtojn\u00eb shqiptar\u00ebt n\u00eb Maqedoni.<\/span><\/p>\n<p><span style=\"color: #000000;\"><i><span style=\"font-weight: 400;\">\u201cFakti i nd\u00ebrhyrjeve nuk mund t\u00eb p\u00ebrkufizohet vet\u00ebm te Vu\u00e7i\u00e7i, fatkeq\u00ebsisht ka mjaft nd\u00ebrhyrje si\u00e7 mund ta ndiqni nga mediat. \u00cbsht\u00eb tendenc\u00eb e koordinuar kund\u00ebr BDI-s\u00eb, por jam i bindur q\u00eb qytetar\u00ebt mund t\u2019i definojn\u00eb qart\u00eb k\u00ebto elemente dhe kjo \u00ebsht\u00eb propagand\u00eb gjoja kund\u00ebr BDI-s\u00eb, por n\u00eb esenc\u00eb \u00ebsht\u00eb kund\u00ebr arritshm\u00ebrive t\u00eb shqiptar\u00ebve si popull k\u00ebtu.\u00a0<\/span><\/i><\/span><\/p>\n<p><span style=\"color: #000000;\"><i><span style=\"font-weight: 400;\">Ajo q\u00eb propagandohet se gjoja po na dilka zot Vu\u00e7i\u00e7i, mendoj se e kan\u00eb t\u00eb qart\u00eb edhe f\u00ebmij\u00ebt n\u00eb djep se cili \u00ebsht\u00eb q\u00ebllimi i fundit i k\u00ebsaj p\u00ebrpjekje\u201d<\/span><\/i><span style=\"font-weight: 400;\">, tha mes tjerash Xhaferi.<\/span><\/span><\/p>\n","protected":false,"gt_translate_keys":[{"key":"rendered","format":"html"}]},"excerpt":{"rendered":"<p>Kryeministri i par\u00eb shqiptar n\u00eb Maqedonin\u00eb e veriut, Talat Xhaferi, ka reaguar n\u00eb lidhje me deklarat\u00ebn e presidentit serb Aleksand\u00ebr Vu\u00e7i\u00e7., q\u00eb tha se kryeministri i Kosov\u00ebs Albin Kurti po tenton ta rr\u00ebzoj\u00eb nga pushteti BDI-n\u00eb dhe Ali Ahmetin. Xhaferi tha se nd\u00ebrhyrjet nga jasht\u00eb jan\u00eb t\u00eb shumta, nd\u00ebrsa theksoi se jan\u00eb tendenc\u00eb kund\u00ebr BDI-s\u00eb [&hellip;]<\/p>\n","protected":false,"gt_translate_keys":[{"key":"rendered","format":"html"}]},"author":4,"featured_media":653609,"comment_status":"closed","ping_status":"open","sticky":false,"template":"","format":"standard","meta":{"footnotes":""},"categories":[149],"tags":[],"class_list":["post-653608","post","type-post","status-publish","format-standard","has-post-thumbnail","hentry","category-kosoverajon"],"gt_translate_keys":[{"key":"link","format":"url"}],"_links":{"self":[{"href":"https:\/\/www.hashtag.al\/index.php\/wp-json\/wp\/v2\/posts\/653608","targetHints":{"allow":["GET"]}}],"collection":[{"href":"https:\/\/www.hashtag.al\/index.php\/wp-json\/wp\/v2\/posts"}],"about":[{"href":"https:\/\/www.hashtag.al\/index.php\/wp-json\/wp\/v2\/types\/post"}],"author":[{"embeddable":true,"href":"https:\/\/www.hashtag.al\/index.php\/wp-json\/wp\/v2\/users\/4"}],"replies":[{"embeddable":true,"href":"https:\/\/www.hashtag.al\/index.php\/wp-json\/wp\/v2\/comments?post=653608"}],"version-history":[{"count":0,"href":"https:\/\/www.hashtag.al\/index.php\/wp-json\/wp\/v2\/posts\/653608\/revisions"}],"wp:featuredmedia":[{"embeddable":true,"href":"https:\/\/www.hashtag.al\/index.php\/wp-json\/wp\/v2\/media\/653609"}],"wp:attachment":[{"href":"https:\/\/www.hashtag.al\/index.php\/wp-json\/wp\/v2\/media?parent=653608"}],"wp:term":[{"taxonomy":"category","embeddable":true,"href":"https:\/\/www.hashtag.al\/index.php\/wp-json\/wp\/v2\/categories?post=653608"},{"taxonomy":"post_tag","embeddable":true,"href":"https:\/\/www.hashtag.al\/index.php\/wp-json\/wp\/v2\/tags?post=653608"}],"curies":[{"name":"wp","href":"https:\/\/api.w.org\/{rel}","templated":true}]}}