{"id":653500,"date":"2024-02-12T08:59:26","date_gmt":"2024-02-12T07:59:26","guid":{"rendered":"https:\/\/www.hashtag.al\/?p=653500"},"modified":"2024-02-12T11:18:03","modified_gmt":"2024-02-12T10:18:03","slug":"pranga-39-vjecarit-ne-kamze-i-postoi-fotot-intime-27-vjecares-e-reja-gjeti-vdekjen-pasi-u-vetehodh-nga-tarraca","status":"publish","type":"post","link":"https:\/\/www.hashtag.al\/index.php\/2024\/02\/12\/pranga-39-vjecarit-ne-kamze-i-postoi-fotot-intime-27-vjecares-e-reja-gjeti-vdekjen-pasi-u-vetehodh-nga-tarraca\/","title":{"rendered":"Pranga personazhit t\u00eb TikTok-ut, i postoi foton intime 27-vje\u00e7ares, e reja gjeti vdekjen pasi u vet\u00ebhodh nga tarraca","gt_translate_keys":[{"key":"rendered","format":"text"}]},"content":{"rendered":"<p><img loading=\"lazy\" decoding=\"async\" class=\"aligncenter size-full wp-image-653546\" src=\"https:\/\/www.hashtag.al\/wp-content\/uploads\/2024\/02\/800-0-1707730791xaltin-coku-22-217.jpg\" alt=\"\" width=\"800\" height=\"457\" srcset=\"https:\/\/www.hashtag.al\/wp-content\/uploads\/2024\/02\/800-0-1707730791xaltin-coku-22-217.jpg 800w, https:\/\/www.hashtag.al\/wp-content\/uploads\/2024\/02\/800-0-1707730791xaltin-coku-22-217-300x171.jpg 300w, https:\/\/www.hashtag.al\/wp-content\/uploads\/2024\/02\/800-0-1707730791xaltin-coku-22-217-768x439.jpg 768w\" sizes=\"auto, (max-width: 800px) 100vw, 800px\" \/><\/p>\n<p><span style=\"color: #000000;\">Nj\u00eb 39-vje\u00e7ar \u00ebsht\u00eb arrestuar nga policia n\u00eb Kam\u00ebz pasi dyshohet se ka shkaktoi vet\u00ebhedhjen nga tarraca e nj\u00eb banese nj\u00eb 27-vje\u00e7are q\u00eb humbi jet\u00ebn n\u00eb spital, pasi i publikoi foto intime.<\/span><\/p>\n<p><span style=\"color: #000000;\">Ngjarja ndodhi m\u00eb 10 shkurt 2024 ku 27-vje\u00e7arja u vet\u00ebhodh nga tarraca e katit t\u00eb kat\u00ebrt, duke gjetur vdekjen n\u00eb spital. <\/span><\/p>\n<p><span style=\"color: #000000;\">Sipas policis\u00eb, dyshohet se ngjarja e r\u00ebnd\u00eb ka ardhur pas postimit t\u00eb fotove intime t\u00eb vajz\u00ebs s\u00eb re nga 39-vje\u00e7ari me iniciale A.\u00c7. i cli \u00ebsht\u00eb arrestuar.<\/span><\/p>\n<p><span style=\"color: #000000;\"><strong>Njoftimi<\/strong><\/span><\/p>\n<p><span style=\"color: #000000;\"><em>\u201cI publikoi nj\u00eb foto intime nj\u00eb 27-vje\u00e7areje, e cila p\u00ebr k\u00ebt\u00eb shkak dyshohet se u vet\u00ebhodh nga tarraca e katit t\u00eb kat\u00ebrt dhe p\u00ebr pasoj\u00eb humbi jet\u00ebn, kapet dhe vihet n\u00eb pranga 39-vje\u00e7ari. <\/em><\/span><\/p>\n<p><span style=\"color: #000000;\"><em>Sh\u00ebrbimet e Komisariatit t\u00eb Policis\u00eb Nr. 5, nisur nga dyshimet e krijuara mbi ngjarjen e ndodhur m\u00eb dat\u00eb 10.02.2024, n\u00eb rrug\u00ebn &#8220;Teuta&#8221;, ku u vet\u00ebhodh nga tarraca e katit t\u00eb 4-t, nj\u00eb shtetase, e cila si pasoj\u00eb e d\u00ebmtimeve t\u00eb marra humbi jet\u00ebn, kan\u00eb vijuar veprimet hetimore t\u00eb thelluara, n\u00eb drejtimin e Prokuroris\u00eb pran\u00eb Gjykat\u00ebs s\u00eb Shkall\u00ebs s\u00eb Par\u00eb t\u00eb Juridiksionit t\u00eb P\u00ebrgjithsh\u00ebm Tiran\u00eb, p\u00ebr t\u00eb b\u00ebr\u00eb t\u00eb mundur zbardhjen e rrethanave t\u00eb ngjarjes.\u00a0\u00a0\u00a0\u00a0\u00a0 <\/em><\/span><\/p>\n<p><span style=\"color: #000000;\"><em>N\u00eb vijim t\u00eb veprimeve hetimore t\u00eb kryera, specialist\u00ebt p\u00ebr Hetimin e Krimeve n\u00eb Komisariatin e Policis\u00eb Nr. 5 b\u00ebn\u00eb ndalimin me iniciativ\u00eb t\u00eb shtetasit:\u00a0\u00a0\u00a0\u00a0\u00a0\u00a0\u00a0 <\/em><\/span><\/p>\n<p><span style=\"color: #000000;\"><em>&#8211; A. \u00c7., 39 vje\u00e7, p\u00ebr vepr\u00ebn penale &#8220;Shkaktimi i vet\u00ebvrasjes&#8221;.\u00a0 <\/em><\/span><\/p>\n<p><span style=\"color: #000000;\"><em>Ky shtetas dyshohet se ka publikuar nj\u00eb foto intime t\u00eb 27-vje\u00e7ares, e cila dyshohet se p\u00ebr k\u00ebt\u00eb shkak \u00ebsht\u00eb vet\u00ebhedhur nga tarraca e katit t\u00eb 4-t dhe si pasoj\u00eb e d\u00ebmtimeve t\u00eb marra, ka humbur jet\u00ebn.\u00a0\u00a0\u00a0\u00a0\u00a0 <\/em><\/span><\/p>\n<p><span style=\"color: #000000;\"><em>Materialet procedurale i kaluan Prokuroris\u00eb, p\u00ebr veprime t\u00eb m\u00ebtejshme.\u201d<\/em><\/span><\/p>\n","protected":false,"gt_translate_keys":[{"key":"rendered","format":"html"}]},"excerpt":{"rendered":"<p>Nj\u00eb 39-vje\u00e7ar \u00ebsht\u00eb arrestuar nga policia n\u00eb Kam\u00ebz pasi dyshohet se ka shkaktoi vet\u00ebhedhjen nga tarraca e nj\u00eb banese nj\u00eb 27-vje\u00e7are q\u00eb humbi jet\u00ebn n\u00eb spital, pasi i publikoi foto intime. Ngjarja ndodhi m\u00eb 10 shkurt 2024 ku 27-vje\u00e7arja u vet\u00ebhodh nga tarraca e katit t\u00eb kat\u00ebrt, duke gjetur vdekjen n\u00eb spital. Sipas policis\u00eb, dyshohet [&hellip;]<\/p>\n","protected":false,"gt_translate_keys":[{"key":"rendered","format":"html"}]},"author":51,"featured_media":653546,"comment_status":"closed","ping_status":"open","sticky":false,"template":"","format":"standard","meta":{"footnotes":""},"categories":[65],"tags":[],"class_list":["post-653500","post","type-post","status-publish","format-standard","has-post-thumbnail","hentry","category-lajme"],"gt_translate_keys":[{"key":"link","format":"url"}],"_links":{"self":[{"href":"https:\/\/www.hashtag.al\/index.php\/wp-json\/wp\/v2\/posts\/653500","targetHints":{"allow":["GET"]}}],"collection":[{"href":"https:\/\/www.hashtag.al\/index.php\/wp-json\/wp\/v2\/posts"}],"about":[{"href":"https:\/\/www.hashtag.al\/index.php\/wp-json\/wp\/v2\/types\/post"}],"author":[{"embeddable":true,"href":"https:\/\/www.hashtag.al\/index.php\/wp-json\/wp\/v2\/users\/51"}],"replies":[{"embeddable":true,"href":"https:\/\/www.hashtag.al\/index.php\/wp-json\/wp\/v2\/comments?post=653500"}],"version-history":[{"count":0,"href":"https:\/\/www.hashtag.al\/index.php\/wp-json\/wp\/v2\/posts\/653500\/revisions"}],"wp:featuredmedia":[{"embeddable":true,"href":"https:\/\/www.hashtag.al\/index.php\/wp-json\/wp\/v2\/media\/653546"}],"wp:attachment":[{"href":"https:\/\/www.hashtag.al\/index.php\/wp-json\/wp\/v2\/media?parent=653500"}],"wp:term":[{"taxonomy":"category","embeddable":true,"href":"https:\/\/www.hashtag.al\/index.php\/wp-json\/wp\/v2\/categories?post=653500"},{"taxonomy":"post_tag","embeddable":true,"href":"https:\/\/www.hashtag.al\/index.php\/wp-json\/wp\/v2\/tags?post=653500"}],"curies":[{"name":"wp","href":"https:\/\/api.w.org\/{rel}","templated":true}]}}