{"id":653414,"date":"2024-02-11T16:56:53","date_gmt":"2024-02-11T15:56:53","guid":{"rendered":"https:\/\/www.hashtag.al\/?p=653414"},"modified":"2024-02-11T16:56:53","modified_gmt":"2024-02-11T15:56:53","slug":"vizita-e-blinken-ne-tirane-rama-tregues-se-ku-e-kemi-ngritur-shqiperine-ne-arenen-nderkombetare","status":"publish","type":"post","link":"https:\/\/www.hashtag.al\/index.php\/2024\/02\/11\/vizita-e-blinken-ne-tirane-rama-tregues-se-ku-e-kemi-ngritur-shqiperine-ne-arenen-nderkombetare\/","title":{"rendered":"Vizita e Blinken n\u00eb Tiran\u00eb, Rama: Tregues se ku e kemi ngritur Shqip\u00ebrin\u00eb n\u00eb aren\u00ebn nd\u00ebrkomb\u00ebtare","gt_translate_keys":[{"key":"rendered","format":"text"}]},"content":{"rendered":"<p><img loading=\"lazy\" decoding=\"async\" class=\"size-full wp-image-653415 aligncenter\" src=\"https:\/\/www.hashtag.al\/wp-content\/uploads\/2024\/02\/rama-edi88.jpg\" alt=\"\" width=\"918\" height=\"476\" srcset=\"https:\/\/www.hashtag.al\/wp-content\/uploads\/2024\/02\/rama-edi88.jpg 918w, https:\/\/www.hashtag.al\/wp-content\/uploads\/2024\/02\/rama-edi88-300x156.jpg 300w, https:\/\/www.hashtag.al\/wp-content\/uploads\/2024\/02\/rama-edi88-768x398.jpg 768w\" sizes=\"auto, (max-width: 918px) 100vw, 918px\" \/><br \/>\n<span style=\"font-weight: 400; color: #000000;\">Rama ka folur lidhur dhe me vizit\u00ebn e Sekretarit Amerikan Blinken n\u00eb Tiran\u00eb, ku sipas tij tregon n\u00eb m\u00ebnyr\u00eb t\u00eb posa\u00e7me se ku \u00ebsht\u00eb\u00a0 Shqip\u00ebrin\u00eb n\u00eb aren\u00ebn nd\u00ebrkomb\u00ebtar\u00eb, dhe \u00e7far\u00eb p\u00ebrfaq\u00ebson sot Shqip\u00ebria n\u00eb rajon.<\/span><\/p>\n<p><span style=\"color: #000000;\"><i><span style=\"font-weight: 400;\">\u201cBesoj se ardhja e sekretarit t\u00eb shtetit n\u00eb Tiran\u00eb ka dometh\u00ebnie t\u00eb ve\u00e7ant\u00eb p\u00ebr kontekstin n\u00eb t\u00eb cil\u00ebn sot ndodhet Europa e bota. P\u00ebr koh\u00ebn shum\u00eb t\u00eb ngarkuar t\u00eb nj\u00eb sekretari shteti. Fakti q\u00eb gjen t\u00eb nevojshme vendos n\u00eb axhend\u00ebn e tij t\u00eb ndalet n\u00eb kryeqytetin shqiptar si pik\u00eb referimi p\u00ebr rajonin tregon n\u00eb m\u00ebnyr\u00eb t\u00eb posa\u00e7me se ku e kemi ngritur Shqip\u00ebrin\u00eb n\u00eb aren\u00ebn nd\u00ebrkomb\u00ebtar\u00eb, dhe \u00e7far\u00eb p\u00ebrfaq\u00ebson sot Shqip\u00ebria n\u00eb rajon.\u00a0<\/span><\/i><\/span><\/p>\n<p><span style=\"color: #000000;\"><i><span style=\"font-weight: 400;\">Me krenari e them q\u00eb Shqip\u00ebria \u00ebsht\u00eb forca e shembullit p\u00ebr t\u00eb nd\u00ebrtuar paqen dhe t\u00eb ardhmen e p\u00ebrbashk\u00ebt dhe p\u00ebr tu ndar\u00eb nga nj\u00eb e kaluar e mbushur me tragjedi e prapambetje e raste t\u00eb pafundura t\u00eb humbura p\u00ebr ti l\u00ebn\u00eb nj\u00eb vend m\u00eb t\u00eb mir\u00eb gjeneratave t\u00eb tjera\u201d, <\/span><\/i><span style=\"font-weight: 400;\">u shpreh Rama.<\/span><\/span><\/p>\n","protected":false,"gt_translate_keys":[{"key":"rendered","format":"html"}]},"excerpt":{"rendered":"<p>Rama ka folur lidhur dhe me vizit\u00ebn e Sekretarit Amerikan Blinken n\u00eb Tiran\u00eb, ku sipas tij tregon n\u00eb m\u00ebnyr\u00eb t\u00eb posa\u00e7me se ku \u00ebsht\u00eb\u00a0 Shqip\u00ebrin\u00eb n\u00eb aren\u00ebn nd\u00ebrkomb\u00ebtar\u00eb, dhe \u00e7far\u00eb p\u00ebrfaq\u00ebson sot Shqip\u00ebria n\u00eb rajon. \u201cBesoj se ardhja e sekretarit t\u00eb shtetit n\u00eb Tiran\u00eb ka dometh\u00ebnie t\u00eb ve\u00e7ant\u00eb p\u00ebr kontekstin n\u00eb t\u00eb cil\u00ebn sot ndodhet [&hellip;]<\/p>\n","protected":false,"gt_translate_keys":[{"key":"rendered","format":"html"}]},"author":4,"featured_media":653415,"comment_status":"closed","ping_status":"open","sticky":false,"template":"","format":"standard","meta":{"footnotes":""},"categories":[65],"tags":[],"class_list":["post-653414","post","type-post","status-publish","format-standard","has-post-thumbnail","hentry","category-lajme"],"gt_translate_keys":[{"key":"link","format":"url"}],"_links":{"self":[{"href":"https:\/\/www.hashtag.al\/index.php\/wp-json\/wp\/v2\/posts\/653414","targetHints":{"allow":["GET"]}}],"collection":[{"href":"https:\/\/www.hashtag.al\/index.php\/wp-json\/wp\/v2\/posts"}],"about":[{"href":"https:\/\/www.hashtag.al\/index.php\/wp-json\/wp\/v2\/types\/post"}],"author":[{"embeddable":true,"href":"https:\/\/www.hashtag.al\/index.php\/wp-json\/wp\/v2\/users\/4"}],"replies":[{"embeddable":true,"href":"https:\/\/www.hashtag.al\/index.php\/wp-json\/wp\/v2\/comments?post=653414"}],"version-history":[{"count":0,"href":"https:\/\/www.hashtag.al\/index.php\/wp-json\/wp\/v2\/posts\/653414\/revisions"}],"wp:featuredmedia":[{"embeddable":true,"href":"https:\/\/www.hashtag.al\/index.php\/wp-json\/wp\/v2\/media\/653415"}],"wp:attachment":[{"href":"https:\/\/www.hashtag.al\/index.php\/wp-json\/wp\/v2\/media?parent=653414"}],"wp:term":[{"taxonomy":"category","embeddable":true,"href":"https:\/\/www.hashtag.al\/index.php\/wp-json\/wp\/v2\/categories?post=653414"},{"taxonomy":"post_tag","embeddable":true,"href":"https:\/\/www.hashtag.al\/index.php\/wp-json\/wp\/v2\/tags?post=653414"}],"curies":[{"name":"wp","href":"https:\/\/api.w.org\/{rel}","templated":true}]}}