{"id":653406,"date":"2024-02-11T16:29:37","date_gmt":"2024-02-11T15:29:37","guid":{"rendered":"https:\/\/www.hashtag.al\/?p=653406"},"modified":"2024-02-11T16:29:37","modified_gmt":"2024-02-11T15:29:37","slug":"asambleja-e-ps-rama-ka-qene-nje-mbledhje-pune-ballafaqime-me-fakte-dhe-opinione","status":"publish","type":"post","link":"https:\/\/www.hashtag.al\/index.php\/2024\/02\/11\/asambleja-e-ps-rama-ka-qene-nje-mbledhje-pune-ballafaqime-me-fakte-dhe-opinione\/","title":{"rendered":"Asambleja e PS, Rama: Ka q\u00ebn\u00eb nj\u00eb mbledhje pune, ballafaqime me fakte dhe opinione","gt_translate_keys":[{"key":"rendered","format":"text"}]},"content":{"rendered":"<p><img loading=\"lazy\" decoding=\"async\" class=\"size-full wp-image-653407 aligncenter\" src=\"https:\/\/www.hashtag.al\/wp-content\/uploads\/2024\/02\/1707664610_rama.jpg\" alt=\"\" width=\"780\" height=\"440\" srcset=\"https:\/\/www.hashtag.al\/wp-content\/uploads\/2024\/02\/1707664610_rama.jpg 780w, https:\/\/www.hashtag.al\/wp-content\/uploads\/2024\/02\/1707664610_rama-300x169.jpg 300w, https:\/\/www.hashtag.al\/wp-content\/uploads\/2024\/02\/1707664610_rama-768x433.jpg 768w\" sizes=\"auto, (max-width: 780px) 100vw, 780px\" \/><\/p>\n<p><span style=\"font-weight: 400; color: #000000;\">N\u00eb p\u00ebrfundim t\u00eb mbledhjes s\u00eb Asambles\u00eb s\u00eb PS kryeministri Edi Rama ka dh\u00ebn\u00eb detaje p\u00ebr \u00e7far\u00eb \u00ebsht\u00eb diskutuar.<\/span><\/p>\n<p><span style=\"font-weight: 400; color: #000000;\">Kreu i qeveris\u00eb \u00ebsht\u00eb shprehur se ka q\u00ebn\u00eb nj\u00eb mbledhje pune n\u00eb t\u00eb cil\u00ebn ka ballafaqime, fakte dhe opinione t\u00eb mbledhura n\u00eb nj\u00eb proces kapilar.<\/span><\/p>\n<p><span style=\"color: #000000;\"><i><span style=\"font-weight: 400;\">\u201cKemi b\u00ebr\u00eb mbledhje me diskutime t\u00eb shumta me shum\u00eb an\u00ebtar\u00eb. Ka qen\u00eb nj\u00eb mbledhje pune dhe n\u00eb nj\u00eb mbledhje pune ka ballafaqime me fakte dhe opinione t\u00eb mbledhura n\u00eb nj\u00eb proces shum\u00eb kapilar. Ka shqet\u00ebsime q\u00eb vijn\u00eb nga organizata t\u00eb ndryshme.<\/span><\/i><\/span><\/p>\n<p><span style=\"color: #000000;\"><i><span style=\"font-weight: 400;\">Ka pasur qasje vet\u00ebkritike nga t\u00eb gjith\u00eb se bashku duke filluar nga un\u00eb. Mos i besoni shum\u00eb m\u00ebnyr\u00ebs si rrjedhin gj\u00ebrat se duhen verifikuar n\u00eb burim. Jam k\u00ebtu me sekretarin e p\u00ebrgjithsh\u00ebm p\u00ebr t\u00eb informuar se jemi shum\u00eb t\u00eb k\u00ebnaqur ngas kjo mbledhje. Kemi miratuar planin e veprimit p\u00ebr periudh\u00ebn 15 shkurt 15 mars kur fillojn\u00eb mbledhjet n\u00eb t\u00eb gjith\u00eb organizat\u00ebn ton\u00eb politike, &#8221; \u00ebsht\u00eb sjprehur Rama.<\/span><\/i><\/span><\/p>\n","protected":false,"gt_translate_keys":[{"key":"rendered","format":"html"}]},"excerpt":{"rendered":"<p>N\u00eb p\u00ebrfundim t\u00eb mbledhjes s\u00eb Asambles\u00eb s\u00eb PS kryeministri Edi Rama ka dh\u00ebn\u00eb detaje p\u00ebr \u00e7far\u00eb \u00ebsht\u00eb diskutuar. Kreu i qeveris\u00eb \u00ebsht\u00eb shprehur se ka q\u00ebn\u00eb nj\u00eb mbledhje pune n\u00eb t\u00eb cil\u00ebn ka ballafaqime, fakte dhe opinione t\u00eb mbledhura n\u00eb nj\u00eb proces kapilar. \u201cKemi b\u00ebr\u00eb mbledhje me diskutime t\u00eb shumta me shum\u00eb an\u00ebtar\u00eb. Ka qen\u00eb [&hellip;]<\/p>\n","protected":false,"gt_translate_keys":[{"key":"rendered","format":"html"}]},"author":4,"featured_media":653407,"comment_status":"closed","ping_status":"open","sticky":false,"template":"","format":"standard","meta":{"footnotes":""},"categories":[65],"tags":[],"class_list":["post-653406","post","type-post","status-publish","format-standard","has-post-thumbnail","hentry","category-lajme"],"gt_translate_keys":[{"key":"link","format":"url"}],"_links":{"self":[{"href":"https:\/\/www.hashtag.al\/index.php\/wp-json\/wp\/v2\/posts\/653406","targetHints":{"allow":["GET"]}}],"collection":[{"href":"https:\/\/www.hashtag.al\/index.php\/wp-json\/wp\/v2\/posts"}],"about":[{"href":"https:\/\/www.hashtag.al\/index.php\/wp-json\/wp\/v2\/types\/post"}],"author":[{"embeddable":true,"href":"https:\/\/www.hashtag.al\/index.php\/wp-json\/wp\/v2\/users\/4"}],"replies":[{"embeddable":true,"href":"https:\/\/www.hashtag.al\/index.php\/wp-json\/wp\/v2\/comments?post=653406"}],"version-history":[{"count":0,"href":"https:\/\/www.hashtag.al\/index.php\/wp-json\/wp\/v2\/posts\/653406\/revisions"}],"wp:featuredmedia":[{"embeddable":true,"href":"https:\/\/www.hashtag.al\/index.php\/wp-json\/wp\/v2\/media\/653407"}],"wp:attachment":[{"href":"https:\/\/www.hashtag.al\/index.php\/wp-json\/wp\/v2\/media?parent=653406"}],"wp:term":[{"taxonomy":"category","embeddable":true,"href":"https:\/\/www.hashtag.al\/index.php\/wp-json\/wp\/v2\/categories?post=653406"},{"taxonomy":"post_tag","embeddable":true,"href":"https:\/\/www.hashtag.al\/index.php\/wp-json\/wp\/v2\/tags?post=653406"}],"curies":[{"name":"wp","href":"https:\/\/api.w.org\/{rel}","templated":true}]}}