{"id":653333,"date":"2024-02-11T10:18:11","date_gmt":"2024-02-11T09:18:11","guid":{"rendered":"https:\/\/www.hashtag.al\/?p=653333"},"modified":"2024-02-11T10:18:11","modified_gmt":"2024-02-11T09:18:11","slug":"ps-zhvillon-sot-asamblene-kombetare-cfare-pritet-te-diskutohet","status":"publish","type":"post","link":"https:\/\/www.hashtag.al\/index.php\/2024\/02\/11\/ps-zhvillon-sot-asamblene-kombetare-cfare-pritet-te-diskutohet\/","title":{"rendered":"PS zhvillon sot Asamblen\u00eb Komb\u00ebtare, \u00e7far\u00eb pritet t\u00eb diskutohet","gt_translate_keys":[{"key":"rendered","format":"text"}]},"content":{"rendered":"<p><span style=\"color: #000000;\"><a href=\"https:\/\/www.hashtag.al\/wp-content\/uploads\/2024\/02\/Asambleja-PS.jpg\"><img loading=\"lazy\" decoding=\"async\" class=\"aligncenter size-full wp-image-653334\" src=\"https:\/\/www.hashtag.al\/wp-content\/uploads\/2024\/02\/Asambleja-PS.jpg\" alt=\"\" width=\"700\" height=\"417\" srcset=\"https:\/\/www.hashtag.al\/wp-content\/uploads\/2024\/02\/Asambleja-PS.jpg 700w, https:\/\/www.hashtag.al\/wp-content\/uploads\/2024\/02\/Asambleja-PS-300x179.jpg 300w\" sizes=\"auto, (max-width: 700px) 100vw, 700px\" \/><\/a><\/span><\/p>\n<p><span style=\"color: #000000;\">Partia Socialiste mbledh\u00eb k\u00ebt\u00eb t\u00eb diel Asamblen\u00eb Komb\u00ebtare.<\/span><\/p>\n<p><span style=\"color: #000000;\">N\u00eb k\u00ebt\u00eb mbledhje do t\u00eb diskutohet riorganizimi i Partis\u00eb Socialiste. Drejtuesit politik t\u00eb qarqeve dhe deputet\u00ebt kan\u00eb zbritur n\u00eb baz\u00eb prej jav\u00ebsh ku kan\u00eb zhvilluar takime t\u00eb shumta n\u00eb kuad\u00ebr t\u00eb riorganizimit t\u00eb Partis\u00eb.<\/span><\/p>\n<p><span style=\"color: #000000;\">N\u00eb kuad\u00ebr t\u00eb k\u00ebtij procesi, jav\u00ebt e ardhshme do t\u00eb zhvillohen zgjedhjet brenda partis\u00eb ku do t\u00eb zgjidhen drejtuesit e rinj t\u00eb partis\u00eb n\u00eb qarqe. Gjithashtu, n\u00eb k\u00ebt\u00eb mbledhje do t\u00eb b\u00ebhet analiza. Takimi do t\u00eb hapet me fjal\u00ebn e sekretarit t\u00eb p\u00ebrgjithsh\u00ebm t\u00eb Partis\u00eb, Blendi Klosi.<\/span><\/p>\n<p><span style=\"color: #000000;\">Pjesa kryesore e punimeve t\u00eb k\u00ebsaj asambleje \u00ebsht\u00eb fjala e kryetarit t\u00eb partis\u00eb, Edi Rama.\u00a0<\/span><\/p>\n<p><span style=\"color: #000000;\">Rama ka vendosur q\u00eb mbledhja t\u00eb b\u00ebhet pa pranin\u00eb e kamerave edhe n\u00eb pjes\u00ebn kur mban fjalimin vet\u00eb ai.<\/span><\/p>\n","protected":false,"gt_translate_keys":[{"key":"rendered","format":"html"}]},"excerpt":{"rendered":"<p>Partia Socialiste mbledh\u00eb k\u00ebt\u00eb t\u00eb diel Asamblen\u00eb Komb\u00ebtare. N\u00eb k\u00ebt\u00eb mbledhje do t\u00eb diskutohet riorganizimi i Partis\u00eb Socialiste. Drejtuesit politik t\u00eb qarqeve dhe deputet\u00ebt kan\u00eb zbritur n\u00eb baz\u00eb prej jav\u00ebsh ku kan\u00eb zhvilluar takime t\u00eb shumta n\u00eb kuad\u00ebr t\u00eb riorganizimit t\u00eb Partis\u00eb. N\u00eb kuad\u00ebr t\u00eb k\u00ebtij procesi, jav\u00ebt e ardhshme do t\u00eb zhvillohen zgjedhjet brenda [&hellip;]<\/p>\n","protected":false,"gt_translate_keys":[{"key":"rendered","format":"html"}]},"author":30,"featured_media":653334,"comment_status":"closed","ping_status":"open","sticky":false,"template":"","format":"standard","meta":{"footnotes":""},"categories":[65],"tags":[],"class_list":["post-653333","post","type-post","status-publish","format-standard","has-post-thumbnail","hentry","category-lajme"],"gt_translate_keys":[{"key":"link","format":"url"}],"_links":{"self":[{"href":"https:\/\/www.hashtag.al\/index.php\/wp-json\/wp\/v2\/posts\/653333","targetHints":{"allow":["GET"]}}],"collection":[{"href":"https:\/\/www.hashtag.al\/index.php\/wp-json\/wp\/v2\/posts"}],"about":[{"href":"https:\/\/www.hashtag.al\/index.php\/wp-json\/wp\/v2\/types\/post"}],"author":[{"embeddable":true,"href":"https:\/\/www.hashtag.al\/index.php\/wp-json\/wp\/v2\/users\/30"}],"replies":[{"embeddable":true,"href":"https:\/\/www.hashtag.al\/index.php\/wp-json\/wp\/v2\/comments?post=653333"}],"version-history":[{"count":0,"href":"https:\/\/www.hashtag.al\/index.php\/wp-json\/wp\/v2\/posts\/653333\/revisions"}],"wp:featuredmedia":[{"embeddable":true,"href":"https:\/\/www.hashtag.al\/index.php\/wp-json\/wp\/v2\/media\/653334"}],"wp:attachment":[{"href":"https:\/\/www.hashtag.al\/index.php\/wp-json\/wp\/v2\/media?parent=653333"}],"wp:term":[{"taxonomy":"category","embeddable":true,"href":"https:\/\/www.hashtag.al\/index.php\/wp-json\/wp\/v2\/categories?post=653333"},{"taxonomy":"post_tag","embeddable":true,"href":"https:\/\/www.hashtag.al\/index.php\/wp-json\/wp\/v2\/tags?post=653333"}],"curies":[{"name":"wp","href":"https:\/\/api.w.org\/{rel}","templated":true}]}}