{"id":653239,"date":"2024-02-10T16:52:50","date_gmt":"2024-02-10T15:52:50","guid":{"rendered":"https:\/\/www.hashtag.al\/?p=653239"},"modified":"2024-02-10T16:52:50","modified_gmt":"2024-02-10T15:52:50","slug":"atentati-ne-shkoder-2-dite-me-pare-kapet-ne-gjermani-autori-i-dyshuar","status":"publish","type":"post","link":"https:\/\/www.hashtag.al\/index.php\/2024\/02\/10\/atentati-ne-shkoder-2-dite-me-pare-kapet-ne-gjermani-autori-i-dyshuar\/","title":{"rendered":"Atentati n\u00eb Shkod\u00ebr 2 dit\u00eb m\u00eb par\u00eb, kapet n\u00eb Gjermani autori i dyshuar","gt_translate_keys":[{"key":"rendered","format":"text"}]},"content":{"rendered":"<p><img loading=\"lazy\" decoding=\"async\" class=\"aligncenter size-full wp-image-653240\" src=\"https:\/\/www.hashtag.al\/wp-content\/uploads\/2024\/02\/sulkapllan-ezgif.com-webp-to-jpg-converter.jpg\" alt=\"\" width=\"1280\" height=\"720\" srcset=\"https:\/\/www.hashtag.al\/wp-content\/uploads\/2024\/02\/sulkapllan-ezgif.com-webp-to-jpg-converter.jpg 1280w, https:\/\/www.hashtag.al\/wp-content\/uploads\/2024\/02\/sulkapllan-ezgif.com-webp-to-jpg-converter-300x169.jpg 300w, https:\/\/www.hashtag.al\/wp-content\/uploads\/2024\/02\/sulkapllan-ezgif.com-webp-to-jpg-converter-1024x576.jpg 1024w, https:\/\/www.hashtag.al\/wp-content\/uploads\/2024\/02\/sulkapllan-ezgif.com-webp-to-jpg-converter-768x432.jpg 768w\" sizes=\"auto, (max-width: 1280px) 100vw, 1280px\" \/><\/p>\n<p><span style=\"color: #000000;\">\u00cbsht\u00eb arrestuar n\u00eb Gjermani autori i dyshuar i plagosjes s\u00eb ndodhur n\u00eb Shkod\u00ebr dy dit\u00eb m\u00eb par\u00eb.<\/span><\/p>\n<p><span style=\"color: #000000;\"> Sipas policis\u00eb, autori i identifikuar si Sulejmani Kapllani \u00ebsht\u00eb arrestuar n\u00eb Berlin, Gjermani pas bashk\u00ebpunimit mes autoriteteve shqiptare e gjermane. <\/span><\/p>\n<p><span style=\"color: #000000;\">Ngjarja ndodhi m\u00eb 8 shkurt 2024 n\u00eb lagjen \u201cGuerrile\u201d n\u00eb Shkod\u00ebr ku 68-vje\u00e7ari Kapllani akuzohet se ka q\u00eblluar me arm\u00eb ndaj makin\u00ebs s\u00eb mark\u00ebs \u201cCitro\u00ebn\u201d p\u00ebr t\u00eb vrar\u00eb nj\u00eb person me iniciale S.B. <\/span><\/p>\n<p><span style=\"color: #000000;\">I arrestuari pritet t\u00eb ekstradohet drejt Shqip\u00ebris\u00eb pas kryerjes s\u00eb procedurave.<\/span><\/p>\n<p><span style=\"color: #000000;\"><strong>Njoftimi<\/strong><\/span><\/p>\n<p><span style=\"color: #000000;\"><em>\u201cShkod\u00ebr\/Zbardhet ngjarja e ndodhur 2 dit\u00eb m\u00eb par\u00eb, n\u00eb Shkod\u00ebr, ku u plagos me arm\u00eb zjarri shtetasi S. B.<\/em><\/span><\/p>\n<p><span style=\"color: #000000;\"><em>Fal\u00eb bashk\u00ebpunimit dhe shk\u00ebmbimit t\u00eb informacionit nd\u00ebrmjet Interpol Tiran\u00ebs dhe Interpol Wiesbaden, u b\u00eb i mundur lokalizimi, kapja dhe arrestimi me q\u00ebllim ekstradimin drejt Shqip\u00ebris\u00eb, i autorit t\u00eb dyshuar t\u00eb k\u00ebsaj ngjarjeje.<\/em><\/span><\/p>\n<p><span style=\"color: #000000;\"><em>N\u00eb vijim t\u00eb hetimeve t\u00eb thelluara p\u00ebr zbardhjen e rrethanave t\u00eb rastit, si dhe p\u00ebr identifikimin dhe kapjen e autorit t\u00eb plagosjes s\u00eb shtetasit S. B., t\u00eb kryer m\u00eb dat\u00eb 08.02.2024, strukturat hetimore t\u00eb Drejtoris\u00eb Vendore t\u00eb Policis\u00eb Shkod\u00ebr, n\u00eb bashk\u00ebpunim me Prokurorin\u00eb, bazuar n\u00eb provat dhe n\u00eb informacionet e siguruara, identifikuan dhe shpall\u00ebn n\u00eb k\u00ebrkim autorin e dyshuar, shtetasin Sulejman Kapllani.<\/em><\/span><\/p>\n<p><span style=\"color: #000000;\"><em>Si rezultat i nj\u00eb hetimi intensiv dhe profesional t\u00eb kryer nga strukturat hetimore t\u00eb DVP Shkod\u00ebr, n\u00eb drejtimin e Prokuroris\u00eb pran\u00eb Gjykat\u00ebs s\u00eb Shkall\u00ebs s\u00eb Par\u00eb t\u00eb Juridiksionit t\u00eb P\u00ebrgjithsh\u00ebm Shkod\u00ebr, dhe fal\u00eb inteligjenc\u00ebs policore, u sigurua informacion se autori i dyshuar kishte udh\u00ebtuar drejt Berlinit.<\/em><\/span><\/p>\n<p><span style=\"color: #000000;\"><em>N\u00eb kuad\u00ebr t\u00eb nj\u00eb operacioni t\u00eb p\u00ebrbashk\u00ebt, t\u00eb koduar \u201cKoordinimi\u201d, t\u00eb kryer n\u00eb bashk\u00ebpunim me Interpolin dhe me homolog\u00ebt gjerman\u00eb, \u00ebsht\u00eb kapur n\u00eb qytetin e Berlinit, Gjermani, i shpalluri n\u00eb k\u00ebrkim nd\u00ebrkomb\u00ebtar shtetasi S. K., 68 vje\u00e7, banues n\u00eb lagjen \u201cGuerile\u201d, Shkod\u00ebr.<\/em><\/span><\/p>\n<p><span style=\"color: #000000;\"><em>Shtetasi S. K. dyshohet si autori kryesor i ngjarjes s\u00eb dat\u00ebs 08.02.2024, n\u00eb Shkod\u00ebr, ku ka q\u00eblluar me arm\u00eb zjarri n\u00eb drejtim t\u00eb automjetit t\u00eb mark\u00ebs \u201cCitroen\u201d, p\u00ebr t\u00eb vrar\u00eb shtetasin S. B., banues n\u00eb lagjen \u201cGuerile\u201d, Shkod\u00ebr.<\/em><\/span><\/p>\n<p><span style=\"color: #000000;\"><em>Ndaj shtetasit S. K., Prokuroria kishte l\u00ebshuar nj\u00eb urdh\u00ebr ndalimi p\u00ebr veprat penale \u201cVrasja me paramendim\u201d, mbetur n\u00eb tentativ\u00eb dhe \u201cMbajtja pa leje dhe prodhimi i arm\u00ebve, arm\u00ebve shp\u00ebrthyese dhe municionit\u201d.<\/em><\/span><\/p>\n<p><span style=\"color: #000000;\"><em>Sqarojm\u00eb se strukturat kund\u00ebr krimeve t\u00eb r\u00ebnda t\u00eb DVP Shkod\u00ebr kan\u00eb sekuestruar n\u00eb cil\u00ebsin\u00eb e prov\u00ebs materiale, arm\u00ebn me t\u00eb cil\u00ebn \u00ebsht\u00eb ekzekutuar vepra penale, nj\u00eb AK-47, s\u00eb bashku me krehra me fishek\u00eb, si dhe automjeti i p\u00ebrdorur p\u00ebr transportimin e autorit.<\/em><\/span><\/p>\n<p><span style=\"color: #000000;\"><em>Bashk\u00ebpunimi i sh\u00ebrbimeve tona policore me Interpolin \u00ebsht\u00eb nj\u00eb d\u00ebshmi e angazhimit t\u00eb p\u00ebrbashk\u00ebt p\u00ebr luft\u00ebn kund\u00ebr krimit t\u00eb organizuar dhe krimeve t\u00eb r\u00ebnda.<\/em><\/span><\/p>\n<p><span style=\"color: #000000;\"><em>Policia e Shkodr\u00ebs po vazhdon hetimet p\u00ebr t\u00eb zbardhur t\u00eb gjith\u00eb rrethanat e ngjarjes dhe p\u00ebr t\u00eb v\u00ebn\u00eb p\u00ebrpara drejt\u00ebsis\u00eb dhe autor\u00eb t\u00eb tjer\u00eb t\u00eb mundsh\u00ebm t\u00eb implikuar.\u201d<\/em><\/span><\/p>\n","protected":false,"gt_translate_keys":[{"key":"rendered","format":"html"}]},"excerpt":{"rendered":"<p>\u00cbsht\u00eb arrestuar n\u00eb Gjermani autori i dyshuar i plagosjes s\u00eb ndodhur n\u00eb Shkod\u00ebr dy dit\u00eb m\u00eb par\u00eb. Sipas policis\u00eb, autori i identifikuar si Sulejmani Kapllani \u00ebsht\u00eb arrestuar n\u00eb Berlin, Gjermani pas bashk\u00ebpunimit mes autoriteteve shqiptare e gjermane. Ngjarja ndodhi m\u00eb 8 shkurt 2024 n\u00eb lagjen \u201cGuerrile\u201d n\u00eb Shkod\u00ebr ku 68-vje\u00e7ari Kapllani akuzohet se ka q\u00eblluar [&hellip;]<\/p>\n","protected":false,"gt_translate_keys":[{"key":"rendered","format":"html"}]},"author":51,"featured_media":653240,"comment_status":"closed","ping_status":"open","sticky":false,"template":"","format":"standard","meta":{"footnotes":""},"categories":[65],"tags":[],"class_list":["post-653239","post","type-post","status-publish","format-standard","has-post-thumbnail","hentry","category-lajme"],"gt_translate_keys":[{"key":"link","format":"url"}],"_links":{"self":[{"href":"https:\/\/www.hashtag.al\/index.php\/wp-json\/wp\/v2\/posts\/653239","targetHints":{"allow":["GET"]}}],"collection":[{"href":"https:\/\/www.hashtag.al\/index.php\/wp-json\/wp\/v2\/posts"}],"about":[{"href":"https:\/\/www.hashtag.al\/index.php\/wp-json\/wp\/v2\/types\/post"}],"author":[{"embeddable":true,"href":"https:\/\/www.hashtag.al\/index.php\/wp-json\/wp\/v2\/users\/51"}],"replies":[{"embeddable":true,"href":"https:\/\/www.hashtag.al\/index.php\/wp-json\/wp\/v2\/comments?post=653239"}],"version-history":[{"count":0,"href":"https:\/\/www.hashtag.al\/index.php\/wp-json\/wp\/v2\/posts\/653239\/revisions"}],"wp:featuredmedia":[{"embeddable":true,"href":"https:\/\/www.hashtag.al\/index.php\/wp-json\/wp\/v2\/media\/653240"}],"wp:attachment":[{"href":"https:\/\/www.hashtag.al\/index.php\/wp-json\/wp\/v2\/media?parent=653239"}],"wp:term":[{"taxonomy":"category","embeddable":true,"href":"https:\/\/www.hashtag.al\/index.php\/wp-json\/wp\/v2\/categories?post=653239"},{"taxonomy":"post_tag","embeddable":true,"href":"https:\/\/www.hashtag.al\/index.php\/wp-json\/wp\/v2\/tags?post=653239"}],"curies":[{"name":"wp","href":"https:\/\/api.w.org\/{rel}","templated":true}]}}