{"id":653225,"date":"2024-02-10T14:58:30","date_gmt":"2024-02-10T13:58:30","guid":{"rendered":"https:\/\/www.hashtag.al\/?p=653225"},"modified":"2024-02-10T14:58:30","modified_gmt":"2024-02-10T13:58:30","slug":"vizita-e-blinken-ne-shqiperi-reagon-rama-shtepia-e-shqiptarit-eshte-e-zotit-dhe-e-mikut","status":"publish","type":"post","link":"https:\/\/www.hashtag.al\/index.php\/2024\/02\/10\/vizita-e-blinken-ne-shqiperi-reagon-rama-shtepia-e-shqiptarit-eshte-e-zotit-dhe-e-mikut\/","title":{"rendered":"Vizita e Blinken n\u00eb Shqip\u00ebri, reagon Rama: Sht\u00ebpia e shqiptarit \u00ebsht\u00eb e Zotit dhe e mikut","gt_translate_keys":[{"key":"rendered","format":"text"}]},"content":{"rendered":"<p style=\"text-align: left;\"><span style=\"color: #000000;\"> <img loading=\"lazy\" decoding=\"async\" class=\"size-full wp-image-652013 aligncenter\" src=\"https:\/\/www.hashtag.al\/wp-content\/uploads\/2024\/02\/edi-rama-kryeministria-1.jpg\" alt=\"\" width=\"993\" height=\"643\" srcset=\"https:\/\/www.hashtag.al\/wp-content\/uploads\/2024\/02\/edi-rama-kryeministria-1.jpg 993w, https:\/\/www.hashtag.al\/wp-content\/uploads\/2024\/02\/edi-rama-kryeministria-1-300x194.jpg 300w, https:\/\/www.hashtag.al\/wp-content\/uploads\/2024\/02\/edi-rama-kryeministria-1-768x497.jpg 768w\" sizes=\"auto, (max-width: 993px) 100vw, 993px\" \/><\/span><\/p>\n<p style=\"text-align: left;\"><span style=\"color: #000000;\">Kryeministri Edi Rama ka reaguar n\u00eb lidhje me vizit\u00ebn e Sekretari amerikan t\u00eb Shtetit Antony Blinken.<\/span><\/p>\n<p style=\"text-align: left;\"><span style=\"color: #000000;\">N\u00eb nj\u00eb postim n\u00eb rrjetet sociale ai shkroi se mbetet i angazhuar n\u00eb partneritetin me SHBA, nd\u00ebrsa e cil\u00ebsoi vendin ton\u00eb si nj\u00eb vend i p\u00ebrkushtuar n\u00eb NATO.<\/span><\/p>\n<p style=\"text-align: left;\"><span style=\"color: #000000;\">Rama ka vler\u00ebsuar mb\u00ebshtetjen pa rezerva t\u00eb Shteteve t\u00eb Bashkuara n\u00eb rrug\u00ebn e transformimit rr\u00ebnj\u00ebsor t\u00eb vendit, sidomos n\u00eb reform\u00ebn n\u00eb Drejt\u00ebsi.<\/span><\/p>\n<p style=\"text-align: left;\"><span style=\"color: #000000;\"><strong>Postimi:<\/strong><\/span><\/p>\n<p style=\"text-align: left;\"><span style=\"color: #000000;\"><em>Ardhja e nj\u00eb Sekretari t\u00eb Shtetit n\u00eb k\u00ebto koh\u00eb kaq t\u00eb trazuara p\u00ebr bot\u00ebn, si edhe zgjedhja p\u00ebr ta vizituar rajonin ton\u00eb duke u ndalur pik\u00ebrisht n\u00eb kryeqytetin ton\u00eb, kan\u00eb nj\u00eb vler\u00eb t\u00eb ve\u00e7ant\u00eb p\u00ebr Shqip\u00ebrin\u00eb. E teksa p\u00ebrgatitemi p\u00ebr t\u2019i uruar mir\u00ebseardhjen mikut t\u00eb \u00e7muar, dua t\u00eb rin\u00ebnvizoj angazhimin e plot\u00eb t\u00eb Shqip\u00ebris\u00eb n\u00eb partneritetin strategjik me Shtetet e Bashkuara.<\/em><\/span><\/p>\n<p style=\"text-align: left;\"><span style=\"color: #000000;\"><em>Sekretari Blinken n\u00eb Tiran\u00eb do t\u00eb gjej\u00eb nj\u00eb vend aleat t\u00eb angazhuar p\u00ebr paqen, stabilitetin demokratik dhe bashk\u00ebpunimin e gjithansh\u00ebm n\u00eb rajonin ton\u00eb. Shqip\u00ebria i ka shtrir\u00eb dor\u00ebn e miq\u00ebsis\u00eb t\u00eb gjith\u00ebve n\u00eb rajon dhe mb\u00ebshtet pa asnj\u00eb rezerv\u00eb p\u00ebrpjekjet e Bashkimit Europian e t\u00eb Shteteve t\u00eb Bashkuara p\u00ebr normalizimin e marr\u00ebdh\u00ebnieve midis Kosov\u00ebs dhe Serbis\u00eb, si nj\u00eb \u00e7el\u00ebs i padiskutuesh\u00ebm strategjik p\u00ebr sigurin\u00eb, zhvillimin dhe mir\u00ebq\u00ebnien e bashk\u00ebsis\u00eb s\u00eb popujve tan\u00eb n\u00eb zem\u00ebr t\u00eb Europ\u00ebs, ku e shkuara e mbushur me tragjedi, konflikte e prapambetje, duhet t\u2019ia ler\u00eb nj\u00ebher\u00eb e mir\u00eb vendin t\u00eb ardhmes s\u00eb mbushur me mund\u00ebsi, partneritete e zhvillim.<\/em><\/span><\/p>\n<p style=\"text-align: left;\"><span style=\"color: #000000;\"><em>Ai do t\u00eb gjej\u00eb nj\u00eb vend t\u00eb p\u00ebrkushtuar t\u00eb NATO-s, nj\u00eb an\u00ebtar t\u00eb gatsh\u00ebm t\u00eb Aleanc\u00ebs Euro-Atlantike p\u00ebr t\u00eb vazhduar investimet e gjithanshme p\u00ebr rritjen e kapaciteteve mbrojt\u00ebse, n\u00eb bashk\u00ebpunim t\u00eb ngusht\u00eb me Shtetet e Bashkuara. Shqip\u00ebria \u00ebsht\u00eb vijim\u00ebsisht gati t\u00eb angazhoj\u00eb trupa dhe burime t\u00eb reja, n\u00eb kuadrin e angazhimit kolektiv t\u00eb t\u00eb gjitha vendeve an\u00ebtare p\u00ebr fuqizimin e NATO-s, n\u00eb mbrojtje t\u00eb vlerave t\u00eb patjet\u00ebrsueshme q\u00eb mish\u00ebrojn\u00eb vet\u00eb arsyen ekzistenciale t\u00eb komunitetit ton\u00eb demokratik. Vendi yn\u00eb \u00ebsht\u00eb n\u00eb krah t\u00eb Shteteve t\u00eb Bashkuara n\u00eb luft\u00ebn kund\u00ebr terrorizmit e n\u00eb kund\u00ebrv\u00ebnien ndaj \u00e7do shemb\u00eblltyre t\u00eb totalitarizmit dhe Sekretari i Shtetit do ta gjej\u00eb Shqip\u00ebrin\u00eb t\u00eb vendosur pa rezerv\u00eb n\u00eb mb\u00ebshtetjen e luft\u00ebs s\u00eb Ukrain\u00ebs mike p\u00ebr lirin\u00eb dhe mbijetes\u00ebn e saj.<br \/>\nSekretari Blinken do t\u00eb gjej\u00eb nj\u00eb Shqip\u00ebri mir\u00ebnjoh\u00ebse p\u00ebr miq\u00ebsin\u00eb e paz\u00ebvend\u00ebsueshme dhe p\u00ebr mb\u00ebshtetjen pa rezerva t\u00eb Shteteve t\u00eb Bashkuara n\u00eb rrug\u00ebn e transformimit ton\u00eb rr\u00ebnj\u00ebsor, e posa\u00e7\u00ebrisht n\u00eb k\u00ebt\u00eb koh\u00eb nj\u00eb Shqip\u00ebri fal\u00ebnderuese p\u00ebr partneritetin e \u00e7muar t\u00eb Shteteve t\u00eb Bashkuara n\u00eb reformimin historik t\u00eb sistemit t\u00eb drejt\u00ebsis\u00eb, ku qeveria q\u00eb un\u00eb kam privilegjin t\u00eb udh\u00ebheq mbetet vendosm\u00ebrisht garante e pavar\u00ebsis\u00eb s\u00eb drejt\u00ebsis\u00eb s\u00eb re, n\u00eb p\u00ebrpjekjen e madhe p\u00ebr zhb\u00ebrjen e kultur\u00ebs s\u00eb vjet\u00ebr t\u00eb pand\u00ebshkueshm\u00ebris\u00eb. Rilindja e besimit t\u00eb publikut tek drejt\u00ebsia, fal\u00eb disa goditjeve kuptimplota antikorrupsion n\u00eb nivelet m\u00eb t\u00eb larta, \u00ebsht\u00eb nj\u00eb arritje e par\u00eb kuptimplot\u00eb n\u00eb rrug\u00ebn e re t\u00eb shtetb\u00ebrjes demokratike, ku vendosja e sundimit t\u00eb barabart\u00eb t\u00eb ligjit p\u00ebrb\u00ebn kushtin themelor t\u00eb ndarjes epokale me t\u00eb shkuar\u00ebn nj\u00ebqind e kusur vje\u00e7are t\u00eb pabarazis\u00eb para ligjit n\u00eb k\u00ebt\u00eb vend. P\u00ebr t\u00eb vazhduar me sukses n\u00eb k\u00ebt\u00eb rrug\u00eb tejet sfiduese, asistenca e pand\u00ebrprer\u00eb e Shteteve t\u00eb Bashkuara n\u00eb rritjen e forcimin e kapaciteteve tona \u00ebsht\u00eb pa dyshim, nj\u00eb nd\u00ebr kushtet e patjet\u00ebrsueshme t\u00eb k\u00ebsaj faze vendimtare p\u00ebr konsolidimin pa kthim t\u00eb shtetit t\u00eb s\u00eb drejt\u00ebs dhe p\u00ebr rifitimin e aq shum\u00eb kohe t\u00eb humbur n\u00eb t\u00eb kaluar\u00ebn e af\u00ebrt, p\u00ebr an\u00ebtar\u00ebsimin e Shqip\u00ebris\u00eb n\u00eb Bashkimin Europian.<br \/>\nSekretari i Shtetit do t\u00eb gjej\u00eb nj\u00eb Shqip\u00ebri n\u00eb pun\u00eb, me rritje t\u00eb vazhdueshme ekonomike e me vullnet t\u00eb preksh\u00ebm transformues n\u00eb sektorin publik dhe at\u00eb privat, por edhe me vet\u00ebdijen e plot\u00eb t\u00eb boshll\u00ebqeve e t\u00eb mang\u00ebsive ende t\u00eb shumta, t\u00eb cilat duhen adresuar p\u00ebrmes thellimit t\u00eb reformave q\u00eb garantojn\u00eb mir\u00ebqeverisjen n\u00eb \u00e7do nivel, fuqizojn\u00eb komunitetet vendore, promovojn\u00eb barazin\u00eb gjinore, stimulojn\u00eb grupet e interesit, p\u00ebrshpejtojn\u00eb modernizimin, sigurojn\u00eb zhvillimin e q\u00ebndruesh\u00ebm. Prandaj Sekretari Blinken do t\u00eb gjej\u00eb n\u00eb Shqip\u00ebri edhe ftes\u00ebn ton\u00eb q\u00eb ai dhe pala amerikane n\u00eb t\u00ebr\u00ebsi, t\u2019i inkurajojn\u00eb kompanit\u00eb e vendit mik t\u00eb investojn\u00eb n\u00eb sektor\u00ebt strategjik\u00eb t\u00eb ekonomis\u00eb shqiptare, e po ashtu t\u2019i nxisin edhe bashk\u00ebqytetar\u00ebt e tyre t\u00eb vizitojn\u00eb Shqip\u00ebrin\u00eb turistike, e cila tanim\u00eb \u00ebsht\u00eb ngjitur me plot merit\u00eb n\u00eb lig\u00ebn kryesore t\u00eb turizmit mesdhetar.<br \/>\nMir\u00ebsevini zoti Sekretar!<br \/>\nSht\u00ebpia e shqiptarit \u00ebsht\u00eb e Zotit dhe e mikut.<br \/>\nMiq\u00ebsia Juaj na nderon!<\/em><\/span><\/p>\n","protected":false,"gt_translate_keys":[{"key":"rendered","format":"html"}]},"excerpt":{"rendered":"<p>Kryeministri Edi Rama ka reaguar n\u00eb lidhje me vizit\u00ebn e Sekretari amerikan t\u00eb Shtetit Antony Blinken. N\u00eb nj\u00eb postim n\u00eb rrjetet sociale ai shkroi se mbetet i angazhuar n\u00eb partneritetin me SHBA, nd\u00ebrsa e cil\u00ebsoi vendin ton\u00eb si nj\u00eb vend i p\u00ebrkushtuar n\u00eb NATO. Rama ka vler\u00ebsuar mb\u00ebshtetjen pa rezerva t\u00eb Shteteve t\u00eb Bashkuara n\u00eb [&hellip;]<\/p>\n","protected":false,"gt_translate_keys":[{"key":"rendered","format":"html"}]},"author":4,"featured_media":652013,"comment_status":"closed","ping_status":"open","sticky":false,"template":"","format":"standard","meta":{"footnotes":""},"categories":[65],"tags":[],"class_list":["post-653225","post","type-post","status-publish","format-standard","has-post-thumbnail","hentry","category-lajme"],"gt_translate_keys":[{"key":"link","format":"url"}],"_links":{"self":[{"href":"https:\/\/www.hashtag.al\/index.php\/wp-json\/wp\/v2\/posts\/653225","targetHints":{"allow":["GET"]}}],"collection":[{"href":"https:\/\/www.hashtag.al\/index.php\/wp-json\/wp\/v2\/posts"}],"about":[{"href":"https:\/\/www.hashtag.al\/index.php\/wp-json\/wp\/v2\/types\/post"}],"author":[{"embeddable":true,"href":"https:\/\/www.hashtag.al\/index.php\/wp-json\/wp\/v2\/users\/4"}],"replies":[{"embeddable":true,"href":"https:\/\/www.hashtag.al\/index.php\/wp-json\/wp\/v2\/comments?post=653225"}],"version-history":[{"count":0,"href":"https:\/\/www.hashtag.al\/index.php\/wp-json\/wp\/v2\/posts\/653225\/revisions"}],"wp:featuredmedia":[{"embeddable":true,"href":"https:\/\/www.hashtag.al\/index.php\/wp-json\/wp\/v2\/media\/652013"}],"wp:attachment":[{"href":"https:\/\/www.hashtag.al\/index.php\/wp-json\/wp\/v2\/media?parent=653225"}],"wp:term":[{"taxonomy":"category","embeddable":true,"href":"https:\/\/www.hashtag.al\/index.php\/wp-json\/wp\/v2\/categories?post=653225"},{"taxonomy":"post_tag","embeddable":true,"href":"https:\/\/www.hashtag.al\/index.php\/wp-json\/wp\/v2\/tags?post=653225"}],"curies":[{"name":"wp","href":"https:\/\/api.w.org\/{rel}","templated":true}]}}