{"id":653133,"date":"2024-02-09T22:51:17","date_gmt":"2024-02-09T21:51:17","guid":{"rendered":"https:\/\/www.hashtag.al\/?p=653133"},"modified":"2024-02-09T22:51:17","modified_gmt":"2024-02-09T21:51:17","slug":"aplikimi-i-kartonit-blu-reagon-fifa","status":"publish","type":"post","link":"https:\/\/www.hashtag.al\/index.php\/2024\/02\/09\/aplikimi-i-kartonit-blu-reagon-fifa\/","title":{"rendered":"Aplikimi i kartonit blu, reagon FIFA","gt_translate_keys":[{"key":"rendered","format":"text"}]},"content":{"rendered":"<p style=\"margin-bottom: 0in; text-align: left;\"><span style=\"font-size: 13.5pt; line-height: 107%; font-family: Georgia, serif; color: #000000;\"><img loading=\"lazy\" decoding=\"async\" class=\"size-full wp-image-652766 aligncenter\" src=\"https:\/\/www.hashtag.al\/wp-content\/uploads\/2024\/02\/Screenshot-2024-02-08-173156.png\" alt=\"\" width=\"896\" height=\"472\" srcset=\"https:\/\/www.hashtag.al\/wp-content\/uploads\/2024\/02\/Screenshot-2024-02-08-173156.png 896w, https:\/\/www.hashtag.al\/wp-content\/uploads\/2024\/02\/Screenshot-2024-02-08-173156-300x158.png 300w, https:\/\/www.hashtag.al\/wp-content\/uploads\/2024\/02\/Screenshot-2024-02-08-173156-768x405.png 768w\" sizes=\"auto, (max-width: 896px) 100vw, 896px\" \/><\/span><\/p>\n<p style=\"margin-bottom: 0in; text-align: left;\"><span style=\"font-size: 13.5pt; line-height: 107%; font-family: Georgia, serif; color: #000000;\">Mbr\u00ebm\u00eb u b\u00eb e ditur nga \u201cThe Telegraph\u201d se futbollit po i bashkohet edhe nj\u00eb karton tjet\u00ebr, ai i kalt\u00ebr.<\/span><\/p>\n<p style=\"margin-bottom: 0in; text-align: left;\"><span style=\"color: #000000;\"><span style=\"font-size: 13.5pt; line-height: 107%; font-family: Georgia, serif;\">Momentalisht, n\u00eb loj\u00ebn e bukur t\u00eb futbollit jan\u00eb t\u00eb p\u00ebrfshir\u00eb vet\u00ebm kartoni i verdh\u00eb dhe ai i kuq, por si duket kjo gj\u00eb do t\u00eb ndryshoj\u00eb s\u00eb shpejti.<\/span><span style=\"font-size: 13.5pt; line-height: 107%; font-family: Georgia, serif;\">Sipas spekulimeve, kartoni i kalt\u00ebr po i bashkohet futbollit, me rolin e tij q\u00eb do t\u00eb jet\u00eb nd\u00ebshkimi i nd\u00ebrhyrjeve cinike, apo mospajtimi me vendimet e gjyqtarit.<\/span><\/span><\/p>\n<p style=\"margin-bottom: 0in; text-align: left;\"><span style=\"font-size: 13.5pt; line-height: 107%; font-family: Georgia, serif; color: #000000;\">Por, tani ka reaguar FIFA, e cila prov\u00ebn p\u00ebr kartonin e kalt\u00ebr e cil\u00ebsoi t\u00eb gabueshme dhe t\u00eb parakohshme.<br \/>\n<em>\u201c\u00c7do prov\u00eb e till\u00eb, n\u00ebse zbatohet, duhet t\u00eb limitohet n\u00eb testim m\u00eb t\u00eb p\u00ebrgjegjsh\u00ebm n\u00eb nivele m\u00eb t\u00eb ul\u00ebta\u201d,<\/em> shkroi FIFA n\u00eb \u201cX\u201d ,<\/span><\/p>\n<p style=\"margin-bottom: 0in; text-align: left;\"><span style=\"font-size: 13.5pt; line-height: 107%; font-family: 'Georgia',serif; color: #222f3a;\">\u00a0<\/span><\/p>\n","protected":false,"gt_translate_keys":[{"key":"rendered","format":"html"}]},"excerpt":{"rendered":"<p>Mbr\u00ebm\u00eb u b\u00eb e ditur nga \u201cThe Telegraph\u201d se futbollit po i bashkohet edhe nj\u00eb karton tjet\u00ebr, ai i kalt\u00ebr. Momentalisht, n\u00eb loj\u00ebn e bukur t\u00eb futbollit jan\u00eb t\u00eb p\u00ebrfshir\u00eb vet\u00ebm kartoni i verdh\u00eb dhe ai i kuq, por si duket kjo gj\u00eb do t\u00eb ndryshoj\u00eb s\u00eb shpejti.Sipas spekulimeve, kartoni i kalt\u00ebr po i bashkohet [&hellip;]<\/p>\n","protected":false,"gt_translate_keys":[{"key":"rendered","format":"html"}]},"author":4,"featured_media":652766,"comment_status":"closed","ping_status":"open","sticky":false,"template":"","format":"standard","meta":{"footnotes":""},"categories":[134],"tags":[],"class_list":["post-653133","post","type-post","status-publish","format-standard","has-post-thumbnail","hentry","category-sport"],"gt_translate_keys":[{"key":"link","format":"url"}],"_links":{"self":[{"href":"https:\/\/www.hashtag.al\/index.php\/wp-json\/wp\/v2\/posts\/653133","targetHints":{"allow":["GET"]}}],"collection":[{"href":"https:\/\/www.hashtag.al\/index.php\/wp-json\/wp\/v2\/posts"}],"about":[{"href":"https:\/\/www.hashtag.al\/index.php\/wp-json\/wp\/v2\/types\/post"}],"author":[{"embeddable":true,"href":"https:\/\/www.hashtag.al\/index.php\/wp-json\/wp\/v2\/users\/4"}],"replies":[{"embeddable":true,"href":"https:\/\/www.hashtag.al\/index.php\/wp-json\/wp\/v2\/comments?post=653133"}],"version-history":[{"count":0,"href":"https:\/\/www.hashtag.al\/index.php\/wp-json\/wp\/v2\/posts\/653133\/revisions"}],"wp:featuredmedia":[{"embeddable":true,"href":"https:\/\/www.hashtag.al\/index.php\/wp-json\/wp\/v2\/media\/652766"}],"wp:attachment":[{"href":"https:\/\/www.hashtag.al\/index.php\/wp-json\/wp\/v2\/media?parent=653133"}],"wp:term":[{"taxonomy":"category","embeddable":true,"href":"https:\/\/www.hashtag.al\/index.php\/wp-json\/wp\/v2\/categories?post=653133"},{"taxonomy":"post_tag","embeddable":true,"href":"https:\/\/www.hashtag.al\/index.php\/wp-json\/wp\/v2\/tags?post=653133"}],"curies":[{"name":"wp","href":"https:\/\/api.w.org\/{rel}","templated":true}]}}