{"id":652965,"date":"2024-02-09T11:49:39","date_gmt":"2024-02-09T10:49:39","guid":{"rendered":"https:\/\/www.hashtag.al\/?p=652965"},"modified":"2024-02-09T12:05:16","modified_gmt":"2024-02-09T11:05:16","slug":"rithemelimi-padit-ne-spak-veliajn-balliu-parate-per-infrastrukturen-e-shkollave-kane-shkuar-te-inceneratori-i-tiranes","status":"publish","type":"post","link":"https:\/\/www.hashtag.al\/index.php\/2024\/02\/09\/rithemelimi-padit-ne-spak-veliajn-balliu-parate-per-infrastrukturen-e-shkollave-kane-shkuar-te-inceneratori-i-tiranes\/","title":{"rendered":"Rithemelimi padit n\u00eb SPAK Veliajn, Balliu: Parat\u00eb p\u00ebr shkollat shkuan te inceneratori i Tiran\u00ebs","gt_translate_keys":[{"key":"rendered","format":"text"}]},"content":{"rendered":"<p><img loading=\"lazy\" decoding=\"async\" class=\"size-full wp-image-652966 aligncenter\" src=\"https:\/\/www.hashtag.al\/wp-content\/uploads\/2024\/02\/balliu-ne-spak.jpg\" alt=\"\" width=\"819\" height=\"470\" srcset=\"https:\/\/www.hashtag.al\/wp-content\/uploads\/2024\/02\/balliu-ne-spak.jpg 819w, https:\/\/www.hashtag.al\/wp-content\/uploads\/2024\/02\/balliu-ne-spak-300x172.jpg 300w, https:\/\/www.hashtag.al\/wp-content\/uploads\/2024\/02\/balliu-ne-spak-768x441.jpg 768w\" sizes=\"auto, (max-width: 819px) 100vw, 819px\" \/><\/p>\n<p><span style=\"font-weight: 400; color: #000000;\">Ish-deputeti i PD-s\u00eb, Klevis Balliu ka depozituar nj\u00eb kall\u00ebzim penal n\u00eb SPAK ndaj kryebashkiakut Erion Veliaj p\u00ebr shp\u00ebrdorim detyre p\u00ebr taks\u00ebn e shkoll\u00ebs.<\/span><\/p>\n<p><span style=\"font-weight: 400; color: #000000;\">Shefi i organizimit te Rithemelimi, theksoi se k\u00ebto para t\u00eb qytetar\u00ebve t\u00eb Tiran\u00ebs, q\u00eb duhet t\u00eb shkonin n\u00eb investime p\u00ebr kopshte dhe shkolla, kan\u00eb shkuar te inceneratori.<\/span><\/p>\n<p><span style=\"color: #000000;\"><i><span style=\"font-weight: 400;\">\u201cPo b\u00ebhet 9 vite me k\u00ebt\u00eb taks\u00eb. Me k\u00ebt\u00eb taks\u00eb supozohej t\u00eb paguheshin p\u00ebr shkolla t\u00eb reja. Veliaj deklaron se do t\u00eb nd\u00ebrtoj\u00eb shkolla dhe asgj\u00eb ska b\u00ebr\u00eb. Parat\u00eb e taks\u00ebs s\u00eb infrastruktur\u00ebs s\u00eb shkoll\u00ebs kan\u00eb shkuar te inceneratori i Tiran\u00ebs.\u00a0<\/span><\/i><\/span><\/p>\n<p><span style=\"color: #000000;\"><i><span style=\"font-weight: 400;\">Ka shkolla q\u00eb jan\u00eb nd\u00ebrtuar me k\u00ebt\u00eb taks\u00eb, por nj\u00eb pjes\u00eb tjet\u00ebr ka shkuar p\u00ebr inceneratorin dhe te xhepi i Velijat. Kall\u00ebzimi b\u00ebhet p\u00ebr shp\u00ebrdorim detyre dhe. Zona e Astirit nuk ka as shkolla dhe as kopshte.\u00a0<\/span><\/i><\/span><\/p>\n<p><span style=\"color: #000000;\"><i><span style=\"font-weight: 400;\">Nj\u00eb familje q\u00eb ka nj\u00eb biznes, e paguan k\u00ebt\u00eb taks\u00eb, por s\u2019ka asnj\u00eb shkoll\u00eb af\u00ebr. \u00cbsht\u00eb taks\u00eb antikushtetuese. T\u00eb hetohen parat\u00eb q\u00eb kan\u00eb shkuar te incenerator\u00ebt.\u201d, <\/span><\/i><span style=\"font-weight: 400;\">tha Balliu.<\/span><\/span><\/p>\n","protected":false,"gt_translate_keys":[{"key":"rendered","format":"html"}]},"excerpt":{"rendered":"<p>Ish-deputeti i PD-s\u00eb, Klevis Balliu ka depozituar nj\u00eb kall\u00ebzim penal n\u00eb SPAK ndaj kryebashkiakut Erion Veliaj p\u00ebr shp\u00ebrdorim detyre p\u00ebr taks\u00ebn e shkoll\u00ebs. Shefi i organizimit te Rithemelimi, theksoi se k\u00ebto para t\u00eb qytetar\u00ebve t\u00eb Tiran\u00ebs, q\u00eb duhet t\u00eb shkonin n\u00eb investime p\u00ebr kopshte dhe shkolla, kan\u00eb shkuar te inceneratori. \u201cPo b\u00ebhet 9 vite me [&hellip;]<\/p>\n","protected":false,"gt_translate_keys":[{"key":"rendered","format":"html"}]},"author":4,"featured_media":652966,"comment_status":"closed","ping_status":"open","sticky":false,"template":"","format":"standard","meta":{"footnotes":""},"categories":[65],"tags":[],"class_list":["post-652965","post","type-post","status-publish","format-standard","has-post-thumbnail","hentry","category-lajme"],"gt_translate_keys":[{"key":"link","format":"url"}],"_links":{"self":[{"href":"https:\/\/www.hashtag.al\/index.php\/wp-json\/wp\/v2\/posts\/652965","targetHints":{"allow":["GET"]}}],"collection":[{"href":"https:\/\/www.hashtag.al\/index.php\/wp-json\/wp\/v2\/posts"}],"about":[{"href":"https:\/\/www.hashtag.al\/index.php\/wp-json\/wp\/v2\/types\/post"}],"author":[{"embeddable":true,"href":"https:\/\/www.hashtag.al\/index.php\/wp-json\/wp\/v2\/users\/4"}],"replies":[{"embeddable":true,"href":"https:\/\/www.hashtag.al\/index.php\/wp-json\/wp\/v2\/comments?post=652965"}],"version-history":[{"count":0,"href":"https:\/\/www.hashtag.al\/index.php\/wp-json\/wp\/v2\/posts\/652965\/revisions"}],"wp:featuredmedia":[{"embeddable":true,"href":"https:\/\/www.hashtag.al\/index.php\/wp-json\/wp\/v2\/media\/652966"}],"wp:attachment":[{"href":"https:\/\/www.hashtag.al\/index.php\/wp-json\/wp\/v2\/media?parent=652965"}],"wp:term":[{"taxonomy":"category","embeddable":true,"href":"https:\/\/www.hashtag.al\/index.php\/wp-json\/wp\/v2\/categories?post=652965"},{"taxonomy":"post_tag","embeddable":true,"href":"https:\/\/www.hashtag.al\/index.php\/wp-json\/wp\/v2\/tags?post=652965"}],"curies":[{"name":"wp","href":"https:\/\/api.w.org\/{rel}","templated":true}]}}