{"id":652595,"date":"2024-02-08T09:04:55","date_gmt":"2024-02-08T08:04:55","guid":{"rendered":"https:\/\/www.hashtag.al\/?p=652595"},"modified":"2024-02-08T09:04:55","modified_gmt":"2024-02-08T08:04:55","slug":"nato-paralajmeron-hungarine-mos-pengoni-anetaresimin-e-suedise-ne-aleance","status":"publish","type":"post","link":"https:\/\/www.hashtag.al\/index.php\/2024\/02\/08\/nato-paralajmeron-hungarine-mos-pengoni-anetaresimin-e-suedise-ne-aleance\/","title":{"rendered":"NATO paralajm\u00ebron Hungarin\u00eb: Mos pengoni an\u00ebtar\u00ebsimin e Suedis\u00eb n\u00eb Aleanc\u00eb\u00a0","gt_translate_keys":[{"key":"rendered","format":"text"}]},"content":{"rendered":"<p><img loading=\"lazy\" decoding=\"async\" class=\"size-full wp-image-652596 aligncenter\" src=\"https:\/\/www.hashtag.al\/wp-content\/uploads\/2024\/02\/download-21.webp\" alt=\"\" width=\"1440\" height=\"960\" srcset=\"https:\/\/www.hashtag.al\/wp-content\/uploads\/2024\/02\/download-21.webp 1440w, https:\/\/www.hashtag.al\/wp-content\/uploads\/2024\/02\/download-21-300x200.webp 300w, https:\/\/www.hashtag.al\/wp-content\/uploads\/2024\/02\/download-21-1024x683.webp 1024w, https:\/\/www.hashtag.al\/wp-content\/uploads\/2024\/02\/download-21-768x512.webp 768w\" sizes=\"auto, (max-width: 1440px) 100vw, 1440px\" \/><br \/>\n<span style=\"font-weight: 400; color: #000000;\">K\u00ebshilltari amerikan p\u00ebr sigurin\u00eb komb\u00ebtare, Jake Sullivan tha se ai dhe homolog\u00ebt e tij t\u00eb NATO-s e paralajm\u00ebruan Hungarin\u00eb t\u00eb m\u00ebrkur\u00ebn kund\u00ebr vones\u00ebs s\u00eb m\u00ebtejshme t\u00eb an\u00ebtar\u00ebsimit t\u00eb Suedis\u00eb n\u00eb aleanc\u00ebn ushtarake dhe ai paralajm\u00ebroi se durimi n\u00eb Uashington ka kufijt\u00eb e tij.<\/span><\/p>\n<p><span style=\"font-weight: 400; color: #000000;\">Ligjv\u00ebn\u00ebsit nga partia e kryeministrit hungarez Viktor Orb\u00e1n bojkotuan nj\u00eb seanc\u00eb urgjente t\u00eb parlamentit t\u00eb h\u00ebn\u00ebn ku ishte planifikuar nj\u00eb votim p\u00ebr t\u00eb vendosur k\u00ebrkes\u00ebn e Suedis\u00eb p\u00ebr t&#8217;u bashkuar me NATO-n n\u00eb agjend\u00ebn legjislative, duke shtuar e vonuar me 18 muaj, vones\u00eb q\u00eb ka zem\u00ebruar aleat\u00ebt e Hungaris\u00eb.<\/span><\/p>\n<p><span style=\"font-weight: 400; color: #000000;\">Partia qeveris\u00ebse Fidesz, e cila mban nj\u00eb shumic\u00eb absolute n\u00eb parlamentin e Hungaris\u00eb, ka ngecur ofert\u00ebn e Suedis\u00eb q\u00eb nga korriku 2022, duke pretenduar se politikan\u00ebt suedez\u00eb kan\u00eb th\u00ebn\u00eb g\u00ebnjeshtra p\u00ebr gjendjen e demokracis\u00eb hungareze. Partia k\u00ebmb\u00ebngul se kryeministri suedez duhet t\u00eb vij\u00eb s\u00eb pari n\u00eb Hungari.<\/span><\/p>\n<p><span style=\"font-weight: 400; color: #000000;\"><em>\u201cD\u00ebgjuam k\u00ebshilltar pas k\u00ebshilltar sigurie t\u00eb thon\u00eb se ka ardhur koha q\u00eb Suedia t\u00eb hyj\u00eb dhe t&#8217;i drejtohet drejtp\u00ebrdrejt p\u00ebrfaq\u00ebsuesit nga Hungaria\u201d,<\/em> u tha Sullivan gazetar\u00ebve pas nj\u00eb takimi t\u00eb zyrtar\u00ebve t\u00eb lart\u00eb t\u00eb siguris\u00eb t\u00eb organizat\u00ebs n\u00eb selin\u00eb e NATO-s n\u00eb Bruksel.<\/span><\/p>\n<p><span style=\"font-weight: 400; color: #000000;\">Sullivan tha se ai dhe koleg\u00ebt e tij i kishin b\u00ebr\u00eb v\u00ebrejtje Hungaris\u00eb duke theksuar se &#8220;\u00ebsht\u00eb nj\u00eb \u00e7\u00ebshtje besueshm\u00ebrie dhe detyrimi q\u00eb ata t\u00eb nd\u00ebrmarrin hapat e nevojsh\u00ebm&#8221; p\u00ebr t\u00eb p\u00ebrfunduar procedurat parlamentare p\u00ebr ratifikimin e pranimit t\u00eb Suedis\u00eb n\u00eb NATO.<\/span><\/p>\n<p><span style=\"color: #000000;\"><span style=\"font-weight: 400;\"><span style=\"color: #ff0000;\">VINI RE:<\/span> Ky material \u00ebsht\u00eb pron\u00ebsi intelektuale e <\/span><span style=\"color: #0000ff;\"><a style=\"color: #0000ff;\" href=\"https:\/\/apnews.com\/article\/nato-hungary-sweden-membership-jake-sullivan-us-24f0be92803fdf90c7fc6864fd8b51a9\"><span style=\"font-weight: 400;\">AP<\/span><\/a><\/span><\/span><\/p>\n","protected":false,"gt_translate_keys":[{"key":"rendered","format":"html"}]},"excerpt":{"rendered":"<p>K\u00ebshilltari amerikan p\u00ebr sigurin\u00eb komb\u00ebtare, Jake Sullivan tha se ai dhe homolog\u00ebt e tij t\u00eb NATO-s e paralajm\u00ebruan Hungarin\u00eb t\u00eb m\u00ebrkur\u00ebn kund\u00ebr vones\u00ebs s\u00eb m\u00ebtejshme t\u00eb an\u00ebtar\u00ebsimit t\u00eb Suedis\u00eb n\u00eb aleanc\u00ebn ushtarake dhe ai paralajm\u00ebroi se durimi n\u00eb Uashington ka kufijt\u00eb e tij. Ligjv\u00ebn\u00ebsit nga partia e kryeministrit hungarez Viktor Orb\u00e1n bojkotuan nj\u00eb seanc\u00eb urgjente [&hellip;]<\/p>\n","protected":false,"gt_translate_keys":[{"key":"rendered","format":"html"}]},"author":4,"featured_media":652596,"comment_status":"closed","ping_status":"open","sticky":false,"template":"","format":"standard","meta":{"footnotes":""},"categories":[6],"tags":[],"class_list":["post-652595","post","type-post","status-publish","format-standard","has-post-thumbnail","hentry","category-nderkombetare"],"gt_translate_keys":[{"key":"link","format":"url"}],"_links":{"self":[{"href":"https:\/\/www.hashtag.al\/index.php\/wp-json\/wp\/v2\/posts\/652595","targetHints":{"allow":["GET"]}}],"collection":[{"href":"https:\/\/www.hashtag.al\/index.php\/wp-json\/wp\/v2\/posts"}],"about":[{"href":"https:\/\/www.hashtag.al\/index.php\/wp-json\/wp\/v2\/types\/post"}],"author":[{"embeddable":true,"href":"https:\/\/www.hashtag.al\/index.php\/wp-json\/wp\/v2\/users\/4"}],"replies":[{"embeddable":true,"href":"https:\/\/www.hashtag.al\/index.php\/wp-json\/wp\/v2\/comments?post=652595"}],"version-history":[{"count":0,"href":"https:\/\/www.hashtag.al\/index.php\/wp-json\/wp\/v2\/posts\/652595\/revisions"}],"wp:featuredmedia":[{"embeddable":true,"href":"https:\/\/www.hashtag.al\/index.php\/wp-json\/wp\/v2\/media\/652596"}],"wp:attachment":[{"href":"https:\/\/www.hashtag.al\/index.php\/wp-json\/wp\/v2\/media?parent=652595"}],"wp:term":[{"taxonomy":"category","embeddable":true,"href":"https:\/\/www.hashtag.al\/index.php\/wp-json\/wp\/v2\/categories?post=652595"},{"taxonomy":"post_tag","embeddable":true,"href":"https:\/\/www.hashtag.al\/index.php\/wp-json\/wp\/v2\/tags?post=652595"}],"curies":[{"name":"wp","href":"https:\/\/api.w.org\/{rel}","templated":true}]}}