{"id":652491,"date":"2024-02-07T20:57:49","date_gmt":"2024-02-07T19:57:49","guid":{"rendered":"https:\/\/www.hashtag.al\/?p=652491"},"modified":"2024-02-07T20:57:49","modified_gmt":"2024-02-07T19:57:49","slug":"pakistani-ne-votime-mes-krizave-politike-dhe-ekonomike","status":"publish","type":"post","link":"https:\/\/www.hashtag.al\/index.php\/2024\/02\/07\/pakistani-ne-votime-mes-krizave-politike-dhe-ekonomike\/","title":{"rendered":"Pakistani n\u00eb votime mes krizave politike dhe ekonomike","gt_translate_keys":[{"key":"rendered","format":"text"}]},"content":{"rendered":"<p><a href=\"https:\/\/www.hashtag.al\/wp-content\/uploads\/2024\/02\/Screenshot-2024-02-07-181943.png\"><img loading=\"lazy\" decoding=\"async\" class=\"aligncenter size-full wp-image-652492\" src=\"https:\/\/www.hashtag.al\/wp-content\/uploads\/2024\/02\/Screenshot-2024-02-07-181943.png\" alt=\"\" width=\"1207\" height=\"687\" srcset=\"https:\/\/www.hashtag.al\/wp-content\/uploads\/2024\/02\/Screenshot-2024-02-07-181943.png 1207w, https:\/\/www.hashtag.al\/wp-content\/uploads\/2024\/02\/Screenshot-2024-02-07-181943-300x171.png 300w, https:\/\/www.hashtag.al\/wp-content\/uploads\/2024\/02\/Screenshot-2024-02-07-181943-1024x583.png 1024w, https:\/\/www.hashtag.al\/wp-content\/uploads\/2024\/02\/Screenshot-2024-02-07-181943-768x437.png 768w\" sizes=\"auto, (max-width: 1207px) 100vw, 1207px\" \/><\/a><\/p>\n<p><span style=\"color: #000000;\">N\u00eb Pakistan shp\u00ebrthyen bomba n\u00eb zyrat e dy kandidat\u00ebve n\u00eb zgjedhje, duke vrar\u00eb t\u00eb pakt\u00ebn 29 persona dhe duke plagosur shum\u00eb t\u00eb tjer\u00eb, nj\u00eb dit\u00eb p\u00ebrpara zgjedhjeve t\u00eb p\u00ebrgjithshme. Nj\u00eb fushat\u00eb e mb\u00ebshtetur nga ushtria kund\u00ebr partis\u00eb opozitare t\u00eb ish-kryeministrit Imran Khan ka ngritur dyshime n\u00ebse zgjedhjet do t\u00eb jen\u00eb t\u00eb drejta. Vendi \u00ebsht\u00eb zhytur gjithashtu n\u00eb nj\u00eb kriz\u00eb t\u00eb thell\u00eb ekonomike dhe si\u00e7 njofton korrespondentja e Z\u00ebrit t\u00eb Amerik\u00ebs Sarah Zaman, shum\u00eb shqet\u00ebsohen se zgjedhjet nuk do t\u2019i sjellin Pakistanit stabilitetin politik q\u00eb i nevojitet.<\/span><\/p>\n<p><span style=\"color: #000000;\">Mbi 128 milion\u00eb pakistanez\u00eb jan\u00eb regjistruar p\u00ebr t\u00eb votuar n\u00eb zgjedhjet e p\u00ebrgjithshme t\u00eb 8 shkurtit. Shum\u00eb prej tyre mezi p\u00ebrballojn\u00eb shpenzimet e p\u00ebrditshme.<\/span><\/p>\n<p><span style=\"color: #000000;\"><em>\u201cProblemi i par\u00eb q\u00eb duhet t\u00eb zgjidhin \u00ebsht\u00eb inflacioni. Faturat na vijn\u00eb tep\u00ebr t\u00eb larta. Inflacioni po na shkat\u00ebrron\u201d,<\/em> thot\u00eb Rukhsana Bibi.<\/span><\/p>\n<p><span style=\"color: #000000;\">\u00c7mimet jan\u00eb gati 30% m\u00eb t\u00eb larta se nj\u00eb vit m\u00eb par\u00eb. Rritja e ul\u00ebt ekonomike dhe borxhi shum\u00eb i lart\u00eb komb\u00ebtar i ka zhytur miliona njer\u00ebz n\u00eb varf\u00ebri. Nj\u00eb program shp\u00ebtimi prej 3 miliard\u00eb dollar\u00ebsh nga Fondi Monetar Nd\u00ebrkomb\u00ebtar p\u00ebrfundon n\u00eb muajin mars.<\/span><\/p>\n<p><span style=\"color: #000000;\"><em>\u201cPakistani ka patur probleme, por jo t\u00eb k\u00ebtij niveli. Jemi pran\u00eb falimentit. Pra \u00ebsht\u00eb shum\u00eb e r\u00ebnd\u00ebsishme q\u00eb qeveria q\u00eb do t\u00eb dal\u00eb nga k\u00ebto zgjedhje t\u00eb jet\u00eb n\u00eb gjendje t\u00eb p\u00ebrballoj\u00eb sfidat ekonomike<\/em>\u201d, thot\u00eb Ahmed Bilal Mehboob, nga Instituti i Pakistanit p\u00ebr Zhvillimin Ligjor dhe Transparenc\u00ebn.<\/span><\/p>\n<p><span style=\"color: #000000;\">Nj\u00eb anketim i kompanis\u00eb Gallup tregoi k\u00ebt\u00eb jav\u00eb se 70% e pakistanez\u00ebve nuk kan\u00eb besim tek zgjedhjet.<\/span><\/p>\n<p><span style=\"color: #000000;\">Nj\u00eb nga politikan\u00ebt m\u00eb popullor\u00eb t\u00eb vendit, ish kryeministri Imran Khan, \u00ebsht\u00eb skualifikuar nga kandidimi.<\/span><\/p>\n<p><span style=\"color: #000000;\">Vet\u00ebm disa dit\u00eb p\u00ebrpara zgjedhjeve, gjykata e d\u00ebnoi me disa vite burgim p\u00ebr korrupsion, keqmenaxhim t\u00eb sekreteve shtet\u00ebrore dhe martes\u00eb t\u00eb paligjshme.<\/span><\/p>\n<p><span style=\"color: #000000;\">Zoti Khan i konsideron akuzat t\u00eb motivuara politikisht.<\/span><\/p>\n<p><span style=\"color: #000000;\">E mbetur tashm\u00eb pa simbolin e saj kryesor elektoral, partia e tij Pakistan Tehreek-e-Insaf (PTI), po v\u00ebshtir\u00ebsohet t\u00eb b\u00ebj\u00eb fushat\u00eb n\u00eb publik dhe n\u00eb internet. Pjesa m\u00eb e madhe e drejtuesve t\u00eb saj gjenden n\u00eb burg ose fshihen, p\u00ebr shkak t\u00eb masave t\u00eb marra q\u00eb kur mb\u00ebshtet\u00ebsit e k\u00ebsaj partie sulmuan objektet e ushtris\u00eb n\u00eb muajin maj p\u00ebr t\u00eb protestuar kund\u00ebr arrestimit t\u00eb zotit Khan.<\/span><\/p>\n<p><span style=\"color: #000000;\"><em>\u201cShum\u00eb njer\u00ebz e mb\u00ebshtesin k\u00ebt\u00eb parti. Pra si do shkoj\u00eb kjo pun\u00eb? Pas zgjedhjeve, a do t\u00eb jet\u00eb i mundsh\u00ebm krijimi i qeveris\u00eb dhe a do t\u00eb ket\u00eb nj\u00eb lloj stabiliteti politik? Apo p\u00ebr shkak se k\u00ebsaj partie i \u00ebsht\u00eb mohuar simboli i saj, do t\u00eb ket\u00eb protesta etj., pas zgjedhjeve?\u201d,<\/em> thot\u00eb zoti Mehboob.<\/span><\/p>\n<p><span style=\"color: #000000;\">Kryeministri i zgjedhur tre her\u00eb Nawaz Sharif \u00ebsht\u00eb kandidati kryesor. I njohur p\u00ebr projektet e m\u00ebdha t\u00eb zhvillimit, zoti Sharif nuk ka arritur ndonj\u00ebher\u00eb t\u00eb p\u00ebrfundoj\u00eb nj\u00eb mandat t\u00eb plot\u00eb n\u00eb detyr\u00eb.<\/span><\/p>\n<p><span style=\"color: #000000;\"><em>\u201c\u00cbsht\u00eb e v\u00ebshtir\u00eb t\u00eb thuash se kush \u00ebsht\u00eb personi i duhur. Jam ende n\u00eb k\u00ebrkim t\u00eb kandidatit t\u00eb duhur p\u00ebr t\u00eb ardhmen ton\u00eb, p\u00ebr mir\u00ebqenien e f\u00ebmij\u00ebve tan\u00eb\u201d,<\/em> thot\u00eb Adeel Rehmat Ali, shofer taksie.<\/span><\/p>\n<p><span style=\"color: #000000;\">Kushdo qoft\u00eb fituesi, atij do t\u2019i duhet t\u00eb manovroj\u00eb me v\u00ebshtir\u00ebsi p\u00ebrball\u00eb ushtris\u00eb pakistaneze, q\u00eb \u00ebsht\u00eb institucioni m\u00eb i fuqish\u00ebm n\u00eb vend.\/<span style=\"color: #0000ff;\"><a style=\"color: #0000ff;\" href=\"https:\/\/www.zeriamerikes.com\/a\/7477847.html\">VOA<\/a><\/span><\/span><\/p>\n","protected":false,"gt_translate_keys":[{"key":"rendered","format":"html"}]},"excerpt":{"rendered":"<p>N\u00eb Pakistan shp\u00ebrthyen bomba n\u00eb zyrat e dy kandidat\u00ebve n\u00eb zgjedhje, duke vrar\u00eb t\u00eb pakt\u00ebn 29 persona dhe duke plagosur shum\u00eb t\u00eb tjer\u00eb, nj\u00eb dit\u00eb p\u00ebrpara zgjedhjeve t\u00eb p\u00ebrgjithshme. Nj\u00eb fushat\u00eb e mb\u00ebshtetur nga ushtria kund\u00ebr partis\u00eb opozitare t\u00eb ish-kryeministrit Imran Khan ka ngritur dyshime n\u00ebse zgjedhjet do t\u00eb jen\u00eb t\u00eb drejta. Vendi \u00ebsht\u00eb zhytur [&hellip;]<\/p>\n","protected":false,"gt_translate_keys":[{"key":"rendered","format":"html"}]},"author":30,"featured_media":652492,"comment_status":"closed","ping_status":"open","sticky":false,"template":"","format":"standard","meta":{"footnotes":""},"categories":[6],"tags":[],"class_list":["post-652491","post","type-post","status-publish","format-standard","has-post-thumbnail","hentry","category-nderkombetare"],"gt_translate_keys":[{"key":"link","format":"url"}],"_links":{"self":[{"href":"https:\/\/www.hashtag.al\/index.php\/wp-json\/wp\/v2\/posts\/652491","targetHints":{"allow":["GET"]}}],"collection":[{"href":"https:\/\/www.hashtag.al\/index.php\/wp-json\/wp\/v2\/posts"}],"about":[{"href":"https:\/\/www.hashtag.al\/index.php\/wp-json\/wp\/v2\/types\/post"}],"author":[{"embeddable":true,"href":"https:\/\/www.hashtag.al\/index.php\/wp-json\/wp\/v2\/users\/30"}],"replies":[{"embeddable":true,"href":"https:\/\/www.hashtag.al\/index.php\/wp-json\/wp\/v2\/comments?post=652491"}],"version-history":[{"count":0,"href":"https:\/\/www.hashtag.al\/index.php\/wp-json\/wp\/v2\/posts\/652491\/revisions"}],"wp:featuredmedia":[{"embeddable":true,"href":"https:\/\/www.hashtag.al\/index.php\/wp-json\/wp\/v2\/media\/652492"}],"wp:attachment":[{"href":"https:\/\/www.hashtag.al\/index.php\/wp-json\/wp\/v2\/media?parent=652491"}],"wp:term":[{"taxonomy":"category","embeddable":true,"href":"https:\/\/www.hashtag.al\/index.php\/wp-json\/wp\/v2\/categories?post=652491"},{"taxonomy":"post_tag","embeddable":true,"href":"https:\/\/www.hashtag.al\/index.php\/wp-json\/wp\/v2\/tags?post=652491"}],"curies":[{"name":"wp","href":"https:\/\/api.w.org\/{rel}","templated":true}]}}