{"id":652480,"date":"2024-02-07T19:45:31","date_gmt":"2024-02-07T18:45:31","guid":{"rendered":"https:\/\/www.hashtag.al\/?p=652480"},"modified":"2024-02-07T19:45:31","modified_gmt":"2024-02-07T18:45:31","slug":"gjermania-ben-thirrje-kosova-dhe-serbia-te-kthehen-ne-dialog","status":"publish","type":"post","link":"https:\/\/www.hashtag.al\/index.php\/2024\/02\/07\/gjermania-ben-thirrje-kosova-dhe-serbia-te-kthehen-ne-dialog\/","title":{"rendered":"Gjermania b\u00ebn thirrje: Kosova dhe Serbia t\u00eb kthehen n\u00eb dialog","gt_translate_keys":[{"key":"rendered","format":"text"}]},"content":{"rendered":"<p style=\"text-align: left;\"><span style=\"color: #000000;\"><img loading=\"lazy\" decoding=\"async\" class=\"size-full wp-image-652481 aligncenter\" src=\"https:\/\/www.hashtag.al\/wp-content\/uploads\/2024\/02\/Screenshot-2024-02-07-175131.png\" alt=\"\" width=\"764\" height=\"446\" srcset=\"https:\/\/www.hashtag.al\/wp-content\/uploads\/2024\/02\/Screenshot-2024-02-07-175131.png 764w, https:\/\/www.hashtag.al\/wp-content\/uploads\/2024\/02\/Screenshot-2024-02-07-175131-300x175.png 300w, https:\/\/www.hashtag.al\/wp-content\/uploads\/2024\/02\/Screenshot-2024-02-07-175131-250x145.png 250w\" sizes=\"auto, (max-width: 764px) 100vw, 764px\" \/><\/span><\/p>\n<p style=\"text-align: left;\"><span style=\"color: #000000;\">Ministri i Mbrojtjes s\u00eb Gjermanis\u00eb, Boris Pistorius, b\u00ebri thirrje p\u00ebr uljen e tensioneve midis Kosov\u00ebs dhe Serbis\u00eb dhe p\u00ebr rikthimin e pal\u00ebve n\u00eb dialogun p\u00ebr normalizimin e raporteve, q\u00eb nd\u00ebrmjet\u00ebsohet nga Bashkimi Evropian.<\/span><\/p>\n<p style=\"text-align: left;\"><span style=\"color: #000000;\">K\u00ebto deklarata ai i b\u00ebri pas nj\u00eb takimi q\u00eb zhvilloi n\u00eb Beograd me presidentin serb, Aleksandar Vu\u00e7iq, m\u00eb 7 shkurt.<\/span><\/p>\n<p style=\"text-align: left;\"><span style=\"color: #000000;\">Duke komentuar vendimin p\u00ebr ndalimin e dinarit serb p\u00ebr pagesa n\u00eb Kosov\u00eb, Pistorius tha se zbatimi i vendit \u201cduhet t\u00eb jet\u00eb i organizuar dhe nuk duhet q\u00eb askush t\u00eb l\u00ebndohet\u201d, duke k\u00ebrkuar nj\u00eb \u201cperiudh\u00eb tranzicioni\u201d p\u00ebr zbatimin e rregullores s\u00eb Bank\u00ebs Qendrore t\u00eb Kosov\u00ebs.<\/span><\/p>\n<p style=\"text-align: left;\"><span style=\"color: #000000;\"><em>\u201cNuk \u00ebsht\u00eb n\u00eb interesin e askujt q\u00eb raportet t\u00eb tensionohen edhe m\u00eb tej\u201d,<\/em> tha ministri gjerman i Mbrojtjes.<\/span><\/p>\n<p style=\"text-align: left;\"><span style=\"color: #000000;\">Q\u00eb nga 1 shkurti, n\u00eb Kosov\u00eb ka hyr\u00eb n\u00eb fuqi nj\u00eb rregullore e Bank\u00ebs Qendrore t\u00eb Kosov\u00ebs. Kjo rregullore parasheh q\u00eb euro t\u00eb jet\u00eb valuta e vetme p\u00ebr pagesa n\u00eb Kosov\u00eb, duke ndaluar p\u00ebrdorimin e dinarit serb.<\/span><\/p>\n<p style=\"text-align: left;\"><span style=\"color: #000000;\">Kosova ka th\u00ebn\u00eb se zbatimi i rregullores t\u00eb BQK-s\u00eb p\u00ebr operacione me para t\u00eb gatshme do t\u00eb b\u00ebhet p\u00ebrmes nj\u00eb periudhe t\u00eb tranzicionit gjat\u00eb muajit shkurt.<\/span><\/p>\n<p style=\"text-align: left;\"><span style=\"color: #000000;\">Pistorius tha se gjat\u00eb takimit me Vu\u00e7iqin ka diskutuar lidhur me at\u00eb q\u00eb Serbia t\u00eb mos mb\u00ebshtes\u00eb tendencat secesioniste n\u00eb Bosnje e Hercegocvin\u00eb dhe t\u00eb mb\u00ebshtes\u00eb integritetin territorial t\u00eb Bosnje e Hercegovin\u00ebs, shkruan <strong><span style=\"color: #0000ff;\"><a style=\"color: #0000ff;\" href=\"https:\/\/www.evropaelire.org\/a\/gjermania-tensionet-kosove-serbi-\/32809561.html\">REL.<\/a><\/span><\/strong><\/span><\/p>\n","protected":false,"gt_translate_keys":[{"key":"rendered","format":"html"}]},"excerpt":{"rendered":"<p>Ministri i Mbrojtjes s\u00eb Gjermanis\u00eb, Boris Pistorius, b\u00ebri thirrje p\u00ebr uljen e tensioneve midis Kosov\u00ebs dhe Serbis\u00eb dhe p\u00ebr rikthimin e pal\u00ebve n\u00eb dialogun p\u00ebr normalizimin e raporteve, q\u00eb nd\u00ebrmjet\u00ebsohet nga Bashkimi Evropian. K\u00ebto deklarata ai i b\u00ebri pas nj\u00eb takimi q\u00eb zhvilloi n\u00eb Beograd me presidentin serb, Aleksandar Vu\u00e7iq, m\u00eb 7 shkurt. Duke komentuar [&hellip;]<\/p>\n","protected":false,"gt_translate_keys":[{"key":"rendered","format":"html"}]},"author":4,"featured_media":652481,"comment_status":"closed","ping_status":"open","sticky":false,"template":"","format":"standard","meta":{"footnotes":""},"categories":[149],"tags":[],"class_list":["post-652480","post","type-post","status-publish","format-standard","has-post-thumbnail","hentry","category-kosoverajon"],"gt_translate_keys":[{"key":"link","format":"url"}],"_links":{"self":[{"href":"https:\/\/www.hashtag.al\/index.php\/wp-json\/wp\/v2\/posts\/652480","targetHints":{"allow":["GET"]}}],"collection":[{"href":"https:\/\/www.hashtag.al\/index.php\/wp-json\/wp\/v2\/posts"}],"about":[{"href":"https:\/\/www.hashtag.al\/index.php\/wp-json\/wp\/v2\/types\/post"}],"author":[{"embeddable":true,"href":"https:\/\/www.hashtag.al\/index.php\/wp-json\/wp\/v2\/users\/4"}],"replies":[{"embeddable":true,"href":"https:\/\/www.hashtag.al\/index.php\/wp-json\/wp\/v2\/comments?post=652480"}],"version-history":[{"count":0,"href":"https:\/\/www.hashtag.al\/index.php\/wp-json\/wp\/v2\/posts\/652480\/revisions"}],"wp:featuredmedia":[{"embeddable":true,"href":"https:\/\/www.hashtag.al\/index.php\/wp-json\/wp\/v2\/media\/652481"}],"wp:attachment":[{"href":"https:\/\/www.hashtag.al\/index.php\/wp-json\/wp\/v2\/media?parent=652480"}],"wp:term":[{"taxonomy":"category","embeddable":true,"href":"https:\/\/www.hashtag.al\/index.php\/wp-json\/wp\/v2\/categories?post=652480"},{"taxonomy":"post_tag","embeddable":true,"href":"https:\/\/www.hashtag.al\/index.php\/wp-json\/wp\/v2\/tags?post=652480"}],"curies":[{"name":"wp","href":"https:\/\/api.w.org\/{rel}","templated":true}]}}