{"id":652247,"date":"2024-02-06T19:27:51","date_gmt":"2024-02-06T18:27:51","guid":{"rendered":"https:\/\/www.hashtag.al\/?p=652247"},"modified":"2024-02-06T19:27:51","modified_gmt":"2024-02-06T18:27:51","slug":"sekretari-amerikan-antony-blinken-pritet-te-vizitoje-shqiperine","status":"publish","type":"post","link":"https:\/\/www.hashtag.al\/index.php\/2024\/02\/06\/sekretari-amerikan-antony-blinken-pritet-te-vizitoje-shqiperine\/","title":{"rendered":"Sekretari amerikan Antony Blinken pritet t\u00eb vizitoj\u00eb Shqip\u00ebrin\u00eb","gt_translate_keys":[{"key":"rendered","format":"text"}]},"content":{"rendered":"<p><a href=\"https:\/\/www.hashtag.al\/wp-content\/uploads\/2024\/02\/thumbs_b_c_f9a52493e99035eeb847fdf5b65b7c96-1.jpg\"><img loading=\"lazy\" decoding=\"async\" class=\"aligncenter size-full wp-image-652248\" src=\"https:\/\/www.hashtag.al\/wp-content\/uploads\/2024\/02\/thumbs_b_c_f9a52493e99035eeb847fdf5b65b7c96-1.jpg\" alt=\"\" width=\"864\" height=\"486\" srcset=\"https:\/\/www.hashtag.al\/wp-content\/uploads\/2024\/02\/thumbs_b_c_f9a52493e99035eeb847fdf5b65b7c96-1.jpg 864w, https:\/\/www.hashtag.al\/wp-content\/uploads\/2024\/02\/thumbs_b_c_f9a52493e99035eeb847fdf5b65b7c96-1-300x169.jpg 300w, https:\/\/www.hashtag.al\/wp-content\/uploads\/2024\/02\/thumbs_b_c_f9a52493e99035eeb847fdf5b65b7c96-1-768x432.jpg 768w\" sizes=\"auto, (max-width: 864px) 100vw, 864px\" \/><\/a><\/p>\n<p><span style=\"color: #000000;\">Sekretari amerikan i shtetit Antony Blinken pritet t\u00eb vizitoj\u00eb Tiran\u00ebn m\u00eb 16 Shkurt.<\/span><\/p>\n<p><span style=\"color: #000000;\">Burime diplomatike n\u00eb Washington, i than\u00eb gazetarit t\u00eb Top Channel Muhamed Veliu, se \u00ebsht\u00eb duke u punuar n\u00eb finalizimin e detajeve t\u00eb k\u00ebsaj vizite, e para p\u00ebr Blinken n\u00eb Shqip\u00ebri, prej vitit 2021 kur ai mori drejtimin e diplomacis\u00eb amerikane.<\/span><\/p>\n<p><span style=\"color: #000000;\">P\u00ebr momentin nuk dihet q\u00ebllimi primar i k\u00ebsaj vizite, por sugjerohet se vjen si nj\u00eb vler\u00ebsimin amerikan p\u00ebr Shqip\u00ebrin\u00eb, si nj\u00eb aleate e SHBA dhe n\u00eb NATO.<\/span><\/p>\n<p><span style=\"color: #000000;\">Vitin e shkuar, sekretari Blinken komentoi me nota\u00a0 t\u00eb larta pozitive rolin e Shqip\u00ebris\u00eb n\u00eb K\u00ebshillin e Sigurimit n\u00eb OKB.<\/span><\/p>\n<p><span style=\"color: #000000;\">Ishte vet\u00eb sekretari amerikan i shtetit Antony Blinken, ai i cili n\u00eb maj 2021 shpalli Sali Berish\u00ebn si person \u201cNon Grata\u201d nga SHBA p\u00ebr korrupsion dhe minim t\u00eb demokracis\u00eb. Kjo u shoq\u00ebrua me nj\u00eb sulm frontal nga Berisha n\u00eb adres\u00eb t\u00eb Blinken.<\/span><\/p>\n<p><span style=\"color: #000000;\">Po ashtu sekretari Blinken ka qen\u00eb aktiv p\u00ebrmes mesazheve p\u00ebr de-eskalikin e situat\u00ebs s\u00eb tensionuar n\u00eb veri t\u00eb Kosov\u00ebs, shtatorin e vitit t\u00eb shkuar.<\/span><\/p>\n<p><span style=\"color: #000000;\">Vizita e par\u00eb e nj\u00eb sekretari amerikan shteti n\u00eb vendin ton\u00eb ishte ajo e James Baker, n\u00eb Tiran\u00eb m\u00eb 22 qershor 1991. Nd\u00ebrsa e dyta vizit\u00eb e nj\u00eb tjet\u00ebr sekretari amerikan shteti ishte ajo e Madeleine Albright, m\u00eb 19 shkurt 2000, ku mbajti edhe nj\u00eb fjal\u00eb n\u00eb parlamentin shqiptar. Pasuar nga nj\u00eb tjet\u00ebr vizit\u00eb e John Kerry, m\u00eb 14 shkurt 2016.<\/span><\/p>\n<p><span style=\"color: #000000;\">Ardhja e Antony Blinken n\u00eb vendin ton\u00eb do t\u00eb sh\u00ebnoj\u00eb vizit\u00ebn e kat\u00ebrt t\u00eb nj\u00eb sekretari shteti n\u00eb Shqip\u00ebri.<\/span><\/p>\n<p>&nbsp;<\/p>\n<p><span style=\"color: #000000;\"><span style=\"color: #ff0000;\">VINI RE<\/span>: Ky material \u00ebsht\u00eb pron\u00ebsi intelektuale e <span style=\"color: #0000ff;\"><a style=\"color: #0000ff;\" href=\"https:\/\/top-channel.tv\/video\/top-channel-blinken-do-vije-ne-tirane-sekretari-amerikan-i-shtetit-vizite-ne-shqiperi-me-16-shkurt\/\">Top Channel<\/a><\/span><\/span><\/p>\n","protected":false,"gt_translate_keys":[{"key":"rendered","format":"html"}]},"excerpt":{"rendered":"<p>Sekretari amerikan i shtetit Antony Blinken pritet t\u00eb vizitoj\u00eb Tiran\u00ebn m\u00eb 16 Shkurt. Burime diplomatike n\u00eb Washington, i than\u00eb gazetarit t\u00eb Top Channel Muhamed Veliu, se \u00ebsht\u00eb duke u punuar n\u00eb finalizimin e detajeve t\u00eb k\u00ebsaj vizite, e para p\u00ebr Blinken n\u00eb Shqip\u00ebri, prej vitit 2021 kur ai mori drejtimin e diplomacis\u00eb amerikane. P\u00ebr momentin [&hellip;]<\/p>\n","protected":false,"gt_translate_keys":[{"key":"rendered","format":"html"}]},"author":30,"featured_media":652248,"comment_status":"closed","ping_status":"open","sticky":false,"template":"","format":"standard","meta":{"footnotes":""},"categories":[65],"tags":[],"class_list":["post-652247","post","type-post","status-publish","format-standard","has-post-thumbnail","hentry","category-lajme"],"gt_translate_keys":[{"key":"link","format":"url"}],"_links":{"self":[{"href":"https:\/\/www.hashtag.al\/index.php\/wp-json\/wp\/v2\/posts\/652247","targetHints":{"allow":["GET"]}}],"collection":[{"href":"https:\/\/www.hashtag.al\/index.php\/wp-json\/wp\/v2\/posts"}],"about":[{"href":"https:\/\/www.hashtag.al\/index.php\/wp-json\/wp\/v2\/types\/post"}],"author":[{"embeddable":true,"href":"https:\/\/www.hashtag.al\/index.php\/wp-json\/wp\/v2\/users\/30"}],"replies":[{"embeddable":true,"href":"https:\/\/www.hashtag.al\/index.php\/wp-json\/wp\/v2\/comments?post=652247"}],"version-history":[{"count":0,"href":"https:\/\/www.hashtag.al\/index.php\/wp-json\/wp\/v2\/posts\/652247\/revisions"}],"wp:featuredmedia":[{"embeddable":true,"href":"https:\/\/www.hashtag.al\/index.php\/wp-json\/wp\/v2\/media\/652248"}],"wp:attachment":[{"href":"https:\/\/www.hashtag.al\/index.php\/wp-json\/wp\/v2\/media?parent=652247"}],"wp:term":[{"taxonomy":"category","embeddable":true,"href":"https:\/\/www.hashtag.al\/index.php\/wp-json\/wp\/v2\/categories?post=652247"},{"taxonomy":"post_tag","embeddable":true,"href":"https:\/\/www.hashtag.al\/index.php\/wp-json\/wp\/v2\/tags?post=652247"}],"curies":[{"name":"wp","href":"https:\/\/api.w.org\/{rel}","templated":true}]}}