{"id":652242,"date":"2024-02-06T19:14:56","date_gmt":"2024-02-06T18:14:56","guid":{"rendered":"https:\/\/www.hashtag.al\/?p=652242"},"modified":"2024-02-06T19:14:56","modified_gmt":"2024-02-06T18:14:56","slug":"deshtimi-i-komisionit-te-reformes-zgjedhore-basha-per-deputetet-e-rithemelimit-jane-ne-nje-mendje-me-ramen","status":"publish","type":"post","link":"https:\/\/www.hashtag.al\/index.php\/2024\/02\/06\/deshtimi-i-komisionit-te-reformes-zgjedhore-basha-per-deputetet-e-rithemelimit-jane-ne-nje-mendje-me-ramen\/","title":{"rendered":"D\u00ebshtimi i Komisionit t\u00eb Reform\u00ebs Zgjedhore, Basha p\u00ebr deputet\u00ebt e Rithemelimit: Jan\u00eb n\u00eb nj\u00eb mendje me Ram\u00ebn","gt_translate_keys":[{"key":"rendered","format":"text"}]},"content":{"rendered":"<p style=\"text-align: left;\"><span style=\"color: #000000;\"><img loading=\"lazy\" decoding=\"async\" class=\"size-full wp-image-652243 aligncenter\" src=\"https:\/\/www.hashtag.al\/wp-content\/uploads\/2024\/02\/basha4.jpg\" alt=\"\" width=\"480\" height=\"344\" srcset=\"https:\/\/www.hashtag.al\/wp-content\/uploads\/2024\/02\/basha4.jpg 480w, https:\/\/www.hashtag.al\/wp-content\/uploads\/2024\/02\/basha4-300x215.jpg 300w\" sizes=\"auto, (max-width: 480px) 100vw, 480px\" \/><\/span><\/p>\n<p style=\"text-align: left;\"><span style=\"color: #000000;\">Lulzim Basha \u00ebsht\u00eb ndalur tek d\u00ebshimi i Komisionit t\u00eb Reform\u00ebs Zgjedhore, duke b\u00ebr\u00eb fajtor jo vet\u00ebm kryeministrin Rama por edhe koleg\u00ebt e tjer\u00eb demorkat\u00eb t\u00eb Rithemelimit dhe t\u00eb Gazment Bardhit, t\u00eb cil\u00ebt kan\u00eb bllokuar punimet e komisionit.<\/span><\/p>\n<p style=\"text-align: left;\"><span style=\"color: #000000;\">Nga takimi me demokrat\u00ebt e deg\u00ebs 11 n\u00eb Tiran\u00eb, Basha u shpreh se ata po e ndihmojn\u00eb Edi Ram\u00ebn, duke e bllokuar k\u00ebt\u00eb komision.<\/span><\/p>\n<p style=\"text-align: left;\"><span style=\"color: #000000;\"><em>\u201cT\u00eb vijm\u00eb t\u00eb shfaqja e dyt\u00eb, ne e dim\u00eb q\u00eb Rama nuk e do reform\u00ebn zgjedhore. E ka th\u00ebn\u00eb vet\u00eb \u00ebsht\u00eb treguar i sinqert\u00eb.\u00a0 E dua k\u00ebshtu si\u00e7 \u00ebsht\u00eb.<\/em><\/span><\/p>\n<p style=\"text-align: left;\"><span style=\"color: #000000;\"><em>Por kemi dik\u00eb tjet\u00ebr q\u00eb nuk e thot\u00eb do apo nuk do reform\u00ebn zgjedhore, por bllokon procesin e reform\u00ebs zgjedhore, Nuk \u00ebsht\u00eb e nj\u00ebjta gj\u00eb? Nj\u00ebri thot\u00eb nuk e dua e dua k\u00ebshtu sic \u00ebsht\u00eb, tjetri e bllokon dhe pastaj me pafytyr\u00ebsin\u00eb m\u00eb t\u00eb madhe e drejton gishtin nga PD.<\/em><\/span><\/p>\n<p style=\"text-align: left;\"><span style=\"color: #000000;\"><em>Dmth jan\u00eb n\u00eb nj\u00eb mendje me Edi Ram\u00ebn, e ndihmojn\u00eb Edi Ram\u00ebn duke bllokuar komisionin e reform\u00ebs zgjedhore. K\u00ebtej thon\u00eb nuk duan k\u00ebta.<\/em><\/span><\/p>\n<p style=\"text-align: left;\"><span style=\"color: #000000;\"><em>Ti japim fund hipokrizis\u00eb. Ju i keni dh\u00ebn\u00eb fund hipokrizis\u00eb, at\u00ebher\u00eb kur n\u00ebn flamuj t\u00eb rrem\u00eb u tentua asgj\u00ebsimi i shpirtit t\u00eb PD u tregua q\u00eb lidershipi i v\u00ebrtet\u00eb i demokrat\u00ebve nuk kan\u00eb qen\u00eb m\u00eb t\u00eb kollarisurit, por kan\u00eb qen\u00eb burrat dhe grat\u00eb e k\u00ebsaj partie k\u00ebtu n\u00eb Laprak\u00eb dhe n\u00eb gjith\u00eb Shqip\u00ebrin\u00eb q\u00eb than\u00eb kemi lindur si parti aleate e SHBA dhe do t\u00eb q\u00ebndrojn\u00eb t\u00eb till\u00eb\u201d,<\/em> tha nd\u00ebr t\u00eb tjera Basha.<\/span><\/p>\n","protected":false,"gt_translate_keys":[{"key":"rendered","format":"html"}]},"excerpt":{"rendered":"<p>Lulzim Basha \u00ebsht\u00eb ndalur tek d\u00ebshimi i Komisionit t\u00eb Reform\u00ebs Zgjedhore, duke b\u00ebr\u00eb fajtor jo vet\u00ebm kryeministrin Rama por edhe koleg\u00ebt e tjer\u00eb demorkat\u00eb t\u00eb Rithemelimit dhe t\u00eb Gazment Bardhit, t\u00eb cil\u00ebt kan\u00eb bllokuar punimet e komisionit. Nga takimi me demokrat\u00ebt e deg\u00ebs 11 n\u00eb Tiran\u00eb, Basha u shpreh se ata po e ndihmojn\u00eb Edi [&hellip;]<\/p>\n","protected":false,"gt_translate_keys":[{"key":"rendered","format":"html"}]},"author":4,"featured_media":652243,"comment_status":"closed","ping_status":"open","sticky":false,"template":"","format":"standard","meta":{"footnotes":""},"categories":[65],"tags":[],"class_list":["post-652242","post","type-post","status-publish","format-standard","has-post-thumbnail","hentry","category-lajme"],"gt_translate_keys":[{"key":"link","format":"url"}],"_links":{"self":[{"href":"https:\/\/www.hashtag.al\/index.php\/wp-json\/wp\/v2\/posts\/652242","targetHints":{"allow":["GET"]}}],"collection":[{"href":"https:\/\/www.hashtag.al\/index.php\/wp-json\/wp\/v2\/posts"}],"about":[{"href":"https:\/\/www.hashtag.al\/index.php\/wp-json\/wp\/v2\/types\/post"}],"author":[{"embeddable":true,"href":"https:\/\/www.hashtag.al\/index.php\/wp-json\/wp\/v2\/users\/4"}],"replies":[{"embeddable":true,"href":"https:\/\/www.hashtag.al\/index.php\/wp-json\/wp\/v2\/comments?post=652242"}],"version-history":[{"count":0,"href":"https:\/\/www.hashtag.al\/index.php\/wp-json\/wp\/v2\/posts\/652242\/revisions"}],"wp:featuredmedia":[{"embeddable":true,"href":"https:\/\/www.hashtag.al\/index.php\/wp-json\/wp\/v2\/media\/652243"}],"wp:attachment":[{"href":"https:\/\/www.hashtag.al\/index.php\/wp-json\/wp\/v2\/media?parent=652242"}],"wp:term":[{"taxonomy":"category","embeddable":true,"href":"https:\/\/www.hashtag.al\/index.php\/wp-json\/wp\/v2\/categories?post=652242"},{"taxonomy":"post_tag","embeddable":true,"href":"https:\/\/www.hashtag.al\/index.php\/wp-json\/wp\/v2\/tags?post=652242"}],"curies":[{"name":"wp","href":"https:\/\/api.w.org\/{rel}","templated":true}]}}