{"id":652194,"date":"2024-02-06T17:18:30","date_gmt":"2024-02-06T16:18:30","guid":{"rendered":"https:\/\/www.hashtag.al\/?p=652194"},"modified":"2024-02-06T17:18:30","modified_gmt":"2024-02-06T16:18:30","slug":"sunak-fatmiresisht-kanceri-i-mbretit-carles-u-zbulua-heret","status":"publish","type":"post","link":"https:\/\/www.hashtag.al\/index.php\/2024\/02\/06\/sunak-fatmiresisht-kanceri-i-mbretit-carles-u-zbulua-heret\/","title":{"rendered":"Sunak: Fatmir\u00ebsisht kanceri i mbretit \u00c7arles u zbulua her\u00ebt","gt_translate_keys":[{"key":"rendered","format":"text"}]},"content":{"rendered":"<p style=\"text-align: left;\"><span style=\"color: #000000;\"><img loading=\"lazy\" decoding=\"async\" class=\"size-full wp-image-652195 aligncenter\" src=\"https:\/\/www.hashtag.al\/wp-content\/uploads\/2024\/02\/Screenshot-2024-02-06-165850.png\" alt=\"\" width=\"880\" height=\"488\" srcset=\"https:\/\/www.hashtag.al\/wp-content\/uploads\/2024\/02\/Screenshot-2024-02-06-165850.png 880w, https:\/\/www.hashtag.al\/wp-content\/uploads\/2024\/02\/Screenshot-2024-02-06-165850-300x166.png 300w, https:\/\/www.hashtag.al\/wp-content\/uploads\/2024\/02\/Screenshot-2024-02-06-165850-768x426.png 768w, https:\/\/www.hashtag.al\/wp-content\/uploads\/2024\/02\/Screenshot-2024-02-06-165850-750x415.png 750w\" sizes=\"auto, (max-width: 880px) 100vw, 880px\" \/><\/span><\/p>\n<p style=\"text-align: left;\"><span style=\"color: #000000;\">Pallati Mbret\u00ebror \u2018Buckingham\u2019 njoftoi t\u00eb h\u00ebn\u00ebn n\u00eb mbr\u00ebmje se mbreti ka filluar trajtimin p\u00ebr nj\u00eb form\u00eb kanceri, pa treguar se p\u00ebr \u00e7far\u00eb kanceri b\u00ebhet fjal\u00eb. <\/span><\/p>\n<p style=\"text-align: left;\"><span style=\"color: #000000;\">Ai u zbulua gjat\u00eb trajtimit t\u00eb tij t\u00eb fundit n\u00eb spital p\u00ebr prostat\u00eb t\u00eb zmadhuar, megjith\u00ebse kanceri nuk ka t\u00eb b\u00ebj\u00eb me prostat\u00ebn, por \u00ebsht\u00eb nj\u00eb \u201c\u00e7\u00ebshtje e ve\u00e7ant\u00eb\u201d, tha pallati.<\/span><\/p>\n<p><span style=\"color: #000000;\"><em>\u201cFatmir\u00ebsisht, kjo \u00ebsht\u00eb zbuluar her\u00ebt\u201d,<\/em>\u00a0tha Kryeministri Sunak p\u00ebr BBC, duke shtuar se si kryeminist\u00ebr ai do t\u00eb \u201cvazhdonte t\u00eb komunikonte me t\u00eb normalisht\u201d.<\/span><\/p>\n<p><span style=\"color: #000000;\"><em>\u201cShum\u00eb familje anemban\u00eb vendit jan\u00eb prekur nga e nj\u00ebjta gj\u00eb dhe ata e din\u00eb se \u00e7far\u00eb do t\u00eb thot\u00eb\u201d,\u00a0<\/em>tha zoti Sunak.\u00a0<em>\u201cPra, ne do t\u00eb mendojm\u00eb p\u00ebr t\u00eb dhe shpresojm\u00eb q\u00eb ta kalojm\u00eb k\u00ebt\u00eb sa m\u00eb shpejt t\u00eb jet\u00eb e mundur\u201d.<\/em><\/span><\/p>\n<p><span style=\"color: #000000;\">Djali i vog\u00ebl i mbretit, Princi Harry, i cili la detyrat mbret\u00ebrore n\u00eb vitin 2020, u transferua n\u00eb Kaliforni dhe ka nj\u00eb marr\u00ebdh\u00ebnie t\u00eb trazuar me baban\u00eb e tij, ka folur me Mbretin \u00c7arls p\u00ebr diagnoz\u00ebn dhe \u201cdo t\u00eb udh\u00ebtoj\u00eb p\u00ebr n\u00eb Mbret\u00ebrin\u00eb e Bashkuar p\u00ebr t\u00eb par\u00eb Madh\u00ebrin\u00eb e Tij n\u00eb dit\u00ebt n\u00eb vijim, tha zyra e Harry-it dhe gruas s\u00eb tij, Meghan. Mediat britanike raportuan se ai \u00ebsht\u00eb nisur t\u00eb mart\u00ebn nga Los Anxhelosi p\u00ebr n\u00eb Britani.<\/span><\/p>\n","protected":false,"gt_translate_keys":[{"key":"rendered","format":"html"}]},"excerpt":{"rendered":"<p>Pallati Mbret\u00ebror \u2018Buckingham\u2019 njoftoi t\u00eb h\u00ebn\u00ebn n\u00eb mbr\u00ebmje se mbreti ka filluar trajtimin p\u00ebr nj\u00eb form\u00eb kanceri, pa treguar se p\u00ebr \u00e7far\u00eb kanceri b\u00ebhet fjal\u00eb. Ai u zbulua gjat\u00eb trajtimit t\u00eb tij t\u00eb fundit n\u00eb spital p\u00ebr prostat\u00eb t\u00eb zmadhuar, megjith\u00ebse kanceri nuk ka t\u00eb b\u00ebj\u00eb me prostat\u00ebn, por \u00ebsht\u00eb nj\u00eb \u201c\u00e7\u00ebshtje e ve\u00e7ant\u00eb\u201d, tha [&hellip;]<\/p>\n","protected":false,"gt_translate_keys":[{"key":"rendered","format":"html"}]},"author":4,"featured_media":652195,"comment_status":"closed","ping_status":"open","sticky":false,"template":"","format":"standard","meta":{"footnotes":""},"categories":[6],"tags":[],"class_list":["post-652194","post","type-post","status-publish","format-standard","has-post-thumbnail","hentry","category-nderkombetare"],"gt_translate_keys":[{"key":"link","format":"url"}],"_links":{"self":[{"href":"https:\/\/www.hashtag.al\/index.php\/wp-json\/wp\/v2\/posts\/652194","targetHints":{"allow":["GET"]}}],"collection":[{"href":"https:\/\/www.hashtag.al\/index.php\/wp-json\/wp\/v2\/posts"}],"about":[{"href":"https:\/\/www.hashtag.al\/index.php\/wp-json\/wp\/v2\/types\/post"}],"author":[{"embeddable":true,"href":"https:\/\/www.hashtag.al\/index.php\/wp-json\/wp\/v2\/users\/4"}],"replies":[{"embeddable":true,"href":"https:\/\/www.hashtag.al\/index.php\/wp-json\/wp\/v2\/comments?post=652194"}],"version-history":[{"count":0,"href":"https:\/\/www.hashtag.al\/index.php\/wp-json\/wp\/v2\/posts\/652194\/revisions"}],"wp:featuredmedia":[{"embeddable":true,"href":"https:\/\/www.hashtag.al\/index.php\/wp-json\/wp\/v2\/media\/652195"}],"wp:attachment":[{"href":"https:\/\/www.hashtag.al\/index.php\/wp-json\/wp\/v2\/media?parent=652194"}],"wp:term":[{"taxonomy":"category","embeddable":true,"href":"https:\/\/www.hashtag.al\/index.php\/wp-json\/wp\/v2\/categories?post=652194"},{"taxonomy":"post_tag","embeddable":true,"href":"https:\/\/www.hashtag.al\/index.php\/wp-json\/wp\/v2\/tags?post=652194"}],"curies":[{"name":"wp","href":"https:\/\/api.w.org\/{rel}","templated":true}]}}