{"id":652058,"date":"2024-02-06T11:19:17","date_gmt":"2024-02-06T10:19:17","guid":{"rendered":"https:\/\/www.hashtag.al\/?p=652058"},"modified":"2024-02-06T11:19:17","modified_gmt":"2024-02-06T10:19:17","slug":"zbardhen-detaje-nga-mbledhja-e-grupit-te-pd-se-salianji-paralajmeron-ngujim-dhe-greve-urie","status":"publish","type":"post","link":"https:\/\/www.hashtag.al\/index.php\/2024\/02\/06\/zbardhen-detaje-nga-mbledhja-e-grupit-te-pd-se-salianji-paralajmeron-ngujim-dhe-greve-urie\/","title":{"rendered":"Zbardhen detaje nga\u00a0mbledhja e Grupit t\u00eb PD-s\u00eb, Salianji paralajm\u00ebron ngujim dhe grev\u00eb urie","gt_translate_keys":[{"key":"rendered","format":"text"}]},"content":{"rendered":"<p><img loading=\"lazy\" decoding=\"async\" class=\"size-full wp-image-652059 aligncenter\" src=\"https:\/\/www.hashtag.al\/wp-content\/uploads\/2024\/02\/WhatsApp-Image-2024-02-06-at-11.04.59-1.jpeg\" alt=\"\" width=\"1600\" height=\"1037\" srcset=\"https:\/\/www.hashtag.al\/wp-content\/uploads\/2024\/02\/WhatsApp-Image-2024-02-06-at-11.04.59-1.jpeg 1600w, https:\/\/www.hashtag.al\/wp-content\/uploads\/2024\/02\/WhatsApp-Image-2024-02-06-at-11.04.59-1-300x194.jpeg 300w, https:\/\/www.hashtag.al\/wp-content\/uploads\/2024\/02\/WhatsApp-Image-2024-02-06-at-11.04.59-1-1024x664.jpeg 1024w, https:\/\/www.hashtag.al\/wp-content\/uploads\/2024\/02\/WhatsApp-Image-2024-02-06-at-11.04.59-1-768x498.jpeg 768w, https:\/\/www.hashtag.al\/wp-content\/uploads\/2024\/02\/WhatsApp-Image-2024-02-06-at-11.04.59-1-1536x996.jpeg 1536w\" sizes=\"auto, (max-width: 1600px) 100vw, 1600px\" \/><\/p>\n<p><span style=\"font-weight: 400; color: #000000;\">Jan\u00eb zbardhur detaje nga mbledhja e djeshme t\u00eb grupit parlamentar t\u00eb Partis\u00eb Demokratike.<\/span><\/p>\n<p><span style=\"color: #000000;\"><span style=\"font-weight: 400;\">Sipas <\/span><span style=\"color: #0000ff;\"><a style=\"color: #0000ff;\" href=\"https:\/\/www.balkanweb.com\/balkanweb-zbardh-mbledhjen-e-grupit-te-pd-salianji-paralajmeron-ngujim-dhe-greve-urie-sula-e-moret-ne-qafe-berishen\/#gsc.tab=0\"><span style=\"font-weight: 400;\">Balkan web <\/span><\/a><\/span><span style=\"font-weight: 400;\">Ervin Salianji ka theksuar nevoj\u00ebn q\u00eb n\u00eb mbledhje t\u00eb diskutohej n\u00eb lidhje me deklaratat e kish zv.kryeminitrit Arben Ahmetaj, n\u00eb lidhje me Incenerator\u00ebt.<\/span><\/span><\/p>\n<p><span style=\"font-weight: 400; color: #000000;\">Ai ka shtuar se sa i takon aksionit opozitar, situata duhet t\u00eb radikalizohet deri n\u00eb ngujim apo grev\u00eb urie.<\/span><\/p>\n<p><span style=\"color: #000000;\"><strong>Mbledhja:<\/strong><\/span><\/p>\n<p><span style=\"color: #000000;\"><b>Gazment Bardhi:<\/b><span style=\"font-weight: 400;\"> Do t\u00eb diskutojm\u00eb sot (dje) p\u00ebr seanc\u00ebn plenare dhe reform\u00ebn zgjedhore. Duhet t\u00eb dini se ne kemi qen\u00eb n\u00eb gatishm\u00ebri t\u00eb plot\u00eb p\u00ebr zgjidhje t\u00eb situat\u00ebs politike ku jemi, por p\u00ebrgjigja e mazhoranc\u00ebs \u00ebsht\u00eb p\u00ebrjashtimi i deputeteve t\u00eb opozit\u00ebs. Nuk ka asnj\u00eb reflektim nga ata, edhe pse na kan\u00eb mohuar t\u00eb drejtat tona kushtetuese, ngritjen e komisioneve hetimore parlamentare si dhe kan\u00eb mohuar vullnetin e shumic\u00ebs p\u00ebr p\u00ebrfaq\u00ebsi n\u00eb Komisionin e Reform\u00ebs Zgjedhore. T\u00eb gjendur n\u00eb k\u00ebt\u00eb situat\u00eb ne duhet t\u00eb vazhdojm\u00eb aksionin q\u00eb kemi nisur.<\/span><\/span><\/p>\n<p><span style=\"color: #000000;\"><b>Fatmir Mediu: <\/b><span style=\"font-weight: 400;\">Opozita duhet t\u00eb bashkohet dhe ne kemi b\u00ebr\u00eb propozim p\u00ebr Federat\u00eb. <\/span><span style=\"font-weight: 400;\">T\u00eb jemi t\u00eb qart\u00eb se \u00e7far\u00eb q\u00ebllimi duhet t\u00eb kemi me reform\u00ebn zgjedhore. Duhet t\u00eb biem diskutimet konkrete dhe t\u00eb shqyrtohen tek grupi deputet\u00ebve. Si aleanc\u00eb p\u00ebr Ndryshim kemi b\u00ebr\u00eb propozimet tona, p\u00ebr listat e hapura, rikthimin e koalicioneve parazgjedhore dhe vot\u00ebn e emigrant\u00ebve.<\/span><\/span><\/p>\n<p><span style=\"font-weight: 400; color: #000000;\">Veprimin ton\u00eb opozitar duhet ta zhvillojm\u00eb n\u00eb parlament dhe jasht\u00eb parlamentit, t\u00eb b\u00ebjm\u00eb nj\u00eb analiz\u00eb t\u00eb aksionit opozitar n\u00eb Parlament dhe mbi t\u00eb gjitha t\u00eb shkojm\u00eb t\u00eb takohemi me njer\u00ebzit, ti d\u00ebgjojm\u00eb ata, t\u00eb flasim p\u00ebr shtetin q\u00eb i sh\u00ebrben atyre, kthimin e parlamentit n\u00eb funksione kushtetuese. Dhe ve\u00e7an\u00ebrisht t\u00eb bashk\u00ebpunojm\u00eb me nd\u00ebrkomb\u00ebtar\u00ebt.<\/span><\/p>\n<p><span style=\"color: #000000;\"><b>Lindita Metaliaj: <\/b><span style=\"font-weight: 400;\">Ne duhet te bashkohemi jo vet\u00ebm k\u00ebtu ne grup, por edhe ne baze. K\u00ebshtu si\u00e7 jemi nuk frym\u00ebzojm\u00eb, madje edhe njer\u00ebzit nuk jan\u00eb optimiste kur e shohin situat\u00ebn te tille. Prandaj te bashkuar mundemi te dalim edhe tek mb\u00ebshtet\u00ebsit tan\u00eb, tek qytetaret, se ndryshe as njer\u00ebzit nuk na presin me.<\/span><\/span><\/p>\n<p><span style=\"font-weight: 400; color: #000000;\">Te ndahen grupet e pun\u00ebs dhe te fillojm\u00eb organizimin e strukturave ne baze, duhet ti rivalizojm\u00eb, ti motivojm\u00eb dhe te b\u00ebhemi te besuesh\u00ebm .<\/span><\/p>\n<p><span style=\"color: #000000;\"><b>Dashnor Sula:<\/b><span style=\"font-weight: 400;\"> Juve e mor\u00ebt m\u00eb qaf Berish\u00ebn. Juve i that\u00eb Berish\u00ebs mos shko t\u00eb paraqitet n\u00eb SPAK. Ka t\u00eb drejt\u00eb Lindita kur thot\u00eb q\u00eb s\u2019na besojn\u00eb m\u00eb njer\u00ebzit.<\/span><\/span><\/p>\n<p><span style=\"color: #000000;\"><b>Ervin Salianji:<\/b><span style=\"font-weight: 400;\"> Me vjen keq t\u2019iu them qe \u00e7do diskutim deri tani flet p\u00ebr situat\u00ebn mes nesh nd\u00ebrkohe qe duhet ta nisim diskutimin e mbledhjes me deklaratat skandaloze te ish nr 2 t\u00eb Ram\u00ebs. Ai nuk \u00ebsht\u00eb i penduar ne kuptimin ligjor sepse nuk i pranoi krimet e veta por nd\u00ebrkohe si nj\u00eb prej pjes\u00ebtareve te band\u00ebs tregoi se si p\u00ebrdoret pushteti p\u00ebr te pasuruar disa, p\u00ebr te goditur disa te tjer\u00eb, se si oligark\u00ebt marrin toke det dhe aj\u00ebr duke ngren\u00eb qofte me KM!<\/span><\/span><\/p>\n<p><span style=\"font-weight: 400; color: #000000;\">Se si p\u00ebrdorin \u00e7do institucion dhe drejt\u00ebsin\u00eb p\u00ebr te eliminuar kush ju del nga vatha! P\u00ebr k\u00ebt\u00eb duhet reagim. Ne duhet te mblidhemi dhe mos dalim pa gjetur zgjidhje p\u00ebr bashkimin, ose t\u2019ua them tro\u00e7; n\u00ebse mendoni si t\u2019ia hidhni njeri tjetrit p\u00ebr te fituar kohe e kemi gabim, demokrat\u00ebt k\u00ebrkojn\u00eb bashkim dhe ndryshim me pas.<\/span><\/p>\n<p><span style=\"font-weight: 400; color: #000000;\">Sa i takon aksionit, ose duhet ta radikalizojm\u00eb n\u00eb ngujim apo grev\u00eb urie, ose diversifikim.<\/span><\/p>\n<p><span style=\"color: #000000;\"><b>Agron Gjekmarkaj: <\/b><span style=\"font-weight: 400;\">Epika dhe politika nuk jan\u00eb e nj\u00ebjta gj\u00eb edhe pse ne e p\u00ebrdorim shpesh te paren duke menduar se b\u00ebjm\u00eb te dyt\u00ebn. Para se te shkojm\u00eb te p\u00ebrshkall\u00ebzimi i cili nuk \u00ebsht\u00eb qellim ne vetvete por realizimi i k\u00ebrkesave tona duhet te krijojm\u00eb nj\u00eb mund\u00ebsi komunikimi qe te ken\u00eb z\u00eb edhe nd\u00ebrkomb\u00ebtar\u00ebt. Le ti riformulojm\u00eb k\u00ebrkesat p\u00ebr komisione hetimore, si dhe at\u00eb p\u00ebr rib\u00ebrje te ligjit p\u00ebr to ku ne te jemi pjese.<\/span><\/span><\/p>\n<p><span style=\"font-weight: 400; color: #000000;\">Pastaj n\u00ebse nuk ka asnj\u00eb reflektim ata qe kane deklaruar se jan\u00eb te gatsh\u00ebm te sakrifikojn\u00eb me akte sublime le ta b\u00ebjn\u00eb at\u00eb. Ne fund publikut i duhet shpjeguar drejt\u00ebsia e p\u00ebrpjekjes, vullneti p\u00ebr ta bere at\u00eb. Ne optiken time do ishte mire qe brenda k\u00ebtij segmenti te jemi dhe te flasim p\u00ebr amnistin\u00eb penale mos ta anashkalojm\u00eb.\u00a0<\/span><\/p>\n<p><span style=\"font-weight: 400; color: #000000;\">Mund te humbas\u00ebsh ose se arrin at\u00eb po se paku merr dakord\u00ebsin\u00eb e shoq\u00ebris\u00eb. Nuk jam votuar p\u00ebr gladiator, gjeja ka nj\u00eb limit pastaj Rama po e vazhdon axhenden e vet dhe duket sikur po i p\u00eblqen axhenda jone<\/span><\/p>\n<p><span style=\"color: #000000;\"><b>Dhurata \u00c7upi:<\/b><span style=\"font-weight: 400;\"> Une mendoj se na duhet nj\u00eb vendim i Grupit Parlamentar p\u00ebr te ripare q\u00ebndrimin qe kemi ne raport me Kuvendin. Nd\u00ebrsa Rama ka nisur fushat\u00ebn p\u00ebr 2025 ne vazhdojm\u00eb merremi me veten dhe me Kuvendin. Na duhet te gjejm\u00eb nj\u00eb zgjidhje. Sa i takon Amnistie Penale, na duhet nj\u00eb vendim n\u00ebse do e votojm\u00eb apo jo, pasi prej saj p\u00ebrfitojn\u00eb protestues t\u00eb Pd-s\u00eb.<\/span><\/span><\/p>\n","protected":false,"gt_translate_keys":[{"key":"rendered","format":"html"}]},"excerpt":{"rendered":"<p>Jan\u00eb zbardhur detaje nga mbledhja e djeshme t\u00eb grupit parlamentar t\u00eb Partis\u00eb Demokratike. Sipas Balkan web Ervin Salianji ka theksuar nevoj\u00ebn q\u00eb n\u00eb mbledhje t\u00eb diskutohej n\u00eb lidhje me deklaratat e kish zv.kryeminitrit Arben Ahmetaj, n\u00eb lidhje me Incenerator\u00ebt. Ai ka shtuar se sa i takon aksionit opozitar, situata duhet t\u00eb radikalizohet deri n\u00eb ngujim [&hellip;]<\/p>\n","protected":false,"gt_translate_keys":[{"key":"rendered","format":"html"}]},"author":4,"featured_media":652059,"comment_status":"closed","ping_status":"open","sticky":false,"template":"","format":"standard","meta":{"footnotes":""},"categories":[65],"tags":[],"class_list":["post-652058","post","type-post","status-publish","format-standard","has-post-thumbnail","hentry","category-lajme"],"gt_translate_keys":[{"key":"link","format":"url"}],"_links":{"self":[{"href":"https:\/\/www.hashtag.al\/index.php\/wp-json\/wp\/v2\/posts\/652058","targetHints":{"allow":["GET"]}}],"collection":[{"href":"https:\/\/www.hashtag.al\/index.php\/wp-json\/wp\/v2\/posts"}],"about":[{"href":"https:\/\/www.hashtag.al\/index.php\/wp-json\/wp\/v2\/types\/post"}],"author":[{"embeddable":true,"href":"https:\/\/www.hashtag.al\/index.php\/wp-json\/wp\/v2\/users\/4"}],"replies":[{"embeddable":true,"href":"https:\/\/www.hashtag.al\/index.php\/wp-json\/wp\/v2\/comments?post=652058"}],"version-history":[{"count":0,"href":"https:\/\/www.hashtag.al\/index.php\/wp-json\/wp\/v2\/posts\/652058\/revisions"}],"wp:featuredmedia":[{"embeddable":true,"href":"https:\/\/www.hashtag.al\/index.php\/wp-json\/wp\/v2\/media\/652059"}],"wp:attachment":[{"href":"https:\/\/www.hashtag.al\/index.php\/wp-json\/wp\/v2\/media?parent=652058"}],"wp:term":[{"taxonomy":"category","embeddable":true,"href":"https:\/\/www.hashtag.al\/index.php\/wp-json\/wp\/v2\/categories?post=652058"},{"taxonomy":"post_tag","embeddable":true,"href":"https:\/\/www.hashtag.al\/index.php\/wp-json\/wp\/v2\/tags?post=652058"}],"curies":[{"name":"wp","href":"https:\/\/api.w.org\/{rel}","templated":true}]}}