{"id":651797,"date":"2024-02-05T12:59:27","date_gmt":"2024-02-05T11:59:27","guid":{"rendered":"https:\/\/www.hashtag.al\/?p=651797"},"modified":"2024-02-05T12:59:27","modified_gmt":"2024-02-05T11:59:27","slug":"kina-denon-me-vdekje-me-kusht-shkrimtarin-australian-yang-hengjun","status":"publish","type":"post","link":"https:\/\/www.hashtag.al\/index.php\/2024\/02\/05\/kina-denon-me-vdekje-me-kusht-shkrimtarin-australian-yang-hengjun\/","title":{"rendered":"Kina d\u00ebnon me vdekje me kusht shkrimtarin australian Yang Hengjun","gt_translate_keys":[{"key":"rendered","format":"text"}]},"content":{"rendered":"<p><img loading=\"lazy\" decoding=\"async\" class=\"aligncenter size-full wp-image-651803\" src=\"https:\/\/www.hashtag.al\/wp-content\/uploads\/2024\/02\/kine-ezgif.com-avif-to-jpg-converter.jpg\" alt=\"\" width=\"599\" height=\"337\" srcset=\"https:\/\/www.hashtag.al\/wp-content\/uploads\/2024\/02\/kine-ezgif.com-avif-to-jpg-converter.jpg 599w, https:\/\/www.hashtag.al\/wp-content\/uploads\/2024\/02\/kine-ezgif.com-avif-to-jpg-converter-300x169.jpg 300w\" sizes=\"auto, (max-width: 599px) 100vw, 599px\" \/><\/p>\n<p><span style=\"color: #000000;\">Nj\u00eb gjykat\u00eb e Pekinit i dha t\u00eb h\u00ebn\u00ebn shkrimtarit australian Yang Hengjun nj\u00eb d\u00ebnim me vdekje me kusht p\u00ebr akuzat p\u00ebr spiunazh, duke k\u00ebrc\u00ebnuar nj\u00eb rikthim t\u00eb tensioneve t\u00eb koh\u00ebve t\u00eb fundit n\u00eb lidhjet dypal\u00ebshe, q\u00eb pasojn\u00eb disa vite marr\u00ebdh\u00ebniesh problematike midis Pekinit dhe Kanberr\u00ebs.<\/span><\/p>\n<p><span style=\"color: #000000;\">D\u00ebnimi, i dh\u00ebn\u00eb pes\u00eb vjet pasi Yang u arrestua n\u00eb Kin\u00eb dhe tre vjet pas gjyqit t\u00eb tij me dyer t\u00eb mbyllura p\u00ebr akuzat p\u00ebr spiunazh, tronditi familjen dhe mb\u00ebshtet\u00ebsit e tij.<\/span><\/p>\n<p><span style=\"color: #000000;\">Ai gjithashtu k\u00ebrc\u00ebnon nj\u00eb rindezje t\u00eb tensioneve t\u00eb koh\u00ebve t\u00eb fundit t\u00eb marr\u00ebdh\u00ebnieve midis Australis\u00eb dhe Kin\u00ebs, thon\u00eb analist\u00ebt, t\u00eb cilat deri n\u00eb fund t\u00eb vitit t\u00eb kaluar kishin t\u00eb b\u00ebnin me tregtine, COVID-19 dhe q\u00ebndrimin e siguris\u00eb rajonale.<\/span><\/p>\n<p><span style=\"color: #000000;\">Yang, nj\u00eb bloger pro-demokracis\u00eb, \u00ebsht\u00eb nj\u00eb shtetas australian i lindur n\u00eb Kin\u00eb, i cili punonte n\u00eb Nju Jork p\u00ebrpara arrestimit t\u00eb tij n\u00eb aeroportin e Guangzhou n\u00eb vitin 2019. M\u00eb her\u00ebt ai ka qen\u00eb punonj\u00ebs i Ministris\u00eb s\u00eb Siguris\u00eb s\u00eb Shtetit n\u00eb vitet 1989-1999. Yang ishte akuzuar se kishte spiunuar p\u00ebr llogari t\u00eb nj\u00eb vendi, t\u00eb cilin Kina nuk e ka identifikuar publikisht nd\u00ebrsa holl\u00ebsit\u00eb e \u00e7\u00ebshtjes kund\u00ebr tij nuk jan\u00eb b\u00ebr\u00eb publike.<\/span><\/p>\n<p><span style=\"color: #000000;\">Wang Wenbin, nj\u00eb z\u00ebdh\u00ebn\u00ebs i ministris\u00eb kineze, u tha gazetar\u00ebve n\u00eb Pekin se Yang ishte shpallur fajtor p\u00ebr spiunazh dhe &#8220;ishte d\u00ebnuar me vdekje me dy vjet prov\u00eb dhe u urdh\u00ebrua q\u00eb t\u00eb gjitha pronat e tij personale t\u00eb konfiskoheshin&#8221;.<\/span><\/p>\n<p><span style=\"color: #000000;\">Wang shtoi se &#8220;pala australiane&#8221; u lejua t\u00eb ishte pjes\u00ebmarr\u00ebse n\u00eb vendimin e d\u00ebnimit dhe se t\u00eb gjitha procedurat ishin ndjekur.<\/span><\/p>\n<p><span style=\"color: #000000;\">Studiuesi me baz\u00eb n\u00eb Sidnei, Feng Chongyi, i cili \u00ebsht\u00eb nj\u00eb mik i vjet\u00ebr i Wang dhe q\u00eb e ka ndjekur nga af\u00ebr gjyqin, e quajti at\u00eb nj\u00eb &#8220;rast serioz padrejt\u00ebsie&#8221;, duke shtuar se Yang i kishte mohuar akuzat.<\/span><\/p>\n<p><span style=\"color: #000000;\"><em>\u201cAi d\u00ebnohet nga qeveria kineze p\u00ebr kritikat e tij ndaj abuzimeve t\u00eb t\u00eb drejtave t\u00eb njeriut n\u00eb Kin\u00eb dhe mbrojtjen e tij t\u00eb vlerave universale si t\u00eb drejtat e njeriut, demokracia dhe sundimi i ligjit\u201d<\/em>, tha Feng.<\/span><\/p>\n<p><span style=\"color: #000000;\">Ai i k\u00ebrkoi qeveris\u00eb australiane t\u00eb k\u00ebrkonte lirim mjek\u00ebsor me kusht p\u00ebr Yang, duke th\u00ebn\u00eb se pes\u00eb vjet paraburgim kishin shkaktuar nj\u00eb d\u00ebmtim t\u00eb r\u00ebnd\u00eb n\u00eb sh\u00ebndetin e tij.<\/span><\/p>\n<p><span style=\"color: #000000;\">Australia tha se \u00ebsht\u00eb &#8220;e tmerruar&#8221; nga vendimi i gjykat\u00ebs dhe ka thirrur ambasadorin e Kin\u00ebs, tha ministrja e Jashtme Australiane Penny Wong.<\/span><\/p>\n<p><span style=\"color: #000000;\">Wong tha se qeveria australiane e kuptoi se d\u00ebnimi mund t\u00eb z\u00ebvend\u00ebsohet me burgim t\u00eb p\u00ebrjetsh\u00ebm pas dy vjet\u00ebsh n\u00ebse individi nuk kryen ndonj\u00eb krim t\u00eb r\u00ebnd\u00eb n\u00eb at\u00eb periudh\u00eb.<\/span><\/p>\n<p><span style=\"color: #000000;\"><em>&#8220;Ky \u00ebsht\u00eb nj\u00eb lajm i hidhur p\u00ebr Dr. Yang, familjen e tij dhe t\u00eb gjith\u00eb ata q\u00eb e kan\u00eb mb\u00ebshtetur at\u00eb,&#8221;<\/em> tha ajo.<\/span><\/p>\n<p><span style=\"color: #000000;\"><em>Familja e Yang ishte &#8220;e tronditur dhe e shkat\u00ebrruar nga lajmi &#8220;<\/em>, tha nj\u00eb z\u00ebdh\u00ebn\u00ebs i familjes n\u00eb Sidnej.<\/span><\/p>\n<p><span style=\"color: #000000;\">Dy djemt\u00eb e tij, t\u00eb cil\u00ebt jetojn\u00eb n\u00eb Australi, i shkruajt\u00ebn kryeministrit Anthony Albanese n\u00eb tetor n\u00eb prag t\u00eb vizit\u00ebs s\u00eb tij n\u00eb Pekin, duke i k\u00ebrkuar atij q\u00eb t\u00eb k\u00ebrkonte lirimin e Yang p\u00ebr arsye mjek\u00ebsore.<\/span><\/p>\n<p><span style=\"color: #000000;\">Mb\u00ebshtet\u00ebsit e tij kan\u00eb argumentuar se Yang duhet t\u00eb lirohet me kusht pasi vitin e kaluar iu tha se kishte nj\u00eb kist 10 cm n\u00eb veshk\u00ebn e tij q\u00eb mund t\u00eb k\u00ebrkoj\u00eb kirurgji.<\/span><\/p>\n<p><span style=\"color: #000000;\">Australia kishte th\u00ebn\u00eb se ishte e shqet\u00ebsuar nga vonesat e p\u00ebrs\u00ebritura n\u00eb rastin e Yang dhe kishte mbrojtur mir\u00ebqenien e tij, duke p\u00ebrfshir\u00eb qasjen n\u00eb trajtim mjek\u00ebsor, &#8220;n\u00eb nivelet m\u00eb t\u00eb larta&#8221;.<\/span><\/p>\n<p><span style=\"color: #000000;\">Nj\u00eb gjykat\u00eb n\u00eb Pekin d\u00ebgjoi gjyqin e Yang n\u00eb fsheht\u00ebsi n\u00eb maj 2021 dhe \u00e7\u00ebshtja kund\u00ebr tij nuk \u00ebsht\u00eb zbuluar kurr\u00eb publikisht. Ai ka mohuar se ka punuar si spiun p\u00ebr Australin\u00eb ose Shtetet e Bashkuara dhe ka mohuar \u00e7do keqb\u00ebrje n\u00eb letrat drejtuar familjes nga burgu.<\/span><\/p>\n<p><span style=\"color: #000000;\"><strong><img loading=\"lazy\" decoding=\"async\" class=\"aligncenter size-full wp-image-651804\" src=\"https:\/\/www.hashtag.al\/wp-content\/uploads\/2024\/02\/2019-01-23T110145Z_411608603_RC1A64397D00_RTRMADP_3_CHINA-AUSTRALIA-ezgif.com-avif-to-jpg-converter-scaled.jpg\" alt=\"\" width=\"2560\" height=\"2097\" srcset=\"https:\/\/www.hashtag.al\/wp-content\/uploads\/2024\/02\/2019-01-23T110145Z_411608603_RC1A64397D00_RTRMADP_3_CHINA-AUSTRALIA-ezgif.com-avif-to-jpg-converter-scaled.jpg 2560w, https:\/\/www.hashtag.al\/wp-content\/uploads\/2024\/02\/2019-01-23T110145Z_411608603_RC1A64397D00_RTRMADP_3_CHINA-AUSTRALIA-ezgif.com-avif-to-jpg-converter-300x246.jpg 300w, https:\/\/www.hashtag.al\/wp-content\/uploads\/2024\/02\/2019-01-23T110145Z_411608603_RC1A64397D00_RTRMADP_3_CHINA-AUSTRALIA-ezgif.com-avif-to-jpg-converter-1024x839.jpg 1024w, https:\/\/www.hashtag.al\/wp-content\/uploads\/2024\/02\/2019-01-23T110145Z_411608603_RC1A64397D00_RTRMADP_3_CHINA-AUSTRALIA-ezgif.com-avif-to-jpg-converter-768x629.jpg 768w, https:\/\/www.hashtag.al\/wp-content\/uploads\/2024\/02\/2019-01-23T110145Z_411608603_RC1A64397D00_RTRMADP_3_CHINA-AUSTRALIA-ezgif.com-avif-to-jpg-converter-1536x1258.jpg 1536w, https:\/\/www.hashtag.al\/wp-content\/uploads\/2024\/02\/2019-01-23T110145Z_411608603_RC1A64397D00_RTRMADP_3_CHINA-AUSTRALIA-ezgif.com-avif-to-jpg-converter-2048x1677.jpg 2048w\" sizes=\"auto, (max-width: 2560px) 100vw, 2560px\" \/><\/strong><\/span><\/p>\n<p><span style=\"color: #000000;\"><strong>Bloger i profilit t\u00eb lart\u00eb<\/strong><\/span><\/p>\n<p><span style=\"color: #000000;\">Yang u arrestua pasi lidhjet Australi-Kin\u00eb u p\u00ebrkeq\u00ebsuan n\u00eb vitin 2019. Por shpresat p\u00ebr lirimin e tij u hodh\u00ebn posht\u00eb pavar\u00ebsisht nga ngrohja e fundit e marr\u00ebdh\u00ebnieve dhe lirimi i gazetarit australian Cheng Lei pak p\u00ebrpara se Albanese t\u00eb vizitonte Kin\u00ebn vitin e kaluar.<\/span><\/p>\n<p><span style=\"color: #000000;\">Albanese ishte drejtuesi i par\u00eb australian q\u00eb vizitoi Kin\u00ebn q\u00eb nga viti 2016, pasi lidhjet u p\u00ebrkeq\u00ebsuan mbi kompanin\u00eb kineze t\u00eb telekomunikacionit Huawei, akuzat p\u00ebr spiunazh, shtytjen e Australis\u00eb p\u00ebr t\u00eb hetuar origjin\u00ebn e COVID-19 dhe tensionet n\u00eb Detin e Kin\u00ebs Jugore.<\/span><\/p>\n<p><span style=\"color: #000000;\">James Laurenceson, drejtor i Institutit t\u00eb Marr\u00ebdh\u00ebnieve Australi-Kin\u00eb n\u00eb Universitetin e Teknologjis\u00eb n\u00eb Sidnej, tha se Pekini kishte th\u00ebn\u00eb se donte t\u00eb l\u00ebvizte p\u00ebrtej stabilizimit t\u00eb lidhjeve me Australin\u00eb, por se d\u00ebnimi do e b\u00ebnte shkrirjen m\u00eb t\u00eb v\u00ebshtir\u00eb.<\/span><\/p>\n<p><span style=\"color: #000000;\"><em>&#8220;Ky vendim e b\u00ebn jasht\u00ebzakonisht t\u00eb v\u00ebshtir\u00eb p\u00ebr qeverin\u00eb Albanese q\u00eb t\u00eb ec\u00eb p\u00ebrpara n\u00eb drejtim t\u00eb menaxhimit t\u00eb politik\u00ebs s\u00eb brendshme. Gjuha e fort\u00eb e p\u00ebrdorur tashm\u00eb nga ministri i Jasht\u00ebm e b\u00ebn t\u00eb qart\u00eb zhg\u00ebnjimin e tyre,&#8221;<\/em> tha ai.<\/span><\/p>\n<p><span style=\"color: #000000;\">Yang shkroi p\u00ebr politik\u00ebn kineze dhe amerikane si nj\u00eb bloger i profilit t\u00eb lart\u00eb. Ai jetonte n\u00eb Nju Jork n\u00eb vitin 2019 si nj\u00eb studiues vizitor n\u00eb Universitetin e Kolumbias, nd\u00ebrkoh\u00eb q\u00eb punonte edhe si agjent blerjesh n\u00eb internet p\u00ebr konsumator\u00ebt kinez\u00eb q\u00eb k\u00ebrkonin mallra amerikane.<\/span><\/p>\n<p><span style=\"color: #000000;\">Ai u arrestua teksa vizitonte Kin\u00ebn n\u00eb janar 2019, i shoq\u00ebruar nga gruaja e tij.<\/span><\/p>\n<p><span style=\"color: #000000;\">Yang ishte arrestuar n\u00eb Kin\u00eb p\u00ebr nj\u00eb periudh\u00eb t\u00eb shkurt\u00ebr nj\u00eb her\u00eb m\u00eb par\u00eb, n\u00eb vitin 2011, me dyshimin p\u00ebr lidhje me aktivist\u00ebt e demokracis\u00eb n\u00eb internet. Ai u lirua pas disa dit\u00ebsh pas nd\u00ebrhyrjeve t\u00eb qeveris\u00eb australiane.<\/span><\/p>\n<p><span style=\"color: #000000;\">N\u00eb at\u00eb koh\u00eb, ai i shkroi Feng-ut p\u00ebr t&#8217;i th\u00ebn\u00eb se kishte punuar p\u00ebr Ministrin\u00eb e Siguris\u00eb Shtet\u00ebrore t\u00eb Kin\u00ebs p\u00ebr nj\u00eb dekad\u00eb duke filluar nga viti 1989, duke p\u00ebrfshir\u00eb zyrat n\u00eb Hong Kong dhe Uashington, p\u00ebrpara se t\u00eb largohej dhe t\u00eb transferohej n\u00eb Australi, shkruan Reuters.<\/span><\/p>\n<p><span style=\"color: #000000;\">Yang emigroi n\u00eb Australi n\u00eb vitin 1999 dhe u b\u00eb nj\u00eb shtetas australian n\u00eb 2002, duke kryer studime doktorature n\u00eb Universitetin e Teknologjis\u00eb t\u00eb Sidneit n\u00eb 2006, ku Feng ishte mbik\u00ebqyr\u00ebsi i tij.<\/span><\/p>\n<p><span style=\"color: #000000;\">Yang i kaloi kat\u00ebr vitet e ardhshme duke shkruar romane spiunazhi, t\u00eb botuara n\u00eb Tajvan, rreth nj\u00eb agjenti t\u00eb dyfisht\u00eb, me mbiemrin gjithashtu Yang.<\/span><\/p>\n<p><span style=\"color: #000000;\">Elaine Pearson, e cila drejton Human Rights Watch n\u00eb Azi, tha se d\u00ebnimi ishte &#8220;i ashp\u00ebr&#8221; dhe i b\u00ebri thirrje qeveris\u00eb australiane t\u00eb punoj\u00eb &#8220;me qeverit\u00eb e tjera q\u00eb gjithashtu kan\u00eb shtetasit e tyre t\u00eb arrestuar n\u00eb m\u00ebnyr\u00eb arbitrare&#8221;, duke p\u00ebrfshir\u00eb Kanadan\u00eb, Japonin\u00eb dhe Shtetet e Bashkuara.<\/span><\/p>\n<p><span style=\"color: #000000;\"><span style=\"color: #ff0000;\"><strong>VINI RE<\/strong><\/span>: Ky material \u00ebsht\u00eb pron\u00ebsi intelektuale e <span style=\"color: #0000ff;\"><a style=\"color: #0000ff;\" href=\"https:\/\/www.reuters.com\/world\/asia-pacific\/australian-yang-hengjun-handed-suspended-death-sentence-by-beijing-court-2024-02-05\/\">Reuters<\/a><\/span><\/span><\/p>\n","protected":false,"gt_translate_keys":[{"key":"rendered","format":"html"}]},"excerpt":{"rendered":"<p>Nj\u00eb gjykat\u00eb e Pekinit i dha t\u00eb h\u00ebn\u00ebn shkrimtarit australian Yang Hengjun nj\u00eb d\u00ebnim me vdekje me kusht p\u00ebr akuzat p\u00ebr spiunazh, duke k\u00ebrc\u00ebnuar nj\u00eb rikthim t\u00eb tensioneve t\u00eb koh\u00ebve t\u00eb fundit n\u00eb lidhjet dypal\u00ebshe, q\u00eb pasojn\u00eb disa vite marr\u00ebdh\u00ebniesh problematike midis Pekinit dhe Kanberr\u00ebs. D\u00ebnimi, i dh\u00ebn\u00eb pes\u00eb vjet pasi Yang u arrestua n\u00eb [&hellip;]<\/p>\n","protected":false,"gt_translate_keys":[{"key":"rendered","format":"html"}]},"author":51,"featured_media":651803,"comment_status":"closed","ping_status":"open","sticky":false,"template":"","format":"standard","meta":{"footnotes":""},"categories":[22],"tags":[],"class_list":["post-651797","post","type-post","status-publish","format-standard","has-post-thumbnail","hentry","category-ballina"],"gt_translate_keys":[{"key":"link","format":"url"}],"_links":{"self":[{"href":"https:\/\/www.hashtag.al\/index.php\/wp-json\/wp\/v2\/posts\/651797","targetHints":{"allow":["GET"]}}],"collection":[{"href":"https:\/\/www.hashtag.al\/index.php\/wp-json\/wp\/v2\/posts"}],"about":[{"href":"https:\/\/www.hashtag.al\/index.php\/wp-json\/wp\/v2\/types\/post"}],"author":[{"embeddable":true,"href":"https:\/\/www.hashtag.al\/index.php\/wp-json\/wp\/v2\/users\/51"}],"replies":[{"embeddable":true,"href":"https:\/\/www.hashtag.al\/index.php\/wp-json\/wp\/v2\/comments?post=651797"}],"version-history":[{"count":0,"href":"https:\/\/www.hashtag.al\/index.php\/wp-json\/wp\/v2\/posts\/651797\/revisions"}],"wp:featuredmedia":[{"embeddable":true,"href":"https:\/\/www.hashtag.al\/index.php\/wp-json\/wp\/v2\/media\/651803"}],"wp:attachment":[{"href":"https:\/\/www.hashtag.al\/index.php\/wp-json\/wp\/v2\/media?parent=651797"}],"wp:term":[{"taxonomy":"category","embeddable":true,"href":"https:\/\/www.hashtag.al\/index.php\/wp-json\/wp\/v2\/categories?post=651797"},{"taxonomy":"post_tag","embeddable":true,"href":"https:\/\/www.hashtag.al\/index.php\/wp-json\/wp\/v2\/tags?post=651797"}],"curies":[{"name":"wp","href":"https:\/\/api.w.org\/{rel}","templated":true}]}}