{"id":651794,"date":"2024-02-05T12:30:31","date_gmt":"2024-02-05T11:30:31","guid":{"rendered":"https:\/\/www.hashtag.al\/?p=651794"},"modified":"2024-02-05T12:30:31","modified_gmt":"2024-02-05T11:30:31","slug":"konferenca-e-kryetares-se-kushtetueses-pikat-kyce","status":"publish","type":"post","link":"https:\/\/www.hashtag.al\/index.php\/2024\/02\/05\/konferenca-e-kryetares-se-kushtetueses-pikat-kyce\/","title":{"rendered":"Konferenca e kryetares s\u00eb Kushtetueses, pikat ky\u00e7e","gt_translate_keys":[{"key":"rendered","format":"text"}]},"content":{"rendered":"<p><img loading=\"lazy\" decoding=\"async\" class=\"aligncenter size-full wp-image-651795\" src=\"https:\/\/www.hashtag.al\/wp-content\/uploads\/2024\/02\/zacaj-1.jpg\" alt=\"\" width=\"1200\" height=\"708\" srcset=\"https:\/\/www.hashtag.al\/wp-content\/uploads\/2024\/02\/zacaj-1.jpg 1200w, https:\/\/www.hashtag.al\/wp-content\/uploads\/2024\/02\/zacaj-1-300x177.jpg 300w, https:\/\/www.hashtag.al\/wp-content\/uploads\/2024\/02\/zacaj-1-1024x604.jpg 1024w, https:\/\/www.hashtag.al\/wp-content\/uploads\/2024\/02\/zacaj-1-768x453.jpg 768w\" sizes=\"auto, (max-width: 1200px) 100vw, 1200px\" \/><\/p>\n<p><span style=\"color: #000000;\">Kryetarja e Gjykat\u00ebs Kushtetuese Holta Za\u00e7aj, u shfaq m\u00ebngjesin e sot\u00ebm n\u00eb konferenc\u00eb shtypi. <\/span><\/p>\n<p><span style=\"color: #000000;\">Dalja e saj vjen pas disa vendimeve t\u00eb institucionit t\u00eb drejtuar prej saj p\u00ebr disa \u00e7\u00ebshtje t\u00eb ndjeshme p\u00ebr opinionin publik e opozit\u00ebn q\u00eb kan\u00eb \u00e7uar n\u00eb akuza ndaj saj.<\/span><\/p>\n<p><span style=\"color: #000000;\"> Para pjes\u00ebs s\u00eb dyt\u00eb t\u00eb konferenc\u00ebsm q\u00eb iu kushtua pyetjeve t\u00eb gazetar\u00ebve, Za\u00e7aj, lexoi raportin q\u00eb kishte p\u00ebrpara duke theksuar se Gjykata Kushtetuese nuk ka stok \u00e7\u00ebshtjesh ndryshe nga gjykatat e tjera dhe se kishte rritur transparenc\u00ebn p\u00ebr publikun.<\/span><\/p>\n<p><span style=\"color: #000000;\"><strong>Pjesa e par\u00eb<\/strong><\/span><\/p>\n<p><span style=\"color: #000000;\"><em>\u201cKemi rritur transparenc\u00ebn p\u00ebrmes transmetimit t\u00eb sencave drejtp\u00ebrdrejt si dhe hapjen\u00a0 e faqes s\u00eb Gjykat\u00ebs Kushtetuese n\u00eb Facebook. Guida e udh\u00ebrr\u00ebfyesit t\u00eb jurisprudenc\u00ebs ishte di\u00e7ka e munguar dhe nj\u00eb element tejet i r\u00ebnd\u00ebsish\u00ebm. Gjykata Kushtetuese gjat\u00eb vitit n\u00eb vijim do organizoj\u00eb tryeza me diskutime t\u00eb natyr\u00ebs kushtetuese. Nj\u00eb tjet\u00ebr nism\u00eb ka qen\u00eb sistemi elektronik i menaxhimit t\u00eb \u00e7\u00ebshtjeve. Kemi pasur 452 k\u00ebrkesa p\u00ebrgjat\u00eb 2023 n\u00eb Gjykat\u00ebs Kushtetuese. Kjo gjykat\u00eb nuk ka stok t\u00eb \u00e7\u00ebshtjeve t\u00eb prapambetura si gjykatat e tjera. 6 vendime jan\u00eb k\u00ebrkesa t\u00eb paraqitura nga nj\u00eb grup deputetesh, 3 nga organizatat, 2 nga gjykatat dhe 59 nga individ\u00eb. Nd\u00ebrkoh\u00eb, 30 vendime jan\u00eb marr\u00eb unanimisht, nd\u00ebrsa 40 me shumic\u00eb votash. Edhe pse me buxhet te pamjaftuesh\u00ebm, Gjykata mori disa nisma p\u00ebr disa drejtime. Miratoi rregullore p\u00ebr funksionimin e gjykat\u00ebs. Miratoi rregulloren p\u00ebr komunikimin e gjykat\u00ebs me mediat.\u201d<\/em> &#8211; tha Za\u00e7aj.<\/span><\/p>\n<p><span style=\"color: #000000;\"><strong>Pjesa e dyt\u00eb<\/strong><\/span><\/p>\n<p><span style=\"color: #000000;\">Pas raportit Za\u00e7aj iu p\u00ebrgjigj pyetjeve t\u00eb gazetar\u00ebve q\u00eb ishin n\u00eb sall\u00eb. <\/span><\/p>\n<p><span style=\"color: #000000;\">Nd\u00ebr \u00e7\u00ebshtjet e ngritura nga p\u00ebrfaq\u00ebsuesit e medias ishte rasti Beleri, mandati i deputetes s\u00eb PS-s\u00eb Olta Xha\u00e7ka e marr\u00ebveshja e emigrant\u00ebve me Italin\u00eb e presioni politik n\u00eb vendimet e marra.<\/span><\/p>\n<p><span style=\"color: #000000;\"> Nd\u00ebrkoh\u00eb q\u00eb pati edhe pyetje t\u00eb tipit \u201cn\u00ebse ishte ndjer\u00eb e paragjykuar si fem\u00ebr n\u00eb krye t\u00eb Gjykat\u00ebs Kushtetuse\u201d apo ajo e pagave t\u00eb an\u00ebtar\u00ebve t\u00eb institucionit.<\/span><\/p>\n<p><span style=\"color: #000000;\">Lidhur me rastin Beleri, Za\u00e7aj tha se \u00e7\u00ebshtja ishte n\u00eb shqyrtim t\u00eb dokumenteve dhe\u00a0 sapo t\u00eb p\u00ebrfundoj\u00eb do kaloj\u00eb n\u00eb seanc\u00eb.<\/span><\/p>\n<p><span style=\"color: #000000;\"><em>\u201cM\u00eb 28 shtator 2023 gjykata ka marr\u00eb n\u00eb shqyrtim \u00e7\u00ebshtjen e Fredi Belerit dhe ka vendosur kalimin n\u00eb seanc\u00eb mbi baz\u00eb dokumentesh. Nuk kemi nisur ende, jemi duke shqyrtuar ende \u00e7\u00ebshtje q\u00eb jan\u00eb t\u00eb majit 2023. Dosja \u00ebsht\u00eb duke u p\u00ebrgatitur. Jan\u00eb duke u marr\u00eb materialet. N\u00eb rastin kur relatori \u00ebsht\u00eb gati, k\u00ebrkon dat\u00ebn dhe m\u00eb pas \u00e7\u00ebshtja vjen n\u00eb seanc\u00eb. Nuk kemi k\u00ebrkes\u00eb p\u00ebr p\u00ebshpejtim nga pal\u00ebt e p\u00ebrfshira n\u00eb proces. Dy k\u00ebrkesat e tjera jan\u00eb paraqitur m\u00eb 3 janar dhe 10 janar 2024.\u201d<\/em> &#8211; tha Za\u00e7aj.<\/span><\/p>\n<p><span style=\"color: #000000;\">P\u00ebr mandatin e Olta Xha\u00e7k\u00ebs ajo fshikulloi Kuvendin duke th\u00ebn\u00eb se ishte e paimagjinueshme q\u00eb t\u00eb vihej n\u00eb dyshim zbatimi i venndimeve t\u00eb Gjykat\u00ebs Kushtetuese, teksa pohoi se gjykata nuk ka mekanizma p\u00ebr t\u00eb siguruar zbatimin e tyre.<\/span><\/p>\n<p><span style=\"color: #000000;\"><em>\u201cT\u00eb v\u00ebsh n\u00eb pik\u00ebpyetje zbatimin e vendimeve t\u00eb Gjykat\u00ebs Kushtetuese, \u00ebsht\u00eb e paimagjinueshme n\u00eb nj\u00eb shtet ligjor. Duke patur form\u00ebn e ligjit dhe duke mos patur asnj\u00eb ekuivok p\u00ebr t\u00eb mos u zbatuar, gjykata Kushtetuese nuk ka mekanizma p\u00ebr t\u00eb kontrolluar zbatueshm\u00ebrin\u00eb e vendimeve.\u201d<\/em> &#8211; tha Za\u00e7aj.<\/span><\/p>\n<p><span style=\"color: #000000;\">Marr\u00ebveshja Rama-Meloni p\u00ebr emigrant\u00ebt, e cila u miratua nga Kushtetuesja pak dit\u00eb m\u00eb par\u00eb e solli akuza t\u00eb ashpra nga Gazment Bardhi i PD-s\u00eb, ishte b\u00ebr\u00eb n\u00eb respekt t\u00eb ligjit e Kushtetut\u00ebs, tha shefja e gjykat\u00ebs.<\/span><\/p>\n<p><span style=\"color: #000000;\"><em>\u201cVendimi po punohet. Do i p\u00ebrmbahem deklarat\u00ebs p\u00ebr shtyp. Gjykata tha me bindje se shteti shqiptar vijon t\u00eb ket\u00eb juridiksion. Nuk mohuam p\u00ebrgjegj\u00ebsin\u00eb e shtetit shqiptar p\u00ebr zonat q\u00eb jepen n\u00eb administrim t\u00eb shtetit italian. Juridiksioni ekstraterritorial q\u00eb vijn\u00eb nga konventat nd\u00ebrkomb\u00ebtare, k\u00ebt\u00eb e pranuam si di\u00e7ka taktike q\u00eb ndodh, sepse marr\u00ebveshja \u00ebsht\u00eb e n\u00eb nj\u00eb rang hierarkik m\u00eb t\u00eb ul\u00ebt se Kushtetuta. Juridiksioni q\u00eb vjen nga Kushtetuta, vijon t\u00eb mbetet dhe nuk vihet n\u00eb diskutim.\u201d<\/em> &#8211; tha ajo.<\/span><\/p>\n<p><span style=\"color: #000000;\">P\u00ebr sa i p\u00ebrket \u00e7\u00ebshtjes s\u00eb drejtimit t\u00eb Kushtetueses nga nj\u00eb grua ajo tha se nuk ndjehej aspak e paragjykuar dhe se kishte tashm\u00eb nj\u00eb tradit\u00eb n\u00eb k\u00ebt\u00eb drejtim.<\/span><\/p>\n<p><span style=\"color: #000000;\">Nd\u00ebrsa lidhur me presionin politik ajo tha se gjykat\u00ebs i duhet ndonj\u00ebher\u00eb t\u00eb marr\u00eb vendime q\u00eb nuk jan\u00eb shum\u00eb popullore, megjithat\u00eb \u00e7do b\u00ebhej n\u00eb respekt t\u00eb ligjit. <em><strong>\/Hashtag.al<\/strong><\/em><\/span><\/p>\n","protected":false,"gt_translate_keys":[{"key":"rendered","format":"html"}]},"excerpt":{"rendered":"<p>Kryetarja e Gjykat\u00ebs Kushtetuese Holta Za\u00e7aj, u shfaq m\u00ebngjesin e sot\u00ebm n\u00eb konferenc\u00eb shtypi. Dalja e saj vjen pas disa vendimeve t\u00eb institucionit t\u00eb drejtuar prej saj p\u00ebr disa \u00e7\u00ebshtje t\u00eb ndjeshme p\u00ebr opinionin publik e opozit\u00ebn q\u00eb kan\u00eb \u00e7uar n\u00eb akuza ndaj saj. Para pjes\u00ebs s\u00eb dyt\u00eb t\u00eb konferenc\u00ebsm q\u00eb iu kushtua pyetjeve t\u00eb [&hellip;]<\/p>\n","protected":false,"gt_translate_keys":[{"key":"rendered","format":"html"}]},"author":51,"featured_media":651795,"comment_status":"closed","ping_status":"open","sticky":false,"template":"","format":"standard","meta":{"footnotes":""},"categories":[22],"tags":[],"class_list":["post-651794","post","type-post","status-publish","format-standard","has-post-thumbnail","hentry","category-ballina"],"gt_translate_keys":[{"key":"link","format":"url"}],"_links":{"self":[{"href":"https:\/\/www.hashtag.al\/index.php\/wp-json\/wp\/v2\/posts\/651794","targetHints":{"allow":["GET"]}}],"collection":[{"href":"https:\/\/www.hashtag.al\/index.php\/wp-json\/wp\/v2\/posts"}],"about":[{"href":"https:\/\/www.hashtag.al\/index.php\/wp-json\/wp\/v2\/types\/post"}],"author":[{"embeddable":true,"href":"https:\/\/www.hashtag.al\/index.php\/wp-json\/wp\/v2\/users\/51"}],"replies":[{"embeddable":true,"href":"https:\/\/www.hashtag.al\/index.php\/wp-json\/wp\/v2\/comments?post=651794"}],"version-history":[{"count":0,"href":"https:\/\/www.hashtag.al\/index.php\/wp-json\/wp\/v2\/posts\/651794\/revisions"}],"wp:featuredmedia":[{"embeddable":true,"href":"https:\/\/www.hashtag.al\/index.php\/wp-json\/wp\/v2\/media\/651795"}],"wp:attachment":[{"href":"https:\/\/www.hashtag.al\/index.php\/wp-json\/wp\/v2\/media?parent=651794"}],"wp:term":[{"taxonomy":"category","embeddable":true,"href":"https:\/\/www.hashtag.al\/index.php\/wp-json\/wp\/v2\/categories?post=651794"},{"taxonomy":"post_tag","embeddable":true,"href":"https:\/\/www.hashtag.al\/index.php\/wp-json\/wp\/v2\/tags?post=651794"}],"curies":[{"name":"wp","href":"https:\/\/api.w.org\/{rel}","templated":true}]}}