{"id":651759,"date":"2024-02-05T11:05:03","date_gmt":"2024-02-05T10:05:03","guid":{"rendered":"https:\/\/www.hashtag.al\/?p=651759"},"modified":"2024-02-05T11:51:50","modified_gmt":"2024-02-05T10:51:50","slug":"paralajmerim-recsioni-eksportet-gjermane-bien-me-shume-se-sa-pritej-ne-dhjetor","status":"publish","type":"post","link":"https:\/\/www.hashtag.al\/index.php\/2024\/02\/05\/paralajmerim-recsioni-eksportet-gjermane-bien-me-shume-se-sa-pritej-ne-dhjetor\/","title":{"rendered":"Paralajm\u00ebrim recesioni, eksportet gjermane bien m\u00eb shum\u00eb se sa pritej n\u00eb dhjetor","gt_translate_keys":[{"key":"rendered","format":"text"}]},"content":{"rendered":"<p><img loading=\"lazy\" decoding=\"async\" class=\"aligncenter size-full wp-image-635323\" src=\"https:\/\/www.hashtag.al\/wp-content\/uploads\/2023\/11\/scholz.png\" alt=\"\" width=\"1154\" height=\"663\" srcset=\"https:\/\/www.hashtag.al\/wp-content\/uploads\/2023\/11\/scholz.png 1154w, https:\/\/www.hashtag.al\/wp-content\/uploads\/2023\/11\/scholz-300x172.png 300w, https:\/\/www.hashtag.al\/wp-content\/uploads\/2023\/11\/scholz-1024x588.png 1024w, https:\/\/www.hashtag.al\/wp-content\/uploads\/2023\/11\/scholz-768x441.png 768w, https:\/\/www.hashtag.al\/wp-content\/uploads\/2023\/11\/scholz-250x145.png 250w\" sizes=\"auto, (max-width: 1154px) 100vw, 1154px\" \/><\/p>\n<p><span style=\"color: #000000;\">Eksportet gjermane ran\u00eb m\u00eb shum\u00eb se sa pritej n\u00eb dhjetor p\u00ebr shkak t\u00eb k\u00ebrkes\u00ebs s\u00eb dob\u00ebt globale, treguan t\u00eb h\u00ebn\u00ebn t\u00eb dh\u00ebnat nga zyra federale e statistikave.<\/span><\/p>\n<p><span style=\"color: #000000;\">Eksportet ran\u00eb me 4.6% n\u00eb dhjetor krahasuar me nj\u00eb muaj m\u00eb par\u00eb. Rezultati krahasuar me nj\u00eb ulje t\u00eb parashikuar prej 2.0% n\u00eb nj\u00eb sondazh t\u00eb Reuters.<\/span><\/p>\n<p><span style=\"color: #000000;\">Eksportet drejt vendeve t\u00eb BE-s\u00eb ran\u00eb me 5.5% krahasuar me muajin e kaluar, nd\u00ebrsa eksportet n\u00eb vendet jasht\u00eb BE-s\u00eb ran\u00eb me 3.5%, tha zyra.<\/span><\/p>\n<p><span style=\"color: #000000;\">Importet ran\u00eb me 6.7% nga n\u00ebntori, raportoi zyra federale e statistikave, kundrejt pritjeve t\u00eb analist\u00ebve p\u00ebr nj\u00eb r\u00ebnie prej 1.5%.<\/span><\/p>\n<p><span style=\"color: #000000;\"><em>&#8220;K\u00ebto jan\u00eb shifra recesioni, n\u00eb p\u00ebrputhje me kushtet e p\u00ebrgjithshme t\u00eb v\u00ebshtira ekonomike n\u00eb ekonomin\u00eb gjermane,&#8221;<\/em> tha Claus Vistesen, kryeekonomist i eurozon\u00ebs n\u00eb \u201cPantheon Macroeconomics\u201d.<\/span><\/p>\n<p><span style=\"color: #000000;\">Bilanci i tregtis\u00eb s\u00eb jashtme tregoi nj\u00eb suficit t\u00eb rregulluar sipas kalendarit dhe sezonal prej 22.2 miliard\u00eb eurosh n\u00eb dhjetor, kundrejt nj\u00eb suficit prej 20.8 miliard\u00eb eurosh muajin e kaluar.<\/span><\/p>\n<p><span style=\"color: #000000;\">Suficiti tregtar i Gjermanis\u00eb n\u00eb mallra u rrit m\u00eb tej n\u00eb fund t\u00eb 2023, duke shtuar d\u00ebshmin\u00eb se eksportet neto ishin nj\u00eb ndihm\u00eb e r\u00ebnd\u00ebsishme p\u00ebr rritjen e PBB-s\u00eb n\u00eb tremujorin e kat\u00ebrt, <em>&#8220;edhe pse b\u00ebri pak p\u00ebr t\u00eb parandaluar nj\u00eb r\u00ebnie t\u00eb p\u00ebrgjithshme t\u00eb prodhimit ekonomik&#8221;<\/em>, tha Vistesen.<\/span><\/p>\n<p><span style=\"color: #000000;\"><strong>Paralajm\u00ebrim recesioni<\/strong><\/span><\/p>\n<p><span style=\"color: #000000;\">Produkti i brendsh\u00ebm bruto u tkurr me 0.3% n\u00eb tremujorin e kat\u00ebrt krahasuar me tremujorin e m\u00ebparsh\u00ebm, duke nxitur ekonomist\u00ebt t\u00eb paralajm\u00ebrojn\u00eb p\u00ebr nj\u00eb recesion tjet\u00ebr.<\/span><\/p>\n<p><span style=\"color: #000000;\">N\u00eb vitin 2023, eksportet ran\u00eb me 1.4% krahasuar me vitin 2022, nd\u00ebrsa importet n\u00eb Gjermani p\u00ebsuan nj\u00eb r\u00ebnie shum\u00eb m\u00eb t\u00eb madhe prej 9.7%.<\/span><\/p>\n<p><span style=\"color: #000000;\"><em>&#8220;Ekonomia globale \u00ebsht\u00eb shum\u00eb e dob\u00ebt p\u00ebr t\u00eb dh\u00ebn\u00eb ndonj\u00eb vrull,&#8221;<\/em> tha Alexander Krueger, kryeekonomist n\u00eb \u201cHauck Aufhaeuser Lampe\u201d.<\/span><\/p>\n<p><span style=\"color: #000000;\">Tashm\u00eb po duket nj\u00eb vit tjet\u00ebr i v\u00ebshtir\u00eb p\u00ebr sektorin e eksporteve.<\/span><\/p>\n<p><span style=\"color: #000000;\"><em>\u201cTensionet n\u00eb Detin e Kuq po krijojn\u00eb rreziqe t\u00eb reja tregtare\u201d<\/em>, tha Krueger.<\/span><\/p>\n<p><span style=\"color: #000000;\">Ndjenja n\u00eb industrin\u00eb e eksporteve gjermane \u00ebsht\u00eb turbulluar dhe shumica e industrive ende presin q\u00eb eksportet t\u00eb bien n\u00eb muajt e ardhsh\u00ebm. Indeksi i pritjeve t\u00eb eksportit Ifo ra n\u00eb minus 8.4 pik\u00eb n\u00eb janar nga minus 7.1 pik\u00eb n\u00eb dhjetor.<\/span><\/p>\n<p><span style=\"color: #000000;\"><em>&#8220;Ekonomia gjermane e eksportit ka nj\u00eb fillim m\u00eb t\u00eb keq n\u00eb vitin e ri,&#8221;<\/em> tha Klaus Wohlrabe, kreu i sondazheve n\u00eb Ifo.<\/span><\/p>\n<p><span style=\"color: #000000;\"><em>\u00a0&#8220;Eksportuesit kan\u00eb nevoj\u00eb p\u00ebr nj\u00eb vrull t\u00eb ri.&#8221;<\/em><\/span><\/p>\n<p><span style=\"color: #000000;\">Dob\u00ebsia e k\u00ebrkes\u00ebs globale po luan ndikimin e saj n\u00eb prodhim.<\/span><\/p>\n<p><span style=\"color: #000000;\">N\u00eb janar, 36.9% e kompanive prodhuese raportuan munges\u00eb porosish, nga 36.0% n\u00eb tetor, sipas sondazheve t\u00eb Ifo.<\/span><\/p>\n<p><span style=\"color: #000000;\">Ngadal\u00ebsimi ekonomik n\u00eb Gjermani d\u00ebshmohet edhe nga vler\u00ebsimi bind\u00ebs n\u00eb deklarat\u00ebn tregtare t\u00eb Vodafone.<\/span><\/p>\n<p><span style=\"color: #000000;\">Vodafone tha se rritja e t\u00eb ardhurave nga sh\u00ebrbimi n\u00eb Gjermani u ngadal\u00ebsua ndjesh\u00ebm n\u00eb 0.3% n\u00eb tremujorin e tret\u00eb, tre muaj pasi tregu i saj m\u00eb i madh u kthye n\u00eb rritje.<\/span><\/p>\n","protected":false,"gt_translate_keys":[{"key":"rendered","format":"html"}]},"excerpt":{"rendered":"<p>Eksportet gjermane ran\u00eb m\u00eb shum\u00eb se sa pritej n\u00eb dhjetor p\u00ebr shkak t\u00eb k\u00ebrkes\u00ebs s\u00eb dob\u00ebt globale, treguan t\u00eb h\u00ebn\u00ebn t\u00eb dh\u00ebnat nga zyra federale e statistikave. Eksportet ran\u00eb me 4.6% n\u00eb dhjetor krahasuar me nj\u00eb muaj m\u00eb par\u00eb. Rezultati krahasuar me nj\u00eb ulje t\u00eb parashikuar prej 2.0% n\u00eb nj\u00eb sondazh t\u00eb Reuters. Eksportet drejt [&hellip;]<\/p>\n","protected":false,"gt_translate_keys":[{"key":"rendered","format":"html"}]},"author":51,"featured_media":635323,"comment_status":"closed","ping_status":"open","sticky":false,"template":"","format":"standard","meta":{"footnotes":""},"categories":[53],"tags":[],"class_list":["post-651759","post","type-post","status-publish","format-standard","has-post-thumbnail","hentry","category-fast-foodi"],"gt_translate_keys":[{"key":"link","format":"url"}],"_links":{"self":[{"href":"https:\/\/www.hashtag.al\/index.php\/wp-json\/wp\/v2\/posts\/651759","targetHints":{"allow":["GET"]}}],"collection":[{"href":"https:\/\/www.hashtag.al\/index.php\/wp-json\/wp\/v2\/posts"}],"about":[{"href":"https:\/\/www.hashtag.al\/index.php\/wp-json\/wp\/v2\/types\/post"}],"author":[{"embeddable":true,"href":"https:\/\/www.hashtag.al\/index.php\/wp-json\/wp\/v2\/users\/51"}],"replies":[{"embeddable":true,"href":"https:\/\/www.hashtag.al\/index.php\/wp-json\/wp\/v2\/comments?post=651759"}],"version-history":[{"count":0,"href":"https:\/\/www.hashtag.al\/index.php\/wp-json\/wp\/v2\/posts\/651759\/revisions"}],"wp:featuredmedia":[{"embeddable":true,"href":"https:\/\/www.hashtag.al\/index.php\/wp-json\/wp\/v2\/media\/635323"}],"wp:attachment":[{"href":"https:\/\/www.hashtag.al\/index.php\/wp-json\/wp\/v2\/media?parent=651759"}],"wp:term":[{"taxonomy":"category","embeddable":true,"href":"https:\/\/www.hashtag.al\/index.php\/wp-json\/wp\/v2\/categories?post=651759"},{"taxonomy":"post_tag","embeddable":true,"href":"https:\/\/www.hashtag.al\/index.php\/wp-json\/wp\/v2\/tags?post=651759"}],"curies":[{"name":"wp","href":"https:\/\/api.w.org\/{rel}","templated":true}]}}