{"id":651586,"date":"2024-02-04T13:45:34","date_gmt":"2024-02-04T12:45:34","guid":{"rendered":"https:\/\/www.hashtag.al\/?p=651586"},"modified":"2024-02-04T13:45:34","modified_gmt":"2024-02-04T12:45:34","slug":"makina-del-nga-rruga-ne-sarande-delvine-plagosen-shoferja-dhe-pasagjerja","status":"publish","type":"post","link":"https:\/\/www.hashtag.al\/index.php\/2024\/02\/04\/makina-del-nga-rruga-ne-sarande-delvine-plagosen-shoferja-dhe-pasagjerja\/","title":{"rendered":"Makina del nga rruga n\u00eb Sarand\u00eb-Delvin\u00eb, plagosen shoferja dhe pasagjerja","gt_translate_keys":[{"key":"rendered","format":"text"}]},"content":{"rendered":"<p><span style=\"color: #000000;\"><a href=\"https:\/\/www.hashtag.al\/wp-content\/uploads\/2022\/04\/ambulanca.jpg\"><img loading=\"lazy\" decoding=\"async\" class=\"aligncenter size-full wp-image-515195\" src=\"https:\/\/www.hashtag.al\/wp-content\/uploads\/2022\/04\/ambulanca.jpg\" alt=\"\" width=\"1438\" height=\"785\" srcset=\"https:\/\/www.hashtag.al\/wp-content\/uploads\/2022\/04\/ambulanca.jpg 1438w, https:\/\/www.hashtag.al\/wp-content\/uploads\/2022\/04\/ambulanca-300x164.jpg 300w, https:\/\/www.hashtag.al\/wp-content\/uploads\/2022\/04\/ambulanca-1024x559.jpg 1024w, https:\/\/www.hashtag.al\/wp-content\/uploads\/2022\/04\/ambulanca-768x419.jpg 768w\" sizes=\"auto, (max-width: 1438px) 100vw, 1438px\" \/><\/a><\/span><\/p>\n<p><span style=\"color: #000000;\">Nj\u00eb aksident \u00ebsht\u00eb regjistruar n\u00eb aksin Sarand\u00eb-Delvine, pasi nj\u00eb automjet ka dal\u00eb nga rruga.<\/span><\/p>\n<p><span style=\"color: #000000;\">P\u00ebr pasoj\u00eb ka mbetur e plagosur drejtuesja dhe pasagjerja, konkretisht Anisa Zervoi 32 vje\u00e7 dhe Evelina Shehu, 49 vje\u00e7.<\/span><\/p>\n<p><span style=\"color: #000000;\">Dy t\u00eb plagosurat jan\u00eb transportuar me autoambulanc\u00eb n\u00eb urgjenc\u00ebn e spitalit t\u00eb Sarand\u00ebs ku po marrin ndihm\u00ebn e par\u00eb.<\/span><\/p>\n<p><span style=\"color: #000000;\">M\u00ebsohet se 32-vje\u00e7arja Zervoi ndodhet n\u00eb gjendje m\u00eb t\u00eb r\u00ebnd\u00eb, por jasht\u00eb rrezikut p\u00ebr jet\u00ebn. Policia ndodhet n\u00eb vendngjarje dhe ka nisur hetimet..<\/span><\/p>\n","protected":false,"gt_translate_keys":[{"key":"rendered","format":"html"}]},"excerpt":{"rendered":"<p>Nj\u00eb aksident \u00ebsht\u00eb regjistruar n\u00eb aksin Sarand\u00eb-Delvine, pasi nj\u00eb automjet ka dal\u00eb nga rruga. P\u00ebr pasoj\u00eb ka mbetur e plagosur drejtuesja dhe pasagjerja, konkretisht Anisa Zervoi 32 vje\u00e7 dhe Evelina Shehu, 49 vje\u00e7. Dy t\u00eb plagosurat jan\u00eb transportuar me autoambulanc\u00eb n\u00eb urgjenc\u00ebn e spitalit t\u00eb Sarand\u00ebs ku po marrin ndihm\u00ebn e par\u00eb. M\u00ebsohet se 32-vje\u00e7arja [&hellip;]<\/p>\n","protected":false,"gt_translate_keys":[{"key":"rendered","format":"html"}]},"author":30,"featured_media":515195,"comment_status":"closed","ping_status":"open","sticky":false,"template":"","format":"standard","meta":{"footnotes":""},"categories":[65],"tags":[],"class_list":["post-651586","post","type-post","status-publish","format-standard","has-post-thumbnail","hentry","category-lajme"],"gt_translate_keys":[{"key":"link","format":"url"}],"_links":{"self":[{"href":"https:\/\/www.hashtag.al\/index.php\/wp-json\/wp\/v2\/posts\/651586","targetHints":{"allow":["GET"]}}],"collection":[{"href":"https:\/\/www.hashtag.al\/index.php\/wp-json\/wp\/v2\/posts"}],"about":[{"href":"https:\/\/www.hashtag.al\/index.php\/wp-json\/wp\/v2\/types\/post"}],"author":[{"embeddable":true,"href":"https:\/\/www.hashtag.al\/index.php\/wp-json\/wp\/v2\/users\/30"}],"replies":[{"embeddable":true,"href":"https:\/\/www.hashtag.al\/index.php\/wp-json\/wp\/v2\/comments?post=651586"}],"version-history":[{"count":0,"href":"https:\/\/www.hashtag.al\/index.php\/wp-json\/wp\/v2\/posts\/651586\/revisions"}],"wp:featuredmedia":[{"embeddable":true,"href":"https:\/\/www.hashtag.al\/index.php\/wp-json\/wp\/v2\/media\/515195"}],"wp:attachment":[{"href":"https:\/\/www.hashtag.al\/index.php\/wp-json\/wp\/v2\/media?parent=651586"}],"wp:term":[{"taxonomy":"category","embeddable":true,"href":"https:\/\/www.hashtag.al\/index.php\/wp-json\/wp\/v2\/categories?post=651586"},{"taxonomy":"post_tag","embeddable":true,"href":"https:\/\/www.hashtag.al\/index.php\/wp-json\/wp\/v2\/tags?post=651586"}],"curies":[{"name":"wp","href":"https:\/\/api.w.org\/{rel}","templated":true}]}}