{"id":651577,"date":"2024-02-04T13:09:02","date_gmt":"2024-02-04T12:09:02","guid":{"rendered":"https:\/\/www.hashtag.al\/?p=651577"},"modified":"2024-02-04T13:10:30","modified_gmt":"2024-02-04T12:10:30","slug":"meta-ironizon-qeverine-nga-pusteci-fale-rilindjes-ketu-vetem-gomeret-jane-shtuar-keto-11-vite-qeverisje","status":"publish","type":"post","link":"https:\/\/www.hashtag.al\/index.php\/2024\/02\/04\/meta-ironizon-qeverine-nga-pusteci-fale-rilindjes-ketu-vetem-gomeret-jane-shtuar-keto-11-vite-qeverisje\/","title":{"rendered":"Meta ironizon qeverin\u00eb nga Pusteci: Fal\u00eb \u201cRilindjes\u201d k\u00ebtu vet\u00ebm gomer\u00ebt jan\u00eb shtuar n\u00eb k\u00ebto 11 vite qeverisje","gt_translate_keys":[{"key":"rendered","format":"text"}]},"content":{"rendered":"<p><img loading=\"lazy\" decoding=\"async\" class=\"size-full wp-image-651583 aligncenter\" src=\"https:\/\/www.hashtag.al\/wp-content\/uploads\/2024\/02\/425907175_936264471202122_66375752889209451_n-2.jpg\" alt=\"\" width=\"843\" height=\"665\" srcset=\"https:\/\/www.hashtag.al\/wp-content\/uploads\/2024\/02\/425907175_936264471202122_66375752889209451_n-2.jpg 843w, https:\/\/www.hashtag.al\/wp-content\/uploads\/2024\/02\/425907175_936264471202122_66375752889209451_n-2-300x237.jpg 300w, https:\/\/www.hashtag.al\/wp-content\/uploads\/2024\/02\/425907175_936264471202122_66375752889209451_n-2-768x606.jpg 768w\" sizes=\"auto, (max-width: 843px) 100vw, 843px\" \/><\/p>\n<p><span style=\"font-weight: 400; color: #000000;\">Kryetari i Partis\u00eb s\u00eb Liris\u00eb, Ilir Meta nga Pusteci ka ironizuar qeverin\u00eb \u201cRama\u201d, nd\u00ebrsa thekson se n\u00eb k\u00ebt\u00eb vend vet\u00ebm gomer\u00ebt jan\u00eb shtuar.<\/span><\/p>\n<p><span style=\"font-weight: 400; color: #000000;\">N\u00ebp\u00ebrmjet nj\u00eb postimi n\u00eb \u201cFacebook\u201d, Meta shprehet se \u00e7mimi i karburantit vijon t\u00eb jet\u00eb i lart\u00eb, duke b\u00ebr\u00eb q\u00eb fermer\u00ebt mos t\u00eb p\u00ebrdorin traktor\u00ebt.<\/span><\/p>\n<p><span style=\"color: #000000;\"><b>REAGIMI I MET\u00cbS<\/b><\/span><\/p>\n<p><span style=\"color: #000000;\"><i><span style=\"font-weight: 400;\">N\u00eb Pustec, atje ku fal\u00eb \u201cRilindjes\u201d vet\u00ebm gomer\u00ebt jan\u00eb shtuar k\u00ebto 11 vite qeverisjeje dhe kjo p\u00ebr dy arsye:<\/span><\/i><\/span><\/p>\n<p><span style=\"color: #000000;\"><i><span style=\"font-weight: 400;\">S\u00eb pari p\u00ebr shkak t\u00eb \u00e7mimit t\u00eb naft\u00ebs q\u00eb vazhdon t\u00eb jet\u00eb n\u00eb \u201cqiell\u201d dhe i paleverdissh\u00ebm p\u00ebr t\u00eb p\u00ebrdorur traktor\u00ebt p\u00ebr punimin e tok\u00ebs;<\/span><\/i><\/span><\/p>\n<p><span style=\"color: #000000;\"><i><span style=\"font-weight: 400;\">S\u00eb dyti sepse i vetmi investim i b\u00ebr\u00eb nga \u201cRilindja\u201d prej gati 5 milion\u00eb euro p\u00ebr uj\u00ebsjell\u00ebsin, p\u00ebr shkak t\u00eb korrupsionit, rezultoi n\u00eb katastrof\u00eb p\u00ebr banor\u00ebt e k\u00ebtij komuniteti t\u00eb mrekulluesh\u00ebm, t\u00eb cil\u00ebt jo vet\u00ebm duhet t\u00eb p\u00ebrdorin gomer\u00ebt p\u00ebr t\u00eb marr\u00eb uj\u00eb t\u00eb pijsh\u00ebm n\u00eb burimet e dikurshme, por edhe p\u00ebr t\u2019u lar\u00eb u leverdis m\u00eb shum\u00eb t\u00eb p\u00ebrdorin ujin e liqenit t\u00eb Presp\u00ebs.<\/span><\/i><\/span><\/p>\n<p><span style=\"color: #000000;\"><i><span style=\"font-weight: 400;\">Mjafton t\u00eb ndiqni k\u00ebt\u00eb emision investigativ <\/span><\/i><a style=\"color: #000000;\" href=\"https:\/\/youtu.be\/uV6aYUQHp6I?si=\"><i><span style=\"font-weight: 400;\">https:\/\/youtu.be\/uV6aYUQHp6I?si=\u00cbRvzM7xPjYt1RgzB <\/span><\/i><\/a><i><span style=\"font-weight: 400;\">p\u00ebr t\u00eb kuptuar edhe m\u00eb mir\u00eb pse n\u00eb\u00a0<\/span><\/i><\/span><\/p>\n<p><span style=\"color: #000000;\"><i><span style=\"font-weight: 400;\">k\u00ebt\u00eb parajs\u00eb natyrore pak\u00ebsohen njer\u00ebzit e mrekulluesh\u00ebm dhe sidomos t\u00eb rinjt\u00eb e f\u00ebmij\u00ebt, pak\u00ebsohen lop\u00ebt dhe bag\u00ebtit\u00eb e imta por shtohen gomer\u00ebt.<\/span><\/i><\/span><\/p>\n<p><span style=\"color: #000000;\"><i><span style=\"font-weight: 400;\">Partia e Liris\u00eb do t\u00eb b\u00ebj\u00eb \u00e7do p\u00ebrpjekje p\u00ebr t\u2019i dh\u00ebn\u00eb fund l\u00ebnies n\u00eb harres\u00eb dhe injorimit t\u00eb halleve t\u00eb k\u00ebtij komuniteti t\u00eb mrekulluesh\u00ebm, q\u00eb jo vet\u00ebm vuan pasojat e braktisjes e korrupsionit por edhe i rrezikohet sh\u00ebndeti nga kjo pap\u00ebrgjegjshm\u00ebri. Me Partin\u00eb e Liris\u00eb komuniteti maqedonas do t\u00eb ket\u00eb v\u00ebmendjen dhe mb\u00ebshtetjen e merituar!<\/span><\/i><\/span><\/p>\n","protected":false,"gt_translate_keys":[{"key":"rendered","format":"html"}]},"excerpt":{"rendered":"<p>Kryetari i Partis\u00eb s\u00eb Liris\u00eb, Ilir Meta nga Pusteci ka ironizuar qeverin\u00eb \u201cRama\u201d, nd\u00ebrsa thekson se n\u00eb k\u00ebt\u00eb vend vet\u00ebm gomer\u00ebt jan\u00eb shtuar. N\u00ebp\u00ebrmjet nj\u00eb postimi n\u00eb \u201cFacebook\u201d, Meta shprehet se \u00e7mimi i karburantit vijon t\u00eb jet\u00eb i lart\u00eb, duke b\u00ebr\u00eb q\u00eb fermer\u00ebt mos t\u00eb p\u00ebrdorin traktor\u00ebt. REAGIMI I MET\u00cbS N\u00eb Pustec, atje ku fal\u00eb [&hellip;]<\/p>\n","protected":false,"gt_translate_keys":[{"key":"rendered","format":"html"}]},"author":4,"featured_media":651583,"comment_status":"closed","ping_status":"open","sticky":false,"template":"","format":"standard","meta":{"footnotes":""},"categories":[65],"tags":[],"class_list":["post-651577","post","type-post","status-publish","format-standard","has-post-thumbnail","hentry","category-lajme"],"gt_translate_keys":[{"key":"link","format":"url"}],"_links":{"self":[{"href":"https:\/\/www.hashtag.al\/index.php\/wp-json\/wp\/v2\/posts\/651577","targetHints":{"allow":["GET"]}}],"collection":[{"href":"https:\/\/www.hashtag.al\/index.php\/wp-json\/wp\/v2\/posts"}],"about":[{"href":"https:\/\/www.hashtag.al\/index.php\/wp-json\/wp\/v2\/types\/post"}],"author":[{"embeddable":true,"href":"https:\/\/www.hashtag.al\/index.php\/wp-json\/wp\/v2\/users\/4"}],"replies":[{"embeddable":true,"href":"https:\/\/www.hashtag.al\/index.php\/wp-json\/wp\/v2\/comments?post=651577"}],"version-history":[{"count":0,"href":"https:\/\/www.hashtag.al\/index.php\/wp-json\/wp\/v2\/posts\/651577\/revisions"}],"wp:featuredmedia":[{"embeddable":true,"href":"https:\/\/www.hashtag.al\/index.php\/wp-json\/wp\/v2\/media\/651583"}],"wp:attachment":[{"href":"https:\/\/www.hashtag.al\/index.php\/wp-json\/wp\/v2\/media?parent=651577"}],"wp:term":[{"taxonomy":"category","embeddable":true,"href":"https:\/\/www.hashtag.al\/index.php\/wp-json\/wp\/v2\/categories?post=651577"},{"taxonomy":"post_tag","embeddable":true,"href":"https:\/\/www.hashtag.al\/index.php\/wp-json\/wp\/v2\/tags?post=651577"}],"curies":[{"name":"wp","href":"https:\/\/api.w.org\/{rel}","templated":true}]}}