{"id":651570,"date":"2024-02-04T12:34:38","date_gmt":"2024-02-04T11:34:38","guid":{"rendered":"https:\/\/www.hashtag.al\/?p=651570"},"modified":"2024-02-04T12:34:38","modified_gmt":"2024-02-04T11:34:38","slug":"be-ceshtja-e-institucioneve-te-udhehequra-nga-serbia-ne-kosove-te-zgjidhet-me-dialog","status":"publish","type":"post","link":"https:\/\/www.hashtag.al\/index.php\/2024\/02\/04\/be-ceshtja-e-institucioneve-te-udhehequra-nga-serbia-ne-kosove-te-zgjidhet-me-dialog\/","title":{"rendered":"BE: \u00c7\u00ebshtja e institucioneve t\u00eb udh\u00ebhequra nga Serbia n\u00eb Kosov\u00eb t\u00eb zgjidhet me dialog","gt_translate_keys":[{"key":"rendered","format":"text"}]},"content":{"rendered":"<p><img loading=\"lazy\" decoding=\"async\" class=\"size-full wp-image-651571 aligncenter\" src=\"https:\/\/www.hashtag.al\/wp-content\/uploads\/2024\/02\/BE_Flamujt-780x470-1.jpg\" alt=\"\" width=\"780\" height=\"470\" srcset=\"https:\/\/www.hashtag.al\/wp-content\/uploads\/2024\/02\/BE_Flamujt-780x470-1.jpg 780w, https:\/\/www.hashtag.al\/wp-content\/uploads\/2024\/02\/BE_Flamujt-780x470-1-300x181.jpg 300w, https:\/\/www.hashtag.al\/wp-content\/uploads\/2024\/02\/BE_Flamujt-780x470-1-768x463.jpg 768w\" sizes=\"auto, (max-width: 780px) 100vw, 780px\" \/><\/p>\n<p><span style=\"font-weight: 400; color: #000000;\">Bashkimi Evropian (BE) ka th\u00ebn\u00eb t\u00eb diel\u00ebn se ndihet i shqet\u00ebsuar p\u00ebr mbylljen e disa komunave paralele serbe n\u00eb Kosov\u00eb s\u00eb fundmi, dhe i ka b\u00ebr\u00eb thirrje autoriteteve kosovare q\u00eb k\u00ebt\u00eb \u00e7\u00ebshtje ta zgjidhin n\u00eb bisedime me Serbin\u00eb n\u00eb dialogun e nd\u00ebrmjet\u00ebsuar nga blloku.<\/span><\/p>\n<p><span style=\"font-weight: 400; color: #000000;\">N\u00eb jav\u00ebt e fundit, autoritetet kosovare i mbyll\u00ebn kat\u00ebr komuna paralele serbe, n\u00eb Dragash, Pej\u00eb, Istog dhe Klin\u00eb.<\/span><\/p>\n<p><span style=\"font-weight: 400; color: #000000;\">Ministri i Brendsh\u00ebm i Kosov\u00ebs, Xhelal Sve\u00e7la, tha m\u00eb 2 shkurt pas mbylljes s\u00eb tyre se \u201ckoha e paligjshm\u00ebris\u00eb ka p\u00ebrfunduar dhe institucioni i vet\u00ebm i Serbis\u00eb brenda Republik\u00ebs s\u00eb Kosov\u00ebs do t\u00eb jet\u00eb ambasada e saj n\u00eb Prishtin\u00eb\u201d.<\/span><\/p>\n<p><span style=\"font-weight: 400; color: #000000;\">N\u00eb nj\u00eb komunikat\u00eb p\u00ebr media t\u00eb diel\u00ebn, BE-ja tha se \u201cmbyllja e papritur e k\u00ebtyre zyrave do t\u00eb ket\u00eb pasoja negative n\u00eb jet\u00ebn e p\u00ebrditshme dhe kushtet jet\u00ebsore t\u00eb komuniteteve serbe n\u00eb Kosov\u00eb, sepse do ta kufizoj\u00eb qasjen e tyre n\u00eb sh\u00ebrbimet themelore sociale duke pasur parasysh munges\u00ebn e alternativave n\u00eb k\u00ebt\u00eb moment\u201d.<\/span><\/p>\n<p><span style=\"font-weight: 400; color: #000000;\">Ambasadori gjerman n\u00eb Prishtin\u00eb, Jorn Rohde, e mb\u00ebshteti reagimin e BE-s\u00eb dhe tha se &#8220;masat e nj\u00ebanshme vet\u00ebm sa i hedhin benzin\u00eb zjarrit&#8221;, dhe se ato jan\u00eb &#8220;e kund\u00ebrta e uljes s\u00eb tensioneve&#8221;.<\/span><\/p>\n<p><span style=\"font-weight: 400; color: #000000;\">N\u00eb fund t\u00eb janarit, Sve\u00e7la njoftoi edhe p\u00ebr bastisjen e nj\u00eb organizate joqeveritare serbe e vendosur n\u00eb nj\u00eb anesk nd\u00ebrtes\u00ebs s\u00eb Stacionit Policor Qendra n\u00eb Prishtin\u00eb, p\u00ebr si\u00e7 tha, veprimtari t\u00eb jasht\u00ebligjshme dhe rrezikim t\u00eb siguris\u00eb s\u00eb Kosov\u00ebs.<\/span><\/p>\n<p><span style=\"font-weight: 400; color: #000000;\">N\u00eb Kosov\u00eb, ka komuna, kompani e nd\u00ebrmarrje publike, \u00e7erdhe, shkolla fillore, t\u00eb mesme dhe universitete publike q\u00eb financohen drejtp\u00ebrdrejt nga Qeveria e Serbis\u00eb, dhe t\u00eb cilat gjenden n\u00eb qytetet dhe vendbanimet ku jetojn\u00eb komuniteti serb.<\/span><\/p>\n<p><span style=\"font-weight: 400; color: #000000;\">K\u00ebto institucione sipas ligjeve n\u00eb Kosov\u00eb jan\u00eb ilegale.<\/span><\/p>\n<p><span style=\"font-weight: 400; color: #000000;\">M\u00eb 2013, Kosova dhe Serbia n\u00eb dialogun p\u00ebr normalizimin e marr\u00ebdh\u00ebnieve n\u00eb Bruksel, kishin arritur nj\u00eb marr\u00ebveshje p\u00ebr shuarjen e institucioneve paralele, por kjo marr\u00ebveshje ende nuk \u00ebsht\u00eb zbatuar plot\u00ebsisht.<\/span><\/p>\n<p><span style=\"font-weight: 400; color: #000000;\">BE-ja i b\u00ebri thirrje Kosov\u00ebs q\u00eb \u00e7\u00ebshtjen e komunave paralele, q\u00eb nd\u00ebrlidhen me themelimin e nj\u00eb Asociacioni t\u00eb komunave me shumic\u00eb serbe, ta diskutoj\u00eb n\u00eb dialogun e udh\u00ebhequr nga blloku 27-an\u00ebtar\u00ebsh.<\/span><\/p>\n<p><span style=\"color: #000000;\"><i><span style=\"font-weight: 400;\">\u201cStatusi i k\u00ebtyre strukturave \u00ebsht\u00eb parapar\u00eb t\u00eb zgjidhet p\u00ebrmes dialogut t\u00eb leht\u00ebsuar nga BE-ja, n\u00eb lidhje me themelimin e Asociacionit t\u00eb komunave me shumic\u00eb serbe\u201d<\/span><\/i><span style=\"font-weight: 400;\">, thuhet n\u00eb komunikat\u00eb.<\/span><\/span><\/p>\n<p><span style=\"font-weight: 400; color: #000000;\">N\u00eb tetor t\u00eb vitit 2023, p\u00ebrfaq\u00ebsuesit e BE-s\u00eb, SHBA-s\u00eb, Gjermanis\u00eb, Franc\u00ebs dhe Italis\u00eb, ua paraqit\u00ebn pal\u00ebve, Kosov\u00ebs dhe Serbis\u00eb, draft-statutin p\u00ebr themelimin e Asociacionit, t\u00eb cilin kryeministri i Kosov\u00ebs, Albin Kurti, dhe presidenti serb, Aleksandar Vu\u00e7iq, e pranuan n\u00eb parim.<\/span><\/p>\n<p><span style=\"font-weight: 400; color: #000000;\">Por, pas deklarat\u00ebs s\u00eb t\u00eb d\u00ebrguarit special t\u00eb BE-s\u00eb p\u00ebr dialog, Mirosllav Laj\u00e7ak, se \u00e7\u00ebshtja e statutit \u00ebsht\u00eb \u00e7\u00ebshtje e brendshme e Kosov\u00ebs, Kurti tha se at\u00ebher\u00eb edhe Kosova duhet t\u00eb jet\u00eb autore e atij dokumenti.<\/span><\/p>\n<p><span style=\"font-weight: 400; color: #000000;\">Ai sugjeroi q\u00eb ta shkruaj\u00eb n\u00eb bashk\u00ebpunim me ministrin e tij p\u00ebr Komunitete dhe Kthim, Nenad Rashiq, dhe at\u00eb t\u00eb Vet\u00ebqeverisjes Lokale, Elbert Krasniqi.<\/span><\/p>\n<p><span style=\"font-weight: 400; color: #000000;\">M\u00eb pas, edhe presidentja e Kosov\u00ebs, Vjosa Osmani, tha se Prishtina duhet t\u00eb shkruaj\u00eb nj\u00eb statut n\u00eb bashk\u00ebpunim me SHBA-n\u00eb.<\/span><\/p>\n<p><span style=\"font-weight: 400; color: #000000;\">Bashkimi Evropian i b\u00ebri thirrje Kosov\u00ebs t\u2019i shmang\u00eb veprimet \u201ce nj\u00ebanshme t\u00eb cilat mund t\u00eb nxisin tensione dhe t\u00eb adresoj\u00eb k\u00ebto \u00e7\u00ebshtje p\u00ebrmes dialogut t\u00eb leht\u00ebsuar nga BE-ja\u201d.<\/span><\/p>\n<p><span style=\"font-weight: 400; color: #000000;\">T\u00eb shtun\u00ebn von\u00eb, ambasadori amerikan n\u00eb Prishtin\u00eb, Jeff Hovenier, tha se veprimet e fundit t\u00eb Qeveris\u00eb s\u00eb Kosov\u00ebs, n\u00eb lidhje me dinarin serb dhe mbylljen e komunave paralele serbe, jan\u00eb duke rritur panevojsh\u00ebm tensione etnike dhe si pasoj\u00eb ia kufizojn\u00eb mund\u00ebsit\u00eb Shteteve t\u00eb Bashkuara p\u00ebr ta mb\u00ebshtetur at\u00eb n\u00eb aren\u00ebn nd\u00ebrkomb\u00ebtare.<\/span><\/p>\n<p><span style=\"color: #000000;\"><span style=\"font-weight: 400;\"><span style=\"color: #ff0000;\">VINI RE:<\/span> Ky material \u00ebsht\u00eb pron\u00ebsi intelektuale e<\/span><span style=\"color: #0000ff;\"><a style=\"color: #0000ff;\" href=\"https:\/\/www.evropaelire.org\/a\/be-chestja-institucioneve-serbe-kosove-dialog\/32804670.html\"><span style=\"font-weight: 400;\"> REL<\/span><\/a><\/span><\/span><\/p>\n","protected":false,"gt_translate_keys":[{"key":"rendered","format":"html"}]},"excerpt":{"rendered":"<p>Bashkimi Evropian (BE) ka th\u00ebn\u00eb t\u00eb diel\u00ebn se ndihet i shqet\u00ebsuar p\u00ebr mbylljen e disa komunave paralele serbe n\u00eb Kosov\u00eb s\u00eb fundmi, dhe i ka b\u00ebr\u00eb thirrje autoriteteve kosovare q\u00eb k\u00ebt\u00eb \u00e7\u00ebshtje ta zgjidhin n\u00eb bisedime me Serbin\u00eb n\u00eb dialogun e nd\u00ebrmjet\u00ebsuar nga blloku. N\u00eb jav\u00ebt e fundit, autoritetet kosovare i mbyll\u00ebn kat\u00ebr komuna paralele [&hellip;]<\/p>\n","protected":false,"gt_translate_keys":[{"key":"rendered","format":"html"}]},"author":4,"featured_media":651571,"comment_status":"closed","ping_status":"open","sticky":false,"template":"","format":"standard","meta":{"footnotes":""},"categories":[149],"tags":[],"class_list":["post-651570","post","type-post","status-publish","format-standard","has-post-thumbnail","hentry","category-kosoverajon"],"gt_translate_keys":[{"key":"link","format":"url"}],"_links":{"self":[{"href":"https:\/\/www.hashtag.al\/index.php\/wp-json\/wp\/v2\/posts\/651570","targetHints":{"allow":["GET"]}}],"collection":[{"href":"https:\/\/www.hashtag.al\/index.php\/wp-json\/wp\/v2\/posts"}],"about":[{"href":"https:\/\/www.hashtag.al\/index.php\/wp-json\/wp\/v2\/types\/post"}],"author":[{"embeddable":true,"href":"https:\/\/www.hashtag.al\/index.php\/wp-json\/wp\/v2\/users\/4"}],"replies":[{"embeddable":true,"href":"https:\/\/www.hashtag.al\/index.php\/wp-json\/wp\/v2\/comments?post=651570"}],"version-history":[{"count":0,"href":"https:\/\/www.hashtag.al\/index.php\/wp-json\/wp\/v2\/posts\/651570\/revisions"}],"wp:featuredmedia":[{"embeddable":true,"href":"https:\/\/www.hashtag.al\/index.php\/wp-json\/wp\/v2\/media\/651571"}],"wp:attachment":[{"href":"https:\/\/www.hashtag.al\/index.php\/wp-json\/wp\/v2\/media?parent=651570"}],"wp:term":[{"taxonomy":"category","embeddable":true,"href":"https:\/\/www.hashtag.al\/index.php\/wp-json\/wp\/v2\/categories?post=651570"},{"taxonomy":"post_tag","embeddable":true,"href":"https:\/\/www.hashtag.al\/index.php\/wp-json\/wp\/v2\/tags?post=651570"}],"curies":[{"name":"wp","href":"https:\/\/api.w.org\/{rel}","templated":true}]}}