{"id":651538,"date":"2024-02-04T10:01:34","date_gmt":"2024-02-04T09:01:34","guid":{"rendered":"https:\/\/www.hashtag.al\/?p=651538"},"modified":"2024-02-04T10:01:34","modified_gmt":"2024-02-04T09:01:34","slug":"ambasadori-amerikan-hovenier-veprimet-e-fundit-te-kosoves-po-rrisin-tensione-etnike","status":"publish","type":"post","link":"https:\/\/www.hashtag.al\/index.php\/2024\/02\/04\/ambasadori-amerikan-hovenier-veprimet-e-fundit-te-kosoves-po-rrisin-tensione-etnike\/","title":{"rendered":"Ambasadori amerikan, Hovenier: Veprimet e fundit t\u00eb Kosov\u00ebs po rrisin tensione etnike","gt_translate_keys":[{"key":"rendered","format":"text"}]},"content":{"rendered":"<p><img loading=\"lazy\" decoding=\"async\" class=\"size-full wp-image-651539 aligncenter\" src=\"https:\/\/www.hashtag.al\/wp-content\/uploads\/2024\/02\/1707027243_kosove.jpg\" alt=\"\" width=\"780\" height=\"440\" srcset=\"https:\/\/www.hashtag.al\/wp-content\/uploads\/2024\/02\/1707027243_kosove.jpg 780w, https:\/\/www.hashtag.al\/wp-content\/uploads\/2024\/02\/1707027243_kosove-300x169.jpg 300w, https:\/\/www.hashtag.al\/wp-content\/uploads\/2024\/02\/1707027243_kosove-768x433.jpg 768w\" sizes=\"auto, (max-width: 780px) 100vw, 780px\" \/><\/p>\n<p><span style=\"font-weight: 400; color: #000000;\">Ambasadori amerikan n\u00eb Kosov\u00eb, Jeff Hovenier, ka th\u00ebn\u00eb se veprimet e fundit t\u00eb Qeveris\u00eb s\u00eb Kosov\u00ebs, n\u00eb lidhje me dinarin serb dhe mbylljen e komunave paralele serbe, jan\u00eb duke rritur panevojsh\u00ebm tensione etnike dhe si pasoj\u00eb ia kufizojn\u00eb mund\u00ebsit\u00eb Shteteve t\u00eb Bashkuara p\u00ebr ta mb\u00ebshtetur at\u00eb n\u00eb aren\u00ebn nd\u00ebrkomb\u00ebtare.<\/span><\/p>\n<p><span style=\"color: #000000;\"><i><span style=\"font-weight: 400;\">\u201cShtetet e Bashkuara jan\u00eb thell\u00ebsisht t\u00eb shqet\u00ebsuara rreth veprimeve t\u00eb fundit t\u00eb autoriteteve t\u00eb Qeveris\u00eb s\u00eb Kosov\u00ebs t\u00eb cilat kan\u00eb ndikim t\u00eb drejtp\u00ebrdrejt\u00eb dhe negativ n\u00eb pjes\u00ebtar\u00ebt e pakic\u00ebs serbe dhe pakicave t\u00eb tjera n\u00eb Kosov\u00eb\u201d,<\/span><\/i><span style=\"font-weight: 400;\"> tha Hovenier n\u00eb nj\u00eb komunikat\u00eb t\u00eb shtun\u00ebn pak para mesnat\u00ebs.<\/span><\/span><\/p>\n<p><span style=\"font-weight: 400; color: #000000;\">N\u00eb jav\u00ebt e fundit, autoritetet kosovare i mbyll\u00ebn kat\u00ebr komuna paralele serbe, n\u00eb Dragash, Pej\u00eb, Istog dhe Klin\u00eb.<\/span><\/p>\n<p><span style=\"font-weight: 400; color: #000000;\">Ministri i Brendsh\u00ebm i Kosov\u00ebs, Xhelal Sve\u00e7la, tha m\u00eb 2 shkurt pas mbylljes s\u00eb tyre se <em>\u201ckoha e paligjshm\u00ebris\u00eb ka p\u00ebrfunduar dhe institucioni i vet\u00ebm i Serbis\u00eb brenda Republik\u00ebs s\u00eb Kosov\u00ebs do t\u00eb jet\u00eb ambasada e saj n\u00eb Prishtin\u00eb\u201d.<\/em><\/span><\/p>\n<p><span style=\"font-weight: 400; color: #000000;\">N\u00eb fund t\u00eb janarit, Sve\u00e7la njoftoi edhe p\u00ebr bastisjen e nj\u00eb organizate joqeveritare serbe e vendosur n\u00eb nj\u00eb anesk nd\u00ebrtes\u00ebs s\u00eb Stacionit Policor Qendra n\u00eb Prishtin\u00eb, p\u00ebr si\u00e7 tha, veprimtari t\u00eb jasht\u00ebligjshme dhe rrezikim t\u00eb siguris\u00eb s\u00eb Kosov\u00ebs.<\/span><\/p>\n<p><span style=\"font-weight: 400; color: #000000;\">N\u00eb Kosov\u00eb, ka komuna, kompani e nd\u00ebrmarrje publike, \u00e7erdhe, shkolla fillore, t\u00eb mesme dhe universitete publike q\u00eb financohen drejtp\u00ebrdrejt nga Qeveria e Serbis\u00eb, dhe t\u00eb cilat gjenden n\u00eb qytetet dhe vendbanimet ku jetojn\u00eb komuniteti serb.<\/span><\/p>\n<p><span style=\"font-weight: 400; color: #000000;\">K\u00ebto institucione sipas ligjeve n\u00eb Kosov\u00eb jan\u00eb ilegale. M\u00eb 2013, Kosova dhe Serbia n\u00eb dialogun p\u00ebr normalizimin e raporteve n\u00eb Bruksel, kishin arritur nj\u00eb marr\u00ebveshje p\u00ebr shuarjen e institucioneve paralele, por ende kjo marr\u00ebveshje nuk \u00ebsht\u00eb zbatuar plot\u00ebsisht.<\/span><\/p>\n<p><span style=\"font-weight: 400; color: #000000;\">Nd\u00ebrkoh\u00eb, Hovenier i b\u00ebri thirrje Kosov\u00ebs p\u00ebrs\u00ebri ta shtyj\u00eb zbatimin e nj\u00eb rregulloreje t\u00eb Bank\u00ebs Qendrore t\u00eb Kosov\u00ebs p\u00ebr ndalimin e p\u00ebrdorimit t\u00eb dinarit serb n\u00eb pagesa me para ta gatshme, derisa t\u00eb vendoset nj\u00eb procedur\u00eb e k\u00ebnaqshme n\u00eb p\u00ebrputhje me standardet evropiane dhe derisa njer\u00ebzit t\u00eb njoftohen mir\u00eb p\u00ebr m\u00ebnyr\u00ebn se si do t\u2019i marrin beneficionet.<\/span><\/p>\n<p><span style=\"font-weight: 400; color: #000000;\">Rregullorja e BQK-s\u00eb hyri n\u00eb fuqi m\u00eb 1 shkurt, pavar\u00ebsisht trynis\u00eb s\u00eb madhe nga bashk\u00ebsia nd\u00ebrkomb\u00ebtare p\u00ebr ta shtyr\u00eb zbatimin e saj.<\/span><\/p>\n<p><span style=\"font-weight: 400; color: #000000;\">Hovenier shprehu shqet\u00ebsimin e tij p\u00ebr, si\u00e7 tha, \u201ckonfiskimin e dinar\u00ebve serb\u00eb dhe nj\u00eb automjeti q\u00eb po i transportonte ato nga Serbia p\u00ebr pagesa sociale\u201d nga Policia e Kosov\u00ebs t\u00eb shtun\u00ebn.<\/span><\/p>\n<p><span style=\"color: #000000;\"><i><span style=\"font-weight: 400;\">\u201cNe shpresojm\u00eb se autoritetet e Kosov\u00ebs sigurohen q\u00eb ato pagesa do t\u00eb arrijn\u00eb pa vonesa te individ\u00ebt tek te cil\u00ebt ishin nisur ato\u201d<\/span><\/i><span style=\"font-weight: 400;\">, tha ai.<\/span><\/span><\/p>\n<p><span style=\"font-weight: 400; color: #000000;\">Qeveria e Kosov\u00ebs thot\u00eb se zbatimi i rregullores p\u00ebr transaksionet me para t\u00eb gatshme do t\u00eb b\u00ebhet p\u00ebrmes nj\u00eb tranzicioni t\u00eb leht\u00eb dhe se nuk do t\u00eb ket\u00eb gjoba p\u00ebr posedimin e valutave t\u00eb vendeve t\u00eb tjera.<\/span><\/p>\n<p><span style=\"font-weight: 400; color: #000000;\">Kryetari i List\u00ebs Serbe, partis\u00eb m\u00eb t\u00eb madhe t\u00eb serb\u00ebve t\u00eb Kosov\u00ebs, Zlatan Ellek, tha t\u00eb shtun\u00ebn se ndalimi i p\u00ebrdorimit t\u00eb dinarit \u201cn\u00ebnkupton d\u00ebbim t\u00eb serb\u00ebve dhe t\u00eb gjitha institucioneve serbe\u201d nga territori i Kosov\u00ebs.<\/span><\/p>\n<p><span style=\"font-weight: 400; color: #000000;\">Duke folur n\u00eb nj\u00eb konferenc\u00eb p\u00ebr media n\u00eb Mitrovic\u00ebn e Veriut, Ellek theksoi se t\u00eb gjith\u00eb ata q\u00eb g\u00ebzojn\u00eb t\u00eb hyra nga Serbia jan\u00eb n\u00eb rrezik dhe se rreth 100 mij\u00eb serb\u00eb n\u00eb Kosov\u00eb do t\u00eb preken drejtp\u00ebrdrejt nga vendimi i autoriteteve kosovare p\u00ebr ta ndaluar p\u00ebrdorimin e dinarit serb.<\/span><\/p>\n<p><span style=\"color: #000000;\"><i><span style=\"font-weight: 400;\">\u201cKjo vlen p\u00ebr t\u00eb gjitha institucionet q\u00eb funksionojn\u00eb n\u00eb sistemin serb, pensionist\u00ebt, p\u00ebrfituesit e p\u00ebrfitimeve sociale, student\u00ebt, bursist\u00ebt. Pra, i gjith\u00eb populli serb\u201d,<\/span><\/i><span style=\"font-weight: 400;\"> tha Elleku.<\/span><\/span><\/p>\n<p><span style=\"font-weight: 400; color: #000000;\">Ambasadori amerikan e p\u00ebrs\u00ebriti thirrjen q\u00eb Kosova t\u2019i zgjidh\u00eb \u00e7\u00ebshtjet n\u00eb lidhje me strukturat e mb\u00ebshtetura nga Serbia n\u00eb bisedime me Serbin\u00eb n\u00eb dialogun e nd\u00ebrmjet\u00ebsuar nga Bashkimi Evropian.<\/span><\/p>\n<p><span style=\"color: #000000;\"><span style=\"font-weight: 400;\"><span style=\"color: #ff0000;\">VINI RE:<\/span> Ky material \u00ebsht\u00eb pron\u00ebsi intelektuale e <\/span><span style=\"color: #0000ff;\"><a style=\"color: #0000ff;\" href=\"https:\/\/www.evropaelire.org\/a\/hivenier-veprimet-fundit-kosoves-rrisin-tensione\/32804646.html\"><span style=\"font-weight: 400;\">REL<\/span><\/a><\/span><\/span><\/p>\n","protected":false,"gt_translate_keys":[{"key":"rendered","format":"html"}]},"excerpt":{"rendered":"<p>Ambasadori amerikan n\u00eb Kosov\u00eb, Jeff Hovenier, ka th\u00ebn\u00eb se veprimet e fundit t\u00eb Qeveris\u00eb s\u00eb Kosov\u00ebs, n\u00eb lidhje me dinarin serb dhe mbylljen e komunave paralele serbe, jan\u00eb duke rritur panevojsh\u00ebm tensione etnike dhe si pasoj\u00eb ia kufizojn\u00eb mund\u00ebsit\u00eb Shteteve t\u00eb Bashkuara p\u00ebr ta mb\u00ebshtetur at\u00eb n\u00eb aren\u00ebn nd\u00ebrkomb\u00ebtare. \u201cShtetet e Bashkuara jan\u00eb thell\u00ebsisht t\u00eb [&hellip;]<\/p>\n","protected":false,"gt_translate_keys":[{"key":"rendered","format":"html"}]},"author":4,"featured_media":651539,"comment_status":"closed","ping_status":"open","sticky":false,"template":"","format":"standard","meta":{"footnotes":""},"categories":[149],"tags":[],"class_list":["post-651538","post","type-post","status-publish","format-standard","has-post-thumbnail","hentry","category-kosoverajon"],"gt_translate_keys":[{"key":"link","format":"url"}],"_links":{"self":[{"href":"https:\/\/www.hashtag.al\/index.php\/wp-json\/wp\/v2\/posts\/651538","targetHints":{"allow":["GET"]}}],"collection":[{"href":"https:\/\/www.hashtag.al\/index.php\/wp-json\/wp\/v2\/posts"}],"about":[{"href":"https:\/\/www.hashtag.al\/index.php\/wp-json\/wp\/v2\/types\/post"}],"author":[{"embeddable":true,"href":"https:\/\/www.hashtag.al\/index.php\/wp-json\/wp\/v2\/users\/4"}],"replies":[{"embeddable":true,"href":"https:\/\/www.hashtag.al\/index.php\/wp-json\/wp\/v2\/comments?post=651538"}],"version-history":[{"count":0,"href":"https:\/\/www.hashtag.al\/index.php\/wp-json\/wp\/v2\/posts\/651538\/revisions"}],"wp:featuredmedia":[{"embeddable":true,"href":"https:\/\/www.hashtag.al\/index.php\/wp-json\/wp\/v2\/media\/651539"}],"wp:attachment":[{"href":"https:\/\/www.hashtag.al\/index.php\/wp-json\/wp\/v2\/media?parent=651538"}],"wp:term":[{"taxonomy":"category","embeddable":true,"href":"https:\/\/www.hashtag.al\/index.php\/wp-json\/wp\/v2\/categories?post=651538"},{"taxonomy":"post_tag","embeddable":true,"href":"https:\/\/www.hashtag.al\/index.php\/wp-json\/wp\/v2\/tags?post=651538"}],"curies":[{"name":"wp","href":"https:\/\/api.w.org\/{rel}","templated":true}]}}