{"id":651375,"date":"2024-02-03T13:08:32","date_gmt":"2024-02-03T12:08:32","guid":{"rendered":"https:\/\/www.hashtag.al\/?p=651375"},"modified":"2024-02-03T13:08:32","modified_gmt":"2024-02-03T12:08:32","slug":"meta-zbret-ne-terren-takim-me-kryetarin-e-pl-se-maliq-me-ne-do-shiten-prodhimet-bujqesore","status":"publish","type":"post","link":"https:\/\/www.hashtag.al\/index.php\/2024\/02\/03\/meta-zbret-ne-terren-takim-me-kryetarin-e-pl-se-maliq-me-ne-do-shiten-prodhimet-bujqesore\/","title":{"rendered":"Meta zbret n\u00eb terren, takim me kryetarin e PL-s\u00eb Maliq: Me ne do shiten prodhimet bujq\u00ebsore","gt_translate_keys":[{"key":"rendered","format":"text"}]},"content":{"rendered":"<p><span style=\"color: #000000;\"><a style=\"color: #000000;\" href=\"https:\/\/www.hashtag.al\/wp-content\/uploads\/2024\/02\/meta-maliq.jpg\"><img loading=\"lazy\" decoding=\"async\" class=\"aligncenter size-full wp-image-651376\" src=\"https:\/\/www.hashtag.al\/wp-content\/uploads\/2024\/02\/meta-maliq.jpg\" alt=\"\" width=\"900\" height=\"675\" srcset=\"https:\/\/www.hashtag.al\/wp-content\/uploads\/2024\/02\/meta-maliq.jpg 900w, https:\/\/www.hashtag.al\/wp-content\/uploads\/2024\/02\/meta-maliq-300x225.jpg 300w, https:\/\/www.hashtag.al\/wp-content\/uploads\/2024\/02\/meta-maliq-768x576.jpg 768w\" sizes=\"auto, (max-width: 900px) 100vw, 900px\" \/><\/a><\/span><\/p>\n<p><span style=\"color: #000000;\">Kreu i Partis\u00eb s\u00eb Liris\u00eb, Ilir Meta ka zbritur n\u00eb terren duke nisur k\u00ebshtu aktivitetin politik t\u00eb takimeve p\u00ebrgatitore nj\u00eb vit para zgjedhjeve parlamentare.<\/span><\/p>\n<p><span style=\"color: #000000;\">Meta ka shp\u00ebrndar\u00eb nj\u00eb foto nga takimi me kryetarin e deg\u00ebs s\u00eb PL-s\u00eb n\u00eb Maliq duke sh\u00ebnuar k\u00ebshtu turin e nisur n\u00eb juglindje t\u00eb vendit.<\/span><\/p>\n<p><span style=\"color: #000000;\">Kreu i PL-s\u00eb shkruan se me forc\u00ebn e tij politike n\u00eb qeveri prodhimet bujq\u00ebsore t\u00eb zon\u00ebs nuk do shkojn\u00eb d\u00ebm.<\/span><\/p>\n<p><span style=\"color: #000000;\">\u201c<em>K\u00ebnaq\u00ebsi ta nis dit\u00ebn me Kryetarin e Partis\u00eb t\u00eb Liris\u00eb n\u00eb Maliq, Faslli Zholin. E fal\u00ebnderova p\u00ebr pun\u00ebn e shk\u00eblqyer q\u00eb ai b\u00ebn si N\u00ebnkryetar i K\u00ebshillit t\u00eb Bashkis\u00eb bashk\u00eb me k\u00ebshilltar\u00ebt tan\u00eb n\u00eb mbrojtje t\u00eb interesave t\u00eb komunitetit pun\u00ebdash\u00ebs t\u00eb k\u00ebsaj treve q\u00eb ka nj\u00eb potencial t\u00eb jasht\u00ebzakonsh\u00ebm p\u00ebr prodhim dhe zhvillim. Me Partin\u00eb e Liris\u00eb moll\u00ebt, patatet, qepet dhe prodhimet e tjera nuk do t\u00eb shkojn\u00eb d\u00ebm. \u00a0Djersa e tyre do t\u00eb shp\u00ebrblehet dhe kthehet n\u00eb begati!\u201d-<\/em>shkruan Meta.<\/span><\/p>\n","protected":false,"gt_translate_keys":[{"key":"rendered","format":"html"}]},"excerpt":{"rendered":"<p>Kreu i Partis\u00eb s\u00eb Liris\u00eb, Ilir Meta ka zbritur n\u00eb terren duke nisur k\u00ebshtu aktivitetin politik t\u00eb takimeve p\u00ebrgatitore nj\u00eb vit para zgjedhjeve parlamentare. Meta ka shp\u00ebrndar\u00eb nj\u00eb foto nga takimi me kryetarin e deg\u00ebs s\u00eb PL-s\u00eb n\u00eb Maliq duke sh\u00ebnuar k\u00ebshtu turin e nisur n\u00eb juglindje t\u00eb vendit. Kreu i PL-s\u00eb shkruan se me [&hellip;]<\/p>\n","protected":false,"gt_translate_keys":[{"key":"rendered","format":"html"}]},"author":32,"featured_media":651376,"comment_status":"closed","ping_status":"open","sticky":false,"template":"","format":"standard","meta":{"footnotes":""},"categories":[65,13],"tags":[],"class_list":["post-651375","post","type-post","status-publish","format-standard","has-post-thumbnail","hentry","category-lajme","category-te-fundit"],"gt_translate_keys":[{"key":"link","format":"url"}],"_links":{"self":[{"href":"https:\/\/www.hashtag.al\/index.php\/wp-json\/wp\/v2\/posts\/651375","targetHints":{"allow":["GET"]}}],"collection":[{"href":"https:\/\/www.hashtag.al\/index.php\/wp-json\/wp\/v2\/posts"}],"about":[{"href":"https:\/\/www.hashtag.al\/index.php\/wp-json\/wp\/v2\/types\/post"}],"author":[{"embeddable":true,"href":"https:\/\/www.hashtag.al\/index.php\/wp-json\/wp\/v2\/users\/32"}],"replies":[{"embeddable":true,"href":"https:\/\/www.hashtag.al\/index.php\/wp-json\/wp\/v2\/comments?post=651375"}],"version-history":[{"count":0,"href":"https:\/\/www.hashtag.al\/index.php\/wp-json\/wp\/v2\/posts\/651375\/revisions"}],"wp:featuredmedia":[{"embeddable":true,"href":"https:\/\/www.hashtag.al\/index.php\/wp-json\/wp\/v2\/media\/651376"}],"wp:attachment":[{"href":"https:\/\/www.hashtag.al\/index.php\/wp-json\/wp\/v2\/media?parent=651375"}],"wp:term":[{"taxonomy":"category","embeddable":true,"href":"https:\/\/www.hashtag.al\/index.php\/wp-json\/wp\/v2\/categories?post=651375"},{"taxonomy":"post_tag","embeddable":true,"href":"https:\/\/www.hashtag.al\/index.php\/wp-json\/wp\/v2\/tags?post=651375"}],"curies":[{"name":"wp","href":"https:\/\/api.w.org\/{rel}","templated":true}]}}