{"id":651362,"date":"2024-02-03T12:22:00","date_gmt":"2024-02-03T11:22:00","guid":{"rendered":"https:\/\/www.hashtag.al\/?p=651362"},"modified":"2024-02-03T12:22:00","modified_gmt":"2024-02-03T11:22:00","slug":"balluku-dhe-kumbaro-inspektojne-punimet-ne-aksin-berat-ballaban-nxit-zhvillimin-e-bujqesise-dhe-turizmit","status":"publish","type":"post","link":"https:\/\/www.hashtag.al\/index.php\/2024\/02\/03\/balluku-dhe-kumbaro-inspektojne-punimet-ne-aksin-berat-ballaban-nxit-zhvillimin-e-bujqesise-dhe-turizmit\/","title":{"rendered":"Balluku dhe Kumbaro inspektojn\u00eb punimet n\u00eb aksin Berat-Ballaban: Nxit zhvillimin e bujq\u00ebsis\u00eb dhe turizmit","gt_translate_keys":[{"key":"rendered","format":"text"}]},"content":{"rendered":"<p style=\"text-align: left;\"><span style=\"color: #000000;\"><img loading=\"lazy\" decoding=\"async\" class=\"size-full wp-image-651363 aligncenter\" src=\"https:\/\/www.hashtag.al\/wp-content\/uploads\/2024\/02\/WhatsApp-Image-2024-02-03-at-12.17.51-PM-1-scaled.jpeg\" alt=\"\" width=\"2560\" height=\"1706\" srcset=\"https:\/\/www.hashtag.al\/wp-content\/uploads\/2024\/02\/WhatsApp-Image-2024-02-03-at-12.17.51-PM-1-scaled.jpeg 2560w, https:\/\/www.hashtag.al\/wp-content\/uploads\/2024\/02\/WhatsApp-Image-2024-02-03-at-12.17.51-PM-1-300x200.jpeg 300w, https:\/\/www.hashtag.al\/wp-content\/uploads\/2024\/02\/WhatsApp-Image-2024-02-03-at-12.17.51-PM-1-1024x683.jpeg 1024w, https:\/\/www.hashtag.al\/wp-content\/uploads\/2024\/02\/WhatsApp-Image-2024-02-03-at-12.17.51-PM-1-768x512.jpeg 768w, https:\/\/www.hashtag.al\/wp-content\/uploads\/2024\/02\/WhatsApp-Image-2024-02-03-at-12.17.51-PM-1-1536x1024.jpeg 1536w, https:\/\/www.hashtag.al\/wp-content\/uploads\/2024\/02\/WhatsApp-Image-2024-02-03-at-12.17.51-PM-1-2048x1365.jpeg 2048w\" sizes=\"auto, (max-width: 2560px) 100vw, 2560px\" \/><\/span><\/p>\n<p style=\"text-align: left;\"><span style=\"color: #000000;\">Punimet p\u00ebr nd\u00ebrtimin e aksit rrugor Ballaban-Berat po ecin me ritme t\u00eb shpejta. N\u00eb t\u00eb gjith\u00eb gjat\u00ebsin\u00eb e lotit num\u00ebr 3 \u00ebsht\u00eb hapur traseja dhe po vijon puna me nd\u00ebrtimin e veprave t\u00eb artit. Punohet gjithashtu edhe p\u00ebr mbrojtjen e skarpateve dhe mureve mbajt\u00ebse.<\/span><\/p>\n<p style=\"text-align: left;\"><span style=\"color: #000000;\">Aksi rrugor Berat-Ballaban, me nj\u00eb gjat\u00ebsi prej 58 kilometrash, lidh qarkun e Beratit me at\u00eb t\u00eb Gjirokastr\u00ebs. P\u00ebrgjat\u00eb tij shtrihet nj\u00eb num\u00ebr i madh fshatrash t\u00eb cilat me nd\u00ebrtimin e k\u00ebtij aksi do t\u00eb jen\u00eb m\u00eb leht\u00eb t\u00eb aksesuesh\u00ebm. Zona konsiderohet gjithashtu me potenciale t\u00eb m\u00ebdha p\u00ebr zhvillimin e turizmit.<\/span><\/p>\n<p style=\"text-align: left;\"><span style=\"color: #000000;\">Z\u00ebvend\u00ebskryeministrja, nj\u00ebher\u00ebsh Minist\u00ebr i Infrastruktur\u00ebs dhe Energjis\u00eb, Belinda Balluku, s\u00eb bashku me Ministren e Turizmit dhe Mjedisit, Mirela Kumbaro, drejtorin e ARRSH, Evis Berberi dhe kryetar\u00ebt e bashkive t\u00eb K\u00eblcyr\u00ebs, Memaliajt, P\u00ebrmetit dhe Tepelen\u00ebs q\u00eb preken nga ky projekt, ndoq\u00ebn nga af\u00ebr ecurin\u00eb e punimeve.<\/span><\/p>\n<p style=\"text-align: left;\"><span style=\"color: #000000;\"><em>\u201cKoha na ka favorizuar. Jemi duke punuar kryesisht me veprat e artit, t\u00eb cilat jan\u00eb t\u00eb shumta, duke qen\u00eb se 5 kilometrat e par\u00eb shtrihen n\u00eb nj\u00eb terren gjysm\u00eb fushor, gjysm\u00eb kodrinor, nd\u00ebrsa 10 kilometrat e tjer\u00eb shtrihen n\u00eb nj\u00eb terren malor. Po punojm\u00eb me mure mbajt\u00ebse, me kanalet kulluese dhe me skarpatet. \u00cbsht\u00eb hapur gati e gjith\u00eb traseja\u201d,<\/em> sqaroi Berberi.<\/span><\/p>\n<p style=\"text-align: left;\"><span style=\"color: #000000;\">Fillimi i punimeve p\u00ebr nd\u00ebrtimin e k\u00ebtij aksi rrugor ka nisur t\u00eb jap\u00eb edhe efektet e para. Banor\u00eb t\u00eb zon\u00ebs kan\u00eb nisur t\u00eb ngren\u00eb strukturat e para t\u00eb pritjes. Ministrja Kumbaro tha se modeli i agroturizmit \u00ebsht\u00eb nj\u00eb mund\u00ebsi reale p\u00ebr zon\u00ebn pasi ofron t\u00eb gjitha resurset e nevojshme.<\/span><\/p>\n<p style=\"text-align: left;\"><span style=\"color: #000000;\"><em>\u201cP\u00ebrve\u00e7 banor\u00ebve t\u00eb P\u00ebrmet, K\u00eblcyr\u00ebs, Memaliajt, Tepelen\u00ebs, t\u00eb cil\u00ebt jan\u00eb p\u00ebrdorues t\u00eb k\u00ebtij aksi, numri i turist\u00ebve gjithmon\u00eb e m\u00eb shum\u00eb po shtohet. Ajo q\u00eb \u00ebsht\u00eb m\u00eb e r\u00ebnd\u00ebsishme \u00ebsht\u00eb q\u00eb banor\u00ebt do t\u00eb vazhdojn\u00eb t\u00eb rrijn\u00eb sepse n\u00ebse ne ua \u00e7ojm\u00eb turist\u00ebt, konsumator\u00ebt. Fal\u00eb k\u00ebsaj infrastrukture do t\u00eb ket\u00eb nj\u00eb zhvillim ekonomik edhe ka mjaft banor\u00eb, djem t\u00eb rinj t\u00eb k\u00ebsaj zone, q\u00eb jetojn\u00eb n\u00eb Tiran\u00eb dhe n\u00eb frym\u00ebn e agroturizmit q\u00eb ne kemi nxitur, duan t\u00eb kthehen t\u00eb investojn\u00eb n\u00ebp\u00ebr fshatrat e tyre, n\u00eb sht\u00ebpit\u00eb e prind\u00ebrve\u201d,<\/em> u shpreh Kumbaro.<\/span><\/p>\n<p style=\"text-align: left;\"><span style=\"color: #000000;\">Z\u00ebvend\u00ebskryeministrja, Belinda Balluku tha se nd\u00ebrtimi i k\u00ebtij aksi, jo vet\u00ebm do t\u00eb leht\u00ebsoj\u00eb l\u00ebvizjen dhe aksesin n\u00eb t\u00eb gjith\u00eb zon\u00ebn p\u00ebrgjat\u00eb t\u00eb cilit ai shtrihet, por do t\u00eb ndikoj\u00eb edhe n\u00eb rritjen e ekonomis\u00eb lokale duke nxitur zhvillimin e bujq\u00ebsis\u00eb dhe turizmit, si dy sektor\u00eb t\u00eb r\u00ebnd\u00ebsish\u00ebm.<\/span><\/p>\n<p style=\"text-align: left;\"><span style=\"color: #000000;\"><em>\u201cKjo do jet\u00eb nj\u00eb rrug\u00eb shum\u00eb e r\u00ebnd\u00ebsishme p\u00ebr zhvillimin bujq\u00ebsor dhe at\u00eb turistik. \u00cbsht\u00eb nj\u00eb krahin\u00eb e jasht\u00ebzakonshme p\u00ebrsa i p\u00ebrket bukurive natyrore dhe duhet pasur parasysh q\u00eb rruga Berat-Ballaban kalon p\u00ebrmes Beratit, Skraparit, P\u00ebrmetit dhe Tepelen\u00ebs, k\u00ebshtu q\u00eb prekim dhe rajone t\u00eb r\u00ebnd\u00ebsishme si t\u00eb zhvillimit bujq\u00ebsor ashtu dhe t\u00eb zhvillimit turistik\u201d,<\/em> tha Balluku.<\/span><\/p>\n<p style=\"text-align: left;\"><span style=\"color: #000000;\">Investimet n\u00eb infrastruktur\u00eb dhe energji, theksoi Balluku, kan\u00eb nj\u00eb rol ky\u00e7 n\u00eb zhvillimin e t\u00eb gjith\u00eb sektor\u00ebve q\u00eb kontribuojn\u00eb n\u00eb rritjen ekonomike t\u00eb vendit, ndaj do t\u00eb vijoj\u00eb t\u00eb investohet n\u00eb zonat ku edhe potencialet jan\u00eb t\u00eb shumta.<\/span><\/p>\n<p style=\"text-align: left;\"><span style=\"color: #000000;\"><em>\u201cInfrastruktura dhe energjia jan\u00eb dy kolona mb\u00ebshtet\u00ebse, t\u00eb cil\u00ebt \u00e7ojn\u00eb ekonomin\u00eb p\u00ebrpara. Ekonomia \u00ebsht\u00eb dinamike, ndryshon, pra prioritetet ndryshojn\u00eb. Dikur ne kemi pasur prioritet bujq\u00ebsin\u00eb. Nuk e l\u00ebm\u00eb pas dore, vazhdojm\u00eb me paketat subvencionuese, vazhdojm\u00eb me politikat mb\u00ebshtet\u00ebse q\u00eb kemi p\u00ebr bujqit dhe blektor\u00ebt, por nga ana tjet\u00ebr turizmi vet\u00eb p\u00ebr shkak t\u00eb t\u00eb ardhurave q\u00eb ka krijuar gjat\u00eb vitit 2023 \u00ebsht\u00eb ai q\u00eb ka marr\u00eb fokusin kryesor. Detyr\u00eb e infrastruktur\u00ebs dhe energjis\u00eb \u00ebsht\u00eb q\u00eb t\u00eb krijoj\u00eb t\u00eb gjitha kushtet logjistike p\u00ebr zhvillimin e k\u00ebtyre sektor\u00ebve\u201d,<\/em> n\u00ebnvizoi Balluku.<\/span><\/p>\n<p style=\"text-align: left;\"><span style=\"color: #000000;\">Aksi i ri rrugor Berat- Ballaban \u00ebsht\u00eb i ndar\u00eb n\u00eb tre lote. Aktualisht po punohet n\u00eb lotin num\u00ebr 3, i cili ka nj\u00eb gjat\u00ebsi prej afro 16 kilometrash.<\/span><\/p>\n","protected":false,"gt_translate_keys":[{"key":"rendered","format":"html"}]},"excerpt":{"rendered":"<p>Punimet p\u00ebr nd\u00ebrtimin e aksit rrugor Ballaban-Berat po ecin me ritme t\u00eb shpejta. N\u00eb t\u00eb gjith\u00eb gjat\u00ebsin\u00eb e lotit num\u00ebr 3 \u00ebsht\u00eb hapur traseja dhe po vijon puna me nd\u00ebrtimin e veprave t\u00eb artit. Punohet gjithashtu edhe p\u00ebr mbrojtjen e skarpateve dhe mureve mbajt\u00ebse. Aksi rrugor Berat-Ballaban, me nj\u00eb gjat\u00ebsi prej 58 kilometrash, lidh qarkun [&hellip;]<\/p>\n","protected":false,"gt_translate_keys":[{"key":"rendered","format":"html"}]},"author":4,"featured_media":651363,"comment_status":"closed","ping_status":"open","sticky":false,"template":"","format":"standard","meta":{"footnotes":""},"categories":[65],"tags":[],"class_list":["post-651362","post","type-post","status-publish","format-standard","has-post-thumbnail","hentry","category-lajme"],"gt_translate_keys":[{"key":"link","format":"url"}],"_links":{"self":[{"href":"https:\/\/www.hashtag.al\/index.php\/wp-json\/wp\/v2\/posts\/651362","targetHints":{"allow":["GET"]}}],"collection":[{"href":"https:\/\/www.hashtag.al\/index.php\/wp-json\/wp\/v2\/posts"}],"about":[{"href":"https:\/\/www.hashtag.al\/index.php\/wp-json\/wp\/v2\/types\/post"}],"author":[{"embeddable":true,"href":"https:\/\/www.hashtag.al\/index.php\/wp-json\/wp\/v2\/users\/4"}],"replies":[{"embeddable":true,"href":"https:\/\/www.hashtag.al\/index.php\/wp-json\/wp\/v2\/comments?post=651362"}],"version-history":[{"count":0,"href":"https:\/\/www.hashtag.al\/index.php\/wp-json\/wp\/v2\/posts\/651362\/revisions"}],"wp:featuredmedia":[{"embeddable":true,"href":"https:\/\/www.hashtag.al\/index.php\/wp-json\/wp\/v2\/media\/651363"}],"wp:attachment":[{"href":"https:\/\/www.hashtag.al\/index.php\/wp-json\/wp\/v2\/media?parent=651362"}],"wp:term":[{"taxonomy":"category","embeddable":true,"href":"https:\/\/www.hashtag.al\/index.php\/wp-json\/wp\/v2\/categories?post=651362"},{"taxonomy":"post_tag","embeddable":true,"href":"https:\/\/www.hashtag.al\/index.php\/wp-json\/wp\/v2\/tags?post=651362"}],"curies":[{"name":"wp","href":"https:\/\/api.w.org\/{rel}","templated":true}]}}