{"id":650498,"date":"2024-01-30T21:40:02","date_gmt":"2024-01-30T20:40:02","guid":{"rendered":"https:\/\/www.hashtag.al\/?p=650498"},"modified":"2024-01-30T21:40:02","modified_gmt":"2024-01-30T20:40:02","slug":"sherr-me-thika-ne-kavaje-plagoset-28-vjecari","status":"publish","type":"post","link":"https:\/\/www.hashtag.al\/index.php\/2024\/01\/30\/sherr-me-thika-ne-kavaje-plagoset-28-vjecari\/","title":{"rendered":"Sherr me thika n\u00eb Kavaj\u00eb, plagoset 28-vje\u00e7ari","gt_translate_keys":[{"key":"rendered","format":"text"}]},"content":{"rendered":"<p><span style=\"color: #000000;\"><a style=\"color: #000000;\" href=\"https:\/\/www.hashtag.al\/wp-content\/uploads\/2022\/06\/Kavaje-policia-770x450-1.png\"><img loading=\"lazy\" decoding=\"async\" class=\"aligncenter size-full wp-image-528471\" src=\"https:\/\/www.hashtag.al\/wp-content\/uploads\/2022\/06\/Kavaje-policia-770x450-1.png\" alt=\"\" width=\"770\" height=\"450\" srcset=\"https:\/\/www.hashtag.al\/wp-content\/uploads\/2022\/06\/Kavaje-policia-770x450-1.png 770w, https:\/\/www.hashtag.al\/wp-content\/uploads\/2022\/06\/Kavaje-policia-770x450-1-300x175.png 300w, https:\/\/www.hashtag.al\/wp-content\/uploads\/2022\/06\/Kavaje-policia-770x450-1-768x449.png 768w, https:\/\/www.hashtag.al\/wp-content\/uploads\/2022\/06\/Kavaje-policia-770x450-1-250x145.png 250w\" sizes=\"auto, (max-width: 770px) 100vw, 770px\" \/><\/a><\/span><\/p>\n<p><span style=\"color: #000000;\">Nj\u00eb sherr me thika ka ndodhur n\u00eb Kavaj\u00eb.<\/span><\/p>\n<p><span style=\"color: #000000;\">Gjat\u00eb nj\u00eb konflikti p\u00ebr motive t\u00eb dob\u00ebta, shtetasi me iniciale J.K 34-vje\u00e7 ka goditur me mjet prer\u00ebs shtetasin L.Sh 28-vje\u00e7 i cili ndodhet n\u00ebn kujdesin e mjek\u00ebve.<\/span><\/p>\n<p><span style=\"color: #000000;\">\u201c<em>Rreth or\u00ebs 20:00, n\u00eb lagjen nr. 3 Kavaj\u00eb, dyshohet se gjat\u00eb nj\u00eb konflikti p\u00ebr motive t\u00eb dob\u00ebta, shtetasi J. K., 34 vje\u00e7, ka goditur me mjet prer\u00ebs shtetasin L. Sh., 28 vje\u00e7, i cili ndodhet n\u00eb spital n\u00ebn kujdesin e mjek\u00ebve<\/em>\u201d-njofton policia.<\/span><\/p>\n","protected":false,"gt_translate_keys":[{"key":"rendered","format":"html"}]},"excerpt":{"rendered":"<p>Nj\u00eb sherr me thika ka ndodhur n\u00eb Kavaj\u00eb. Gjat\u00eb nj\u00eb konflikti p\u00ebr motive t\u00eb dob\u00ebta, shtetasi me iniciale J.K 34-vje\u00e7 ka goditur me mjet prer\u00ebs shtetasin L.Sh 28-vje\u00e7 i cili ndodhet n\u00ebn kujdesin e mjek\u00ebve. \u201cRreth or\u00ebs 20:00, n\u00eb lagjen nr. 3 Kavaj\u00eb, dyshohet se gjat\u00eb nj\u00eb konflikti p\u00ebr motive t\u00eb dob\u00ebta, shtetasi J. K., [&hellip;]<\/p>\n","protected":false,"gt_translate_keys":[{"key":"rendered","format":"html"}]},"author":32,"featured_media":528471,"comment_status":"closed","ping_status":"open","sticky":false,"template":"","format":"standard","meta":{"footnotes":""},"categories":[65,13],"tags":[],"class_list":["post-650498","post","type-post","status-publish","format-standard","has-post-thumbnail","hentry","category-lajme","category-te-fundit"],"gt_translate_keys":[{"key":"link","format":"url"}],"_links":{"self":[{"href":"https:\/\/www.hashtag.al\/index.php\/wp-json\/wp\/v2\/posts\/650498","targetHints":{"allow":["GET"]}}],"collection":[{"href":"https:\/\/www.hashtag.al\/index.php\/wp-json\/wp\/v2\/posts"}],"about":[{"href":"https:\/\/www.hashtag.al\/index.php\/wp-json\/wp\/v2\/types\/post"}],"author":[{"embeddable":true,"href":"https:\/\/www.hashtag.al\/index.php\/wp-json\/wp\/v2\/users\/32"}],"replies":[{"embeddable":true,"href":"https:\/\/www.hashtag.al\/index.php\/wp-json\/wp\/v2\/comments?post=650498"}],"version-history":[{"count":0,"href":"https:\/\/www.hashtag.al\/index.php\/wp-json\/wp\/v2\/posts\/650498\/revisions"}],"wp:featuredmedia":[{"embeddable":true,"href":"https:\/\/www.hashtag.al\/index.php\/wp-json\/wp\/v2\/media\/528471"}],"wp:attachment":[{"href":"https:\/\/www.hashtag.al\/index.php\/wp-json\/wp\/v2\/media?parent=650498"}],"wp:term":[{"taxonomy":"category","embeddable":true,"href":"https:\/\/www.hashtag.al\/index.php\/wp-json\/wp\/v2\/categories?post=650498"},{"taxonomy":"post_tag","embeddable":true,"href":"https:\/\/www.hashtag.al\/index.php\/wp-json\/wp\/v2\/tags?post=650498"}],"curies":[{"name":"wp","href":"https:\/\/api.w.org\/{rel}","templated":true}]}}