{"id":650423,"date":"2024-01-30T16:54:27","date_gmt":"2024-01-30T15:54:27","guid":{"rendered":"https:\/\/www.hashtag.al\/?p=650423"},"modified":"2024-01-30T17:04:43","modified_gmt":"2024-01-30T16:04:43","slug":"ish-studenti-i-harvardit-dean-celaj-prezanton-mesuesen-virtuale-qe-do-u-vije-ne-ndihme-arsimtareve-shqiptare","status":"publish","type":"post","link":"https:\/\/www.hashtag.al\/index.php\/2024\/01\/30\/ish-studenti-i-harvardit-dean-celaj-prezanton-mesuesen-virtuale-qe-do-u-vije-ne-ndihme-arsimtareve-shqiptare\/","title":{"rendered":"Ish-studenti i Harvardit, Dean \u00c7elaj prezanton m\u00ebsuesen virtuale q\u00eb do u vij\u00eb n\u00eb ndihm\u00eb arsimtar\u00ebve shqiptar\u00eb &#8211; Video","gt_translate_keys":[{"key":"rendered","format":"text"}]},"content":{"rendered":"<p><span style=\"color: #000000;\"><a href=\"https:\/\/www.hashtag.al\/wp-content\/uploads\/2024\/01\/Screenshot-2024-01-30-165109.png\"><img loading=\"lazy\" decoding=\"async\" class=\"aligncenter size-full wp-image-650424\" src=\"https:\/\/www.hashtag.al\/wp-content\/uploads\/2024\/01\/Screenshot-2024-01-30-165109.png\" alt=\"\" width=\"966\" height=\"490\" srcset=\"https:\/\/www.hashtag.al\/wp-content\/uploads\/2024\/01\/Screenshot-2024-01-30-165109.png 966w, https:\/\/www.hashtag.al\/wp-content\/uploads\/2024\/01\/Screenshot-2024-01-30-165109-300x152.png 300w, https:\/\/www.hashtag.al\/wp-content\/uploads\/2024\/01\/Screenshot-2024-01-30-165109-768x390.png 768w\" sizes=\"auto, (max-width: 966px) 100vw, 966px\" \/><\/a><\/span><\/p>\n<p><span style=\"color: #000000;\">Sot n\u00eb Tiran\u00eb u prezantua fillimi i Programit Komb\u00ebtar t\u00eb Zhvillimit Profesional t\u00eb M\u00ebsuesve 2024-2025. T\u00eb pranish\u00ebm n\u00eb ceremonin\u00eb e zhvilluar me k\u00ebt\u00eb rast ishin Kryeministri Edi Rama, ministrja e Arsimit Ogerta Manastirliu dhe drejtues t\u00eb partner\u00ebve nd\u00ebrkomb\u00ebtar\u00eb n\u00eb fush\u00ebn e arsimit, m\u00ebsues dhe p\u00ebrfaq\u00ebsues t\u00eb institucioneve arsimore.<\/span><\/p>\n<p><span style=\"color: #000000;\">Moderuesi i k\u00ebtij aktiviteti t\u00eb r\u00ebnd\u00ebsish\u00ebm, ish-studenti i Harvardit, Dean \u00c7elaj, prezantoi platform\u00ebn moderne n\u00eb sh\u00ebrbim t\u00eb arsimtar\u00ebve, e cila \u00ebsht\u00eb e bazuar n\u00eb inteligjenc\u00ebn artificiale.<\/span><\/p>\n<p><span style=\"color: #000000;\">P\u00ebrgjat\u00eb k\u00ebtij prezantimi, \u00c7elaj me an\u00eb t\u00eb nj\u00eb videoje ka paraqitur nj\u00eb m\u00ebsuese virtuale (t\u00eb quajtur Aida) t\u00eb krijuar nga AI, ku i k\u00ebrkoi asaj t\u2019i formulonte nj\u00eb pyetje t\u00eb v\u00ebshtir\u00eb p\u00ebr t\u00eb testuar njohurit\u00eb e nx\u00ebn\u00ebsve n\u00eb \u2018tem\u00ebn e fotosintez\u00ebs n\u00eb Biologji\u2019. \u00c7elaj i k\u00ebrkoi gjithashtu asaj nj\u00ebkoh\u00ebsisht edhe zgjidhjen. \u00a0<\/span><\/p>\n<p><span style=\"color: #000000;\">M\u00ebsuesja virtuale brenda pak sekondash shihet tek formulon pyetjen e ushtrimit, por edhe duke i dh\u00ebn\u00eb zgjidhjen e sakt\u00eb.<\/span><\/p>\n<p><span style=\"color: #000000;\">\u00c7elaj tha se n\u00ebp\u00ebrmjet k\u00ebsaj platforme mund t\u00eb arrihet m\u00ebsimi i personalizuar sipas nevojave dhe k\u00ebrkesave t\u00eb \u00e7do nx\u00ebn\u00ebsi, gj\u00eb q\u00eb njihet si maja e arsimit. <\/span><\/p>\n<p><span style=\"color: #000000;\">Por \u00c7elaj u shpreh se: <em>&#8220;Teknologjia mund t\u00eb sh\u00ebrbej\u00eb se burim i r\u00ebnd\u00ebsish\u00ebm informacioni, por kurr\u00eb nuk mund t\u00eb z\u00ebvend\u00ebsoj\u00eb motivimin dhe pun\u00ebn e \u00e7do m\u00ebsuesi n\u00eb klas\u00eb.&#8221;<\/em><\/span><\/p>\n<p><span style=\"color: #000000;\">Ish studenti i Harvardit e quajti k\u00ebt\u00eb platform\u00eb si t\u00eb ardhmen e af\u00ebrt q\u00eb na pret.<\/span><\/p>\n<p><span style=\"color: #000000;\">Dean \u00c7elaj \u00ebsht\u00eb i riu shqiptar, i renditur n\u00eb list\u00ebn e 30 njer\u00ebzve m\u00eb t\u00eb suksessh\u00ebm nga revista prestigjioze \u201cForbes\u201d.<\/span><\/p>\n<p><span style=\"color: #000000;\">\u00c7elaj \u00ebsht\u00eb krijues i shum\u00eb projekteve teknologjike nd\u00ebrkomb\u00ebtare n\u00eb bashk\u00ebpunim me universitetin e Harvardit. Ai u b\u00eb i njohur gjat\u00eb pandemis\u00eb s\u00eb COVID-19, n\u00ebp\u00ebrmjet platform\u00ebs \u201cakademi.al\u201d, ku me krijimin e tij ndihmoi mbi 500,000 nx\u00ebn\u00ebs t\u00eb aksesonin m\u00ebsimin online falas.<\/span><\/p>\n<p>&nbsp;<\/p>\n<div style=\"width: 848px;\" class=\"wp-video\"><video class=\"wp-video-shortcode\" id=\"video-650423-1\" width=\"848\" height=\"496\" preload=\"metadata\" controls=\"controls\"><source type=\"video\/mp4\" src=\"https:\/\/www.hashtag.al\/wp-content\/uploads\/2024\/01\/WhatsApp-Video-2024-01-30-at-17.01.59_1ff80a59.mp4?_=1\" \/><a href=\"https:\/\/www.hashtag.al\/wp-content\/uploads\/2024\/01\/WhatsApp-Video-2024-01-30-at-17.01.59_1ff80a59.mp4\">https:\/\/www.hashtag.al\/wp-content\/uploads\/2024\/01\/WhatsApp-Video-2024-01-30-at-17.01.59_1ff80a59.mp4<\/a><\/video><\/div>\n","protected":false,"gt_translate_keys":[{"key":"rendered","format":"html"}]},"excerpt":{"rendered":"<p>Sot n\u00eb Tiran\u00eb u prezantua fillimi i Programit Komb\u00ebtar t\u00eb Zhvillimit Profesional t\u00eb M\u00ebsuesve 2024-2025. T\u00eb pranish\u00ebm n\u00eb ceremonin\u00eb e zhvilluar me k\u00ebt\u00eb rast ishin Kryeministri Edi Rama, ministrja e Arsimit Ogerta Manastirliu dhe drejtues t\u00eb partner\u00ebve nd\u00ebrkomb\u00ebtar\u00eb n\u00eb fush\u00ebn e arsimit, m\u00ebsues dhe p\u00ebrfaq\u00ebsues t\u00eb institucioneve arsimore. Moderuesi i k\u00ebtij aktiviteti t\u00eb r\u00ebnd\u00ebsish\u00ebm, ish-studenti [&hellip;]<\/p>\n","protected":false,"gt_translate_keys":[{"key":"rendered","format":"html"}]},"author":30,"featured_media":650424,"comment_status":"closed","ping_status":"open","sticky":false,"template":"","format":"standard","meta":{"footnotes":""},"categories":[65],"tags":[],"class_list":["post-650423","post","type-post","status-publish","format-standard","has-post-thumbnail","hentry","category-lajme"],"gt_translate_keys":[{"key":"link","format":"url"}],"_links":{"self":[{"href":"https:\/\/www.hashtag.al\/index.php\/wp-json\/wp\/v2\/posts\/650423","targetHints":{"allow":["GET"]}}],"collection":[{"href":"https:\/\/www.hashtag.al\/index.php\/wp-json\/wp\/v2\/posts"}],"about":[{"href":"https:\/\/www.hashtag.al\/index.php\/wp-json\/wp\/v2\/types\/post"}],"author":[{"embeddable":true,"href":"https:\/\/www.hashtag.al\/index.php\/wp-json\/wp\/v2\/users\/30"}],"replies":[{"embeddable":true,"href":"https:\/\/www.hashtag.al\/index.php\/wp-json\/wp\/v2\/comments?post=650423"}],"version-history":[{"count":0,"href":"https:\/\/www.hashtag.al\/index.php\/wp-json\/wp\/v2\/posts\/650423\/revisions"}],"wp:featuredmedia":[{"embeddable":true,"href":"https:\/\/www.hashtag.al\/index.php\/wp-json\/wp\/v2\/media\/650424"}],"wp:attachment":[{"href":"https:\/\/www.hashtag.al\/index.php\/wp-json\/wp\/v2\/media?parent=650423"}],"wp:term":[{"taxonomy":"category","embeddable":true,"href":"https:\/\/www.hashtag.al\/index.php\/wp-json\/wp\/v2\/categories?post=650423"},{"taxonomy":"post_tag","embeddable":true,"href":"https:\/\/www.hashtag.al\/index.php\/wp-json\/wp\/v2\/tags?post=650423"}],"curies":[{"name":"wp","href":"https:\/\/api.w.org\/{rel}","templated":true}]}}