{"id":650420,"date":"2024-01-30T16:25:42","date_gmt":"2024-01-30T15:25:42","guid":{"rendered":"https:\/\/www.hashtag.al\/?p=650420"},"modified":"2024-01-30T16:25:42","modified_gmt":"2024-01-30T15:25:42","slug":"mbledhja-e-kryesise-se-rithemelimit-noka-zbardh-diskutimet-dhe-rolet-e-koordinatoreve-te-zgjedhur","status":"publish","type":"post","link":"https:\/\/www.hashtag.al\/index.php\/2024\/01\/30\/mbledhja-e-kryesise-se-rithemelimit-noka-zbardh-diskutimet-dhe-rolet-e-koordinatoreve-te-zgjedhur\/","title":{"rendered":"Mbledhja e Kryesis\u00eb s\u00eb Rithemelimit, Noka zbardh diskutimet dhe rolet e koordinator\u00ebve t\u00eb zgjedhur","gt_translate_keys":[{"key":"rendered","format":"text"}]},"content":{"rendered":"<p><span style=\"color: #000000;\"><a href=\"https:\/\/www.hashtag.al\/wp-content\/uploads\/2024\/01\/noka434343.jpg\"><img loading=\"lazy\" decoding=\"async\" class=\"aligncenter size-full wp-image-650421\" src=\"https:\/\/www.hashtag.al\/wp-content\/uploads\/2024\/01\/noka434343.jpg\" alt=\"\" width=\"939\" height=\"481\" srcset=\"https:\/\/www.hashtag.al\/wp-content\/uploads\/2024\/01\/noka434343.jpg 939w, https:\/\/www.hashtag.al\/wp-content\/uploads\/2024\/01\/noka434343-300x154.jpg 300w, https:\/\/www.hashtag.al\/wp-content\/uploads\/2024\/01\/noka434343-768x393.jpg 768w, https:\/\/www.hashtag.al\/wp-content\/uploads\/2024\/01\/noka434343-568x290.jpg 568w\" sizes=\"auto, (max-width: 939px) 100vw, 939px\" \/><\/a><\/span><\/p>\n<p><span style=\"color: #000000;\">Sekretari i P\u00ebrgjithsh\u00ebm i PD-s\u00eb s\u00eb Rithemelimit, Flamur Noka, n\u00eb nj\u00eb deklarat\u00eb p\u00ebr media, ka zbardhur diskutimet n\u00eb mbledhjen e Kryesis\u00eb.<\/span><\/p>\n<p><span style=\"color: #000000;\">Ai tha se diksutuan t\u00eb gjitha format e diversifikimit dhe p\u00ebrshkall\u00ebzimit ku paralajm\u00ebroi protesta n\u00eb t\u00eb gjith\u00eb vendin.<\/span><\/p>\n<p>&nbsp;<\/p>\n<p><span style=\"color: #000000;\"><em>\u201cVendimet p\u00ebr t\u00eb p\u00ebrjashtuar dhe shpallur armiq deputet\u00ebt e opozit\u00ebs, t\u00eb cil\u00ebt n\u00eb seanc\u00ebn e fundit demonstruan krejt\u00ebsisht brenda rregullores, me pankarta, tregon se regjimi ka nj\u00eb vullnet p\u00ebr t\u00eb asgj\u00ebsuar \u00e7do gj\u00eb, forc\u00eb dhe kund\u00ebrshtar q\u00eb nuk mund t\u00eb hyj\u00eb n\u00eb kthetrat e tij. Rama po hedh hapat m\u00eb t\u00eb rreziksh\u00ebm t\u00eb instalimit t\u00eb nj\u00eb neodiktature.<\/em><\/span><\/p>\n<p><span style=\"color: #000000;\"><em>PD \u00ebsht\u00eb e vendosur t\u00eb q\u00ebndroj\u00eb p\u00ebrball\u00eb dhe diskutuam format e diversifikimit dhe p\u00ebrshkall\u00ebzimit duke e \u00e7uar me mosbindje civile.<\/em><\/span><\/p>\n<p><span style=\"color: #000000;\"><em>U diskutuan dhe format e p\u00ebrshkall\u00ebzimit q\u00eb do t\u00eb zbresim n\u00eb t\u00eb gjitha deg\u00ebt e Shqip\u00ebris\u00eb, do t\u00eb ket\u00eb protesta n\u00eb t\u00eb gjitha rrug\u00ebt\u201d, tha Noka.<\/em><\/span><\/p>\n<p><span style=\"color: #000000;\"><em>Nd\u00ebr t\u00eb tjera, deputeti demokrat foli dhe p\u00ebr 4 koordinator\u00ebt, p\u00ebr t\u00eb cil\u00ebt tha se do t\u00eb jen\u00eb ndihm\u00ebs n\u00eb \u00e7\u00ebshtjet e organizimit t\u00eb partis\u00eb, nd\u00ebrsa p\u00ebr Belind K\u00eblli\u00e7in tha se do t\u00eb jet\u00eb drejtues politik i Tiran\u00ebs.<\/em><\/span><\/p>\n<p><span style=\"color: #000000;\"><em>\u201cZyra e organizimit do t\u00eb forcohet me 4 koodrdinatore, K\u00ebll\u00eb\u00e7i do t\u00eb jet\u00eb drejtues politik i Tiran\u00ebs. Jan\u00eb ndihm\u00ebs n\u00eb \u00e7\u00ebshtjet e organizimit t\u00eb partis\u00eb. \u00c7\u00ebshtje dit\u00ebsh do t\u00eb merrni vesh p\u00ebr bashkimin e PD-s\u00eb\u201d,<\/em> tha Noka.<\/span><\/p>\n","protected":false,"gt_translate_keys":[{"key":"rendered","format":"html"}]},"excerpt":{"rendered":"<p>Sekretari i P\u00ebrgjithsh\u00ebm i PD-s\u00eb s\u00eb Rithemelimit, Flamur Noka, n\u00eb nj\u00eb deklarat\u00eb p\u00ebr media, ka zbardhur diskutimet n\u00eb mbledhjen e Kryesis\u00eb. Ai tha se diksutuan t\u00eb gjitha format e diversifikimit dhe p\u00ebrshkall\u00ebzimit ku paralajm\u00ebroi protesta n\u00eb t\u00eb gjith\u00eb vendin. &nbsp; \u201cVendimet p\u00ebr t\u00eb p\u00ebrjashtuar dhe shpallur armiq deputet\u00ebt e opozit\u00ebs, t\u00eb cil\u00ebt n\u00eb seanc\u00ebn e [&hellip;]<\/p>\n","protected":false,"gt_translate_keys":[{"key":"rendered","format":"html"}]},"author":30,"featured_media":650421,"comment_status":"closed","ping_status":"open","sticky":false,"template":"","format":"standard","meta":{"footnotes":""},"categories":[65],"tags":[],"class_list":["post-650420","post","type-post","status-publish","format-standard","has-post-thumbnail","hentry","category-lajme"],"gt_translate_keys":[{"key":"link","format":"url"}],"_links":{"self":[{"href":"https:\/\/www.hashtag.al\/index.php\/wp-json\/wp\/v2\/posts\/650420","targetHints":{"allow":["GET"]}}],"collection":[{"href":"https:\/\/www.hashtag.al\/index.php\/wp-json\/wp\/v2\/posts"}],"about":[{"href":"https:\/\/www.hashtag.al\/index.php\/wp-json\/wp\/v2\/types\/post"}],"author":[{"embeddable":true,"href":"https:\/\/www.hashtag.al\/index.php\/wp-json\/wp\/v2\/users\/30"}],"replies":[{"embeddable":true,"href":"https:\/\/www.hashtag.al\/index.php\/wp-json\/wp\/v2\/comments?post=650420"}],"version-history":[{"count":0,"href":"https:\/\/www.hashtag.al\/index.php\/wp-json\/wp\/v2\/posts\/650420\/revisions"}],"wp:featuredmedia":[{"embeddable":true,"href":"https:\/\/www.hashtag.al\/index.php\/wp-json\/wp\/v2\/media\/650421"}],"wp:attachment":[{"href":"https:\/\/www.hashtag.al\/index.php\/wp-json\/wp\/v2\/media?parent=650420"}],"wp:term":[{"taxonomy":"category","embeddable":true,"href":"https:\/\/www.hashtag.al\/index.php\/wp-json\/wp\/v2\/categories?post=650420"},{"taxonomy":"post_tag","embeddable":true,"href":"https:\/\/www.hashtag.al\/index.php\/wp-json\/wp\/v2\/tags?post=650420"}],"curies":[{"name":"wp","href":"https:\/\/api.w.org\/{rel}","templated":true}]}}