{"id":650417,"date":"2024-01-30T17:13:31","date_gmt":"2024-01-30T16:13:31","guid":{"rendered":"https:\/\/www.hashtag.al\/?p=650417"},"modified":"2024-01-30T17:13:31","modified_gmt":"2024-01-30T16:13:31","slug":"britania-e-madhe-po-shqyrton-njohjen-e-shtetit-palestinez","status":"publish","type":"post","link":"https:\/\/www.hashtag.al\/index.php\/2024\/01\/30\/britania-e-madhe-po-shqyrton-njohjen-e-shtetit-palestinez\/","title":{"rendered":"Britania e Madhe po shqyrton njohjen e shtetit palestinez","gt_translate_keys":[{"key":"rendered","format":"text"}]},"content":{"rendered":"<p><span style=\"color: #000000;\"><a href=\"https:\/\/www.hashtag.al\/wp-content\/uploads\/2024\/01\/1706625727_davidcameron.jpg\"><img loading=\"lazy\" decoding=\"async\" class=\"aligncenter size-full wp-image-650418\" src=\"https:\/\/www.hashtag.al\/wp-content\/uploads\/2024\/01\/1706625727_davidcameron.jpg\" alt=\"\" width=\"780\" height=\"440\" srcset=\"https:\/\/www.hashtag.al\/wp-content\/uploads\/2024\/01\/1706625727_davidcameron.jpg 780w, https:\/\/www.hashtag.al\/wp-content\/uploads\/2024\/01\/1706625727_davidcameron-300x169.jpg 300w, https:\/\/www.hashtag.al\/wp-content\/uploads\/2024\/01\/1706625727_davidcameron-768x433.jpg 768w\" sizes=\"auto, (max-width: 780px) 100vw, 780px\" \/><\/a><\/span><\/p>\n<p><span style=\"color: #000000;\">Britania e Madhe \u00ebsht\u00eb e gatshme p\u00ebr ta njohur formalisht nj\u00eb shtet palestinez, ka l\u00ebn\u00eb t\u00eb kuptohet t\u00eb mart\u00ebn sekretari i Jasht\u00ebm David Cameron.<\/span><\/p>\n<p><span style=\"color: #000000;\">Cameron theksoi se palestinez\u00ebve duhet t\u2019u jepet nj\u00eb horizont politik p\u00ebr ta nxitur arritjen e paqes n\u00eb Lindjen e Mesme.<\/span><\/p>\n<p><span style=\"color: #000000;\">Britania e Madhe e ka p\u00ebrgjegj\u00ebsi ta paraqes\u00eb se si do t\u00eb dukej nj\u00eb shtet palestinez, sipas tij. Popullit palestinez duhet t\u2019i shfaqet \u201cp\u00ebrparim i pakthyesh\u00ebm\u201d drejt nj\u00eb zgjidhje me dy shtete, shtoi ai.<\/span><\/p>\n<p><span style=\"color: #000000;\"><em>\u201cDerisa kjo ndodh, ne \u2013 bashk\u00eb me aleat\u00ebt \u2013 do ta konsiderojm\u00eb njohjen e nj\u00eb shteti palestinez, p\u00ebrfshir\u00eb edhe n\u00eb Kombet e Bashkuara<\/em>\u201d, tha ai i K\u00ebshillin Konservator p\u00ebr Lindjen e Mesme.<\/span><\/p>\n<p><span style=\"color: #000000;\">\u201cKjo mund t\u00eb jet\u00eb nj\u00ebra nga gj\u00ebrat q\u00eb ndihmojn\u00eb ta b\u00ebj\u00eb k\u00ebt\u00eb proces t\u00eb pakthyesh\u00ebm\u201d, tha i.<\/span><\/p>\n<p><span style=\"color: #000000;\">Ai i b\u00ebri thirrje Izraelit t\u00eb lejoj\u00eb m\u00eb shum\u00eb ndihma nd\u00ebrkomb\u00ebtare n\u00eb Rripin e Gaz\u00ebs dhe e cil\u00ebsoi \u201cqesharake\u201d kthimin mbrapsht t\u00eb ndihmave jetike britanike dhe ndihmave t\u00eb tjera n\u00eb kufi.<\/span><\/p>\n<p><span style=\"color: #000000;\">Cameron theksoi se 30 vjet\u00ebt e fundit kan\u00eb qen\u00eb histori d\u00ebshtimi p\u00ebr Izraelin p\u00ebr shkak se ka d\u00ebshtuar t\u00eb ofroj\u00eb siguri p\u00ebr qytetar\u00ebt e vet.<\/span><\/p>\n<p><span style=\"color: #000000;\">Vet\u00ebm duke e pranuar k\u00ebt\u00eb d\u00ebshtim, shtoi ai, do t\u00eb ket\u00eb paqe dhe p\u00ebrparim.<\/span><\/p>\n<p><span style=\"color: #000000;\">Britania ka koh\u00eb t\u00eb gjat\u00eb q\u00eb e mb\u00ebshtet nj\u00eb zgjidhje me dy shtete, ku izraelit\u00ebt dhe palestinez\u00ebt mund t\u00eb jetojn\u00eb krah p\u00ebr krah n\u00eb vende t\u00eb ndara.<\/span><\/p>\n<p><span style=\"color: #000000;\">Por, Cameron sugjeroi se Britania mund t\u2019i ofroj\u00eb njohje formale dhe diplomatike nj\u00eb shteti palestinez, jo si pjes\u00eb e nj\u00eb marr\u00ebveshjeje finale p\u00ebr paqe, por m\u00eb her\u00ebt, gjat\u00eb bisedimeve.<\/span><\/p>\n<p><span style=\"color: #000000;\">N\u00eb t\u00eb nj\u00ebjt\u00ebn koh\u00eb, duhet t\u00eb ket\u00eb edhe nj\u00eb autoritetet t\u00eb ri palestinez me \u201clider\u00eb t\u00eb mir\u00eb dhe teknokratik\u00eb\u201d q\u00eb jan\u00eb n\u00eb gjendje ta udh\u00ebheqin Gaz\u00ebn, n\u00ebnvizoi ai.<\/span><\/p>\n<p><span style=\"color: #000000;\">N\u00eb lidhje me p\u00ebrpjekjet p\u00ebr t\u2019i dh\u00ebn\u00eb fund luft\u00ebs s\u00eb Izraelit n\u00eb Gaz\u00eb, Cameron tha se nd\u00ebrprerja e luftimeve \u00ebsht\u00eb e nevojshme tani dhe se ka \u201cshenja shpres\u00ebdh\u00ebn\u00ebse\u201d p\u00ebr bisedimet q\u00eb po zhvillohen.<\/span><\/p>\n<p><span style=\"color: #000000;\"><em>\u201cTani po shohim hapjen e nj\u00eb rruge ku ne mund t\u00eb sh\u00ebnojm\u00eb p\u00ebrparim v\u00ebrtet, jo vet\u00ebm p\u00ebr t\u2019i dh\u00ebn\u00eb fund konfliktit, por p\u00ebrparim n\u00eb gjetjen e nj\u00eb zgjidhjeje politike, e cila mund t\u00eb n\u00ebnkuptoj\u00eb paqe p\u00ebr vite, e jo p\u00ebr muaj<\/em>\u201d, tha ai.<\/span><\/p>\n<p><span style=\"color: #000000;\">Lufta e Izraelit n\u00eb Rripin e Gaz\u00ebs e ka shkat\u00ebrruar shumic\u00ebn e territorit t\u00eb vog\u00ebl dhe i ka vrar\u00eb mbi 26.000 palestinez\u00eb, sipas Ministris\u00eb palestineze t\u00eb Sh\u00ebndet\u00ebsis\u00eb.<\/span><\/p>\n<p><span style=\"color: #000000;\">Kjo luft\u00eb u nxit nga nj\u00eb val\u00eb sulmesh t\u00eb luft\u00ebtar\u00ebve t\u00eb Hamasit n\u00eb Izrael m\u00eb 7 tetor, ku u vran\u00eb rreth 1.300 njer\u00ebz dhe u rr\u00ebmbyen mbi 250 t\u00eb tjer\u00eb, sipas autoriteteve izraelite.\/<span style=\"color: #0000ff;\"><a style=\"color: #0000ff;\" href=\"https:\/\/www.evropaelire.org\/a\/britania-madhe-konsideron-njohjen-palestines\/32798200.html\">REL<\/a><\/span><\/span><\/p>\n","protected":false,"gt_translate_keys":[{"key":"rendered","format":"html"}]},"excerpt":{"rendered":"<p>Britania e Madhe \u00ebsht\u00eb e gatshme p\u00ebr ta njohur formalisht nj\u00eb shtet palestinez, ka l\u00ebn\u00eb t\u00eb kuptohet t\u00eb mart\u00ebn sekretari i Jasht\u00ebm David Cameron. Cameron theksoi se palestinez\u00ebve duhet t\u2019u jepet nj\u00eb horizont politik p\u00ebr ta nxitur arritjen e paqes n\u00eb Lindjen e Mesme. Britania e Madhe e ka p\u00ebrgjegj\u00ebsi ta paraqes\u00eb se si do [&hellip;]<\/p>\n","protected":false,"gt_translate_keys":[{"key":"rendered","format":"html"}]},"author":30,"featured_media":650418,"comment_status":"closed","ping_status":"open","sticky":false,"template":"","format":"standard","meta":{"footnotes":""},"categories":[6],"tags":[],"class_list":["post-650417","post","type-post","status-publish","format-standard","has-post-thumbnail","hentry","category-nderkombetare"],"gt_translate_keys":[{"key":"link","format":"url"}],"_links":{"self":[{"href":"https:\/\/www.hashtag.al\/index.php\/wp-json\/wp\/v2\/posts\/650417","targetHints":{"allow":["GET"]}}],"collection":[{"href":"https:\/\/www.hashtag.al\/index.php\/wp-json\/wp\/v2\/posts"}],"about":[{"href":"https:\/\/www.hashtag.al\/index.php\/wp-json\/wp\/v2\/types\/post"}],"author":[{"embeddable":true,"href":"https:\/\/www.hashtag.al\/index.php\/wp-json\/wp\/v2\/users\/30"}],"replies":[{"embeddable":true,"href":"https:\/\/www.hashtag.al\/index.php\/wp-json\/wp\/v2\/comments?post=650417"}],"version-history":[{"count":0,"href":"https:\/\/www.hashtag.al\/index.php\/wp-json\/wp\/v2\/posts\/650417\/revisions"}],"wp:featuredmedia":[{"embeddable":true,"href":"https:\/\/www.hashtag.al\/index.php\/wp-json\/wp\/v2\/media\/650418"}],"wp:attachment":[{"href":"https:\/\/www.hashtag.al\/index.php\/wp-json\/wp\/v2\/media?parent=650417"}],"wp:term":[{"taxonomy":"category","embeddable":true,"href":"https:\/\/www.hashtag.al\/index.php\/wp-json\/wp\/v2\/categories?post=650417"},{"taxonomy":"post_tag","embeddable":true,"href":"https:\/\/www.hashtag.al\/index.php\/wp-json\/wp\/v2\/tags?post=650417"}],"curies":[{"name":"wp","href":"https:\/\/api.w.org\/{rel}","templated":true}]}}