{"id":650403,"date":"2024-01-30T15:10:05","date_gmt":"2024-01-30T14:10:05","guid":{"rendered":"https:\/\/www.hashtag.al\/?p=650403"},"modified":"2024-01-30T15:10:05","modified_gmt":"2024-01-30T14:10:05","slug":"vrasja-e-pjerin-xhuvanit-gjykata-e-apelit-shtyn-gjyqin-ndaj-arber-paplekajt-shkak-avokatja-e-familjareve-te-viktimes","status":"publish","type":"post","link":"https:\/\/www.hashtag.al\/index.php\/2024\/01\/30\/vrasja-e-pjerin-xhuvanit-gjykata-e-apelit-shtyn-gjyqin-ndaj-arber-paplekajt-shkak-avokatja-e-familjareve-te-viktimes\/","title":{"rendered":"Vrasja e Pjerin Xhuvanit\/ Gjykata e Apelit shtyn gjyqin ndaj Arb\u00ebr Paplekajt, shkak avokatja e familjar\u00ebve t\u00eb viktim\u00ebs","gt_translate_keys":[{"key":"rendered","format":"text"}]},"content":{"rendered":"<p><a href=\"https:\/\/www.hashtag.al\/wp-content\/uploads\/2024\/01\/Screenshot-2024-01-30-150814.png\"><img loading=\"lazy\" decoding=\"async\" class=\"aligncenter size-full wp-image-650406\" src=\"https:\/\/www.hashtag.al\/wp-content\/uploads\/2024\/01\/Screenshot-2024-01-30-150814.png\" alt=\"\" width=\"1005\" height=\"560\" srcset=\"https:\/\/www.hashtag.al\/wp-content\/uploads\/2024\/01\/Screenshot-2024-01-30-150814.png 1005w, https:\/\/www.hashtag.al\/wp-content\/uploads\/2024\/01\/Screenshot-2024-01-30-150814-300x167.png 300w, https:\/\/www.hashtag.al\/wp-content\/uploads\/2024\/01\/Screenshot-2024-01-30-150814-768x428.png 768w\" sizes=\"auto, (max-width: 1005px) 100vw, 1005px\" \/><\/a><\/p>\n<p><span style=\"color: #000000;\">Gjykata e Apelit t\u00eb Tiran\u00ebs vendosi t\u00eb shtyj\u00eb shqyrtimin gjyq\u00ebsor pasi vendosi t\u00eb njoftoj\u00eb avokaten e familjar\u00ebve t\u00eb\u00a0 Pjerin Xhuvanit p\u00ebrmes oficer\u00ebve t\u00eb policis\u00eb gjyq\u00ebsore.<\/span><\/p>\n<p><span style=\"color: #000000;\">\u201c<em>K\u00ebrkojm\u00eb informacione mbi zhvillimin e aktivitetit t\u00eb zyr\u00ebs avokatore t\u00eb Rezarta Tahiraj ( av r trash\u00ebgimtar\u00ebve t\u00eb Pjerin Xhuvanit), mbasi rezulton me status t\u00eb pezulluar\u201d,<\/em> tha gjykata e Apelit.<\/span><\/p>\n<p><span style=\"color: #000000;\">Procesi gjyq\u00ebsor ndaj Arb\u00ebr Paplekajt akuzuar vrasje n\u00eb rrethana cil\u00ebsuese, gjasht\u00eb oficer\u00eb policie t\u00eb repartit shqiponja n\u00ebn akuz\u00eb p\u00ebr shp\u00ebrdorim detyre, dhe dy ish n\u00ebn drejtor\u00eb policie Albert Nushi dhe Nikollaq Palla u mbajt n\u00eb Gjykat\u00ebn e Apelit n\u00eb Tiran\u00eb.<\/span><\/p>\n<p><span style=\"color: #000000;\">Paplekaj nuk \u00ebsht\u00eb paraqitur, por ka p\u00ebrcjell\u00eb nj\u00eb deklarat\u00eb ku thot\u00eb nuk d\u00ebshiron t\u00eb marr\u00eb pjes\u00eb.<\/span><\/p>\n<p><span style=\"color: #000000;\"><em>\u201cD\u00ebshiroj t\u00eb p\u00ebrfaq\u00ebsohem nga av.Mirash Martini<\/em>\u201d, shkruan Papleka i d\u00ebnuar nga gjykata e Elbasanit me 22 vjet burgim.<\/span><\/p>\n<p><span style=\"color: #000000;\">Gjykata e Apelit konstatoi se t\u00eb akuzuarit e tjer\u00eb p\u00ebrfaq\u00ebsohen nga avokat\u00ebt e caktuar prej tyre. Gjykata theksoi se jan\u00eb njoftuar edhe trash\u00ebgimtar\u00ebt e viktim\u00ebs Pjerin Xhuvani si dhe avokatja e tyre, kjo e fundit ka k\u00ebrkuar t\u00eb njoftohet n\u00eb adres\u00eb dhe jo me telefon.<\/span><\/p>\n<p><span style=\"color: #000000;\">Edhe policja e plagosur n\u00eb at\u00eb koh\u00eb Xhensila Sota ( n\u00eb cil\u00ebsin\u00eb e viktim\u00ebs n\u00eb ngjarje) si dhe Emiliano Prenga, Eltjon Bodinaku dhe Pavllo Vuksani nuk jan\u00eb paraqitur.<\/span><\/p>\n<p><span style=\"color: #000000;\">Pas njoftimit me telefon nga gjykata, t\u00eb avokates s\u00eb familjar\u00ebve t\u00eb viktim\u00ebs Pjerin Xhuvani, prokurori Gent Xholi tha: <em>Meq\u00eb jan\u00eb shteruar rrug\u00ebt m\u00eb t\u00eb shpejta, ajo me telefon dhe meq\u00eb avokatja k\u00ebrkon njoftim n\u00eb rrug\u00eb zyrtare t\u00eb shterohet rruga zyrtare n\u00eb adres\u00ebn e avokates.<\/em><\/span><\/p>\n<p><span style=\"color: #000000;\">Avokatja e familjar\u00ebve t\u00eb Pjerin Xhuvanit i ka k\u00ebrkuar prokuroris\u00eb mos ta njoftonte me telefon, por n\u00eb rrug\u00eb zyrtare p\u00ebr nisjen e procesit.<\/span><\/p>\n","protected":false,"gt_translate_keys":[{"key":"rendered","format":"html"}]},"excerpt":{"rendered":"<p>Gjykata e Apelit t\u00eb Tiran\u00ebs vendosi t\u00eb shtyj\u00eb shqyrtimin gjyq\u00ebsor pasi vendosi t\u00eb njoftoj\u00eb avokaten e familjar\u00ebve t\u00eb\u00a0 Pjerin Xhuvanit p\u00ebrmes oficer\u00ebve t\u00eb policis\u00eb gjyq\u00ebsore. \u201cK\u00ebrkojm\u00eb informacione mbi zhvillimin e aktivitetit t\u00eb zyr\u00ebs avokatore t\u00eb Rezarta Tahiraj ( av r trash\u00ebgimtar\u00ebve t\u00eb Pjerin Xhuvanit), mbasi rezulton me status t\u00eb pezulluar\u201d, tha gjykata e Apelit. Procesi [&hellip;]<\/p>\n","protected":false,"gt_translate_keys":[{"key":"rendered","format":"html"}]},"author":30,"featured_media":650406,"comment_status":"closed","ping_status":"open","sticky":false,"template":"","format":"standard","meta":{"footnotes":""},"categories":[65],"tags":[],"class_list":["post-650403","post","type-post","status-publish","format-standard","has-post-thumbnail","hentry","category-lajme"],"gt_translate_keys":[{"key":"link","format":"url"}],"_links":{"self":[{"href":"https:\/\/www.hashtag.al\/index.php\/wp-json\/wp\/v2\/posts\/650403","targetHints":{"allow":["GET"]}}],"collection":[{"href":"https:\/\/www.hashtag.al\/index.php\/wp-json\/wp\/v2\/posts"}],"about":[{"href":"https:\/\/www.hashtag.al\/index.php\/wp-json\/wp\/v2\/types\/post"}],"author":[{"embeddable":true,"href":"https:\/\/www.hashtag.al\/index.php\/wp-json\/wp\/v2\/users\/30"}],"replies":[{"embeddable":true,"href":"https:\/\/www.hashtag.al\/index.php\/wp-json\/wp\/v2\/comments?post=650403"}],"version-history":[{"count":0,"href":"https:\/\/www.hashtag.al\/index.php\/wp-json\/wp\/v2\/posts\/650403\/revisions"}],"wp:featuredmedia":[{"embeddable":true,"href":"https:\/\/www.hashtag.al\/index.php\/wp-json\/wp\/v2\/media\/650406"}],"wp:attachment":[{"href":"https:\/\/www.hashtag.al\/index.php\/wp-json\/wp\/v2\/media?parent=650403"}],"wp:term":[{"taxonomy":"category","embeddable":true,"href":"https:\/\/www.hashtag.al\/index.php\/wp-json\/wp\/v2\/categories?post=650403"},{"taxonomy":"post_tag","embeddable":true,"href":"https:\/\/www.hashtag.al\/index.php\/wp-json\/wp\/v2\/tags?post=650403"}],"curies":[{"name":"wp","href":"https:\/\/api.w.org\/{rel}","templated":true}]}}