{"id":650233,"date":"2024-01-29T23:52:19","date_gmt":"2024-01-29T22:52:19","guid":{"rendered":"https:\/\/www.hashtag.al\/?p=650233"},"modified":"2024-01-29T23:52:19","modified_gmt":"2024-01-29T22:52:19","slug":"mbape-drejt-madridit-psg-ja-ben-gati-175-milione-euro-per-leaon","status":"publish","type":"post","link":"https:\/\/www.hashtag.al\/index.php\/2024\/01\/29\/mbape-drejt-madridit-psg-ja-ben-gati-175-milione-euro-per-leaon\/","title":{"rendered":"Mbape drejt Madridit, PSG-ja b\u00ebn gati 175 milion\u00eb euro p\u00ebr Leaon","gt_translate_keys":[{"key":"rendered","format":"text"}]},"content":{"rendered":"<p style=\"text-align: left;\"><span style=\"color: #000000;\"><img loading=\"lazy\" decoding=\"async\" class=\"size-full wp-image-650235 aligncenter\" src=\"https:\/\/www.hashtag.al\/wp-content\/uploads\/2024\/01\/leao.jpeg\" alt=\"\" width=\"570\" height=\"320\" srcset=\"https:\/\/www.hashtag.al\/wp-content\/uploads\/2024\/01\/leao.jpeg 570w, https:\/\/www.hashtag.al\/wp-content\/uploads\/2024\/01\/leao-300x168.jpeg 300w, https:\/\/www.hashtag.al\/wp-content\/uploads\/2024\/01\/leao-568x320.jpeg 568w\" sizes=\"auto, (max-width: 570px) 100vw, 570px\" \/><\/span><\/p>\n<p style=\"text-align: left;\"><span style=\"color: #000000;\">Merkato e Milanit n\u00eb k\u00ebt\u00eb janar mund t\u00eb p\u00ebrfundoj\u00eb me nj\u00eb goditje n\u00eb mbrojtje, por gjithashtu t\u2019i kushtoj\u00eb v\u00ebmendje t\u00eb ardhmes, ve\u00e7an\u00ebrisht n\u00eb lidhje me largimet.<\/span><\/p>\n<p style=\"text-align: left;\"><span style=\"color: #000000;\">N\u00eb fakt, sipas asaj q\u00eb raportojn\u00eb francez\u00ebt e \u201cTelefoot\u201d, Rafa Leao do t\u00eb ishte emri n\u00eb krye t\u00eb list\u00ebs s\u00eb d\u00ebshirave t\u00eb drejtuesve t\u00eb PSG-s\u00eb p\u00ebr ver\u00ebn e ardhshme, kur klubi kampion francez me shum\u00eb gjasa do t\u00eb duhet t\u00eb merret me lamtumir\u00ebn e Kilian, i cili\u00a0duket i premtuar te Reali i Madridit.<\/span><\/p>\n<p style=\"text-align: left;\"><span style=\"color: #000000;\">Sulmuesi portugez do t\u00eb ishte informuar p\u00ebr interesin e parisien\u00ebve dhe gjithashtu do t\u00eb ishte i hapur ndaj ides\u00eb p\u00ebr t\u00eb d\u00ebgjuar propozimin e tyre, ve\u00e7an\u00ebrisht pasi personi q\u00eb do t\u00eb kryente operacionin do t\u00eb ishte Luis Kampos, drejtor sportiv i klubit parisien q\u00eb e solli\u00a0te Lila n\u00eb vitin 2018.<\/span><\/p>\n<p style=\"text-align: left;\"><span style=\"color: #000000;\">I forcuar nga nj\u00eb rinovim kontrate deri n\u00eb vitin 2028 e n\u00ebnshkruar vet\u00ebm ver\u00ebn e kaluar n\u00eb t\u00eb cil\u00ebn \u00ebsht\u00eb futur nj\u00eb klauzol\u00eb lirimi prej 175 milion\u00eb eurosh, \u201cdjalli\u201d pret l\u00ebvizjet e para nga francez\u00ebt.<\/span><\/p>\n","protected":false,"gt_translate_keys":[{"key":"rendered","format":"html"}]},"excerpt":{"rendered":"<p>Merkato e Milanit n\u00eb k\u00ebt\u00eb janar mund t\u00eb p\u00ebrfundoj\u00eb me nj\u00eb goditje n\u00eb mbrojtje, por gjithashtu t\u2019i kushtoj\u00eb v\u00ebmendje t\u00eb ardhmes, ve\u00e7an\u00ebrisht n\u00eb lidhje me largimet. N\u00eb fakt, sipas asaj q\u00eb raportojn\u00eb francez\u00ebt e \u201cTelefoot\u201d, Rafa Leao do t\u00eb ishte emri n\u00eb krye t\u00eb list\u00ebs s\u00eb d\u00ebshirave t\u00eb drejtuesve t\u00eb PSG-s\u00eb p\u00ebr ver\u00ebn e ardhshme, [&hellip;]<\/p>\n","protected":false,"gt_translate_keys":[{"key":"rendered","format":"html"}]},"author":4,"featured_media":650235,"comment_status":"closed","ping_status":"open","sticky":false,"template":"","format":"standard","meta":{"footnotes":""},"categories":[134],"tags":[],"class_list":["post-650233","post","type-post","status-publish","format-standard","has-post-thumbnail","hentry","category-sport"],"gt_translate_keys":[{"key":"link","format":"url"}],"_links":{"self":[{"href":"https:\/\/www.hashtag.al\/index.php\/wp-json\/wp\/v2\/posts\/650233","targetHints":{"allow":["GET"]}}],"collection":[{"href":"https:\/\/www.hashtag.al\/index.php\/wp-json\/wp\/v2\/posts"}],"about":[{"href":"https:\/\/www.hashtag.al\/index.php\/wp-json\/wp\/v2\/types\/post"}],"author":[{"embeddable":true,"href":"https:\/\/www.hashtag.al\/index.php\/wp-json\/wp\/v2\/users\/4"}],"replies":[{"embeddable":true,"href":"https:\/\/www.hashtag.al\/index.php\/wp-json\/wp\/v2\/comments?post=650233"}],"version-history":[{"count":0,"href":"https:\/\/www.hashtag.al\/index.php\/wp-json\/wp\/v2\/posts\/650233\/revisions"}],"wp:featuredmedia":[{"embeddable":true,"href":"https:\/\/www.hashtag.al\/index.php\/wp-json\/wp\/v2\/media\/650235"}],"wp:attachment":[{"href":"https:\/\/www.hashtag.al\/index.php\/wp-json\/wp\/v2\/media?parent=650233"}],"wp:term":[{"taxonomy":"category","embeddable":true,"href":"https:\/\/www.hashtag.al\/index.php\/wp-json\/wp\/v2\/categories?post=650233"},{"taxonomy":"post_tag","embeddable":true,"href":"https:\/\/www.hashtag.al\/index.php\/wp-json\/wp\/v2\/tags?post=650233"}],"curies":[{"name":"wp","href":"https:\/\/api.w.org\/{rel}","templated":true}]}}