{"id":650200,"date":"2024-01-29T22:16:11","date_gmt":"2024-01-29T21:16:11","guid":{"rendered":"https:\/\/www.hashtag.al\/?p=650200"},"modified":"2024-01-29T22:16:11","modified_gmt":"2024-01-29T21:16:11","slug":"irani-ekzekuton-kater-persona-te-denuar-per-spiunazh-per-mossad-in","status":"publish","type":"post","link":"https:\/\/www.hashtag.al\/index.php\/2024\/01\/29\/irani-ekzekuton-kater-persona-te-denuar-per-spiunazh-per-mossad-in\/","title":{"rendered":"Irani ekzekuton kat\u00ebr persona t\u00eb d\u00ebnuar p\u00ebr spiunazh p\u00ebr Mossad-in","gt_translate_keys":[{"key":"rendered","format":"text"}]},"content":{"rendered":"<p><a href=\"https:\/\/www.hashtag.al\/wp-content\/uploads\/2024\/01\/4201986-1160261943.jpg\"><img loading=\"lazy\" decoding=\"async\" class=\"size-full wp-image-650201\" src=\"https:\/\/www.hashtag.al\/wp-content\/uploads\/2024\/01\/4201986-1160261943.jpg\" alt=\"\" width=\"670\" height=\"447\" srcset=\"https:\/\/www.hashtag.al\/wp-content\/uploads\/2024\/01\/4201986-1160261943.jpg 670w, https:\/\/www.hashtag.al\/wp-content\/uploads\/2024\/01\/4201986-1160261943-300x200.jpg 300w\" sizes=\"auto, (max-width: 670px) 100vw, 670px\" \/><\/a><\/p>\n<p><span style=\"color: #000000;\">Irani ekzekutoi t\u00eb h\u00ebn\u00ebn kat\u00ebr burra t\u00eb akuzuar p\u00ebr spiunazh p\u00ebr sh\u00ebrbimin e inteligjenc\u00ebs izraelite Mossad.<\/span><\/p>\n<p><span style=\"color: #000000;\">D\u00ebnimet me vdekje u kryen t\u00eb h\u00ebn\u00ebn n\u00eb m\u00ebngjes pasi Gjykata e Lart\u00eb e Iranit hodhi posht\u00eb ankesat e tyre kund\u00ebr d\u00ebnimit, njoftoi agjencia e lajmeve Mizan, e lidhur me gjyq\u00ebsorin, sipas <span style=\"color: #0000ff;\"><a style=\"color: #0000ff;\" href=\"https:\/\/www.aa.com.tr\/en\/middle-east\/iran-executes-four-men-convicted-of-spying-for-israel-s-mossad\/3122085\">AA.<\/a><\/span><\/span><\/p>\n<p><span style=\"color: #000000;\">Kat\u00ebr burrat u arrestuan pasi hyn\u00eb ilegalisht n\u00eb Iran nga rajoni kurd i Irakut verior n\u00eb korrik 2022. Ata u akuzuan p\u00ebr komplot p\u00ebr t\u00eb kryer nj\u00eb sulm me bomb\u00eb n\u00eb nj\u00eb fabrik\u00eb t\u00eb Ministris\u00eb s\u00eb Mbrojtjes n\u00eb qytetin qendror t\u00eb Isfahanit.<\/span><\/p>\n<p><span style=\"color: #000000;\">Fabrika, e cila dyshohet se ishte objektivi i komplotit t\u00eb bombardimeve, prodhon pajisje ushtarake dhe komponent\u00eb raketash p\u00ebr ministrin\u00eb e mbrojtjes t\u00eb Iranit.<\/span><\/p>\n<p><span style=\"color: #000000;\">N\u00eb shtator 2023, nj\u00eb gjykat\u00eb i d\u00ebnoi ata me vdekje p\u00ebr &#8220;bashk\u00ebpunim inteligjent&#8221; me Mossad, pas s\u00eb cil\u00ebs ata apeluan kund\u00ebr d\u00ebnimeve n\u00eb Gjykat\u00ebn e Lart\u00eb, e cila i hodhi posht\u00eb k\u00ebrkesat e tyre.<\/span><\/p>\n<p><span style=\"color: #000000;\">Media shtet\u00ebrore e Iranit, duke cituar zyrtar\u00eb t\u00eb inteligjenc\u00ebs, tha se kat\u00ebr burrat kishin kaluar trajnime n\u00eb baza ushtarake n\u00eb disa vende afrikane dhe kishin mbajtur takime me zyrtar\u00eb t\u00eb lart\u00eb t\u00eb Mossad.<\/span><\/p>\n<p><span style=\"color: #000000;\">N\u00eb janar t\u00eb vitit t\u00eb kaluar, Ministria iraniane e Mbrojtjes tha se u pengua nj\u00eb sulm me dron n\u00eb nj\u00eb kompleks ushtarak n\u00eb Isfahan, i cili kishte n\u00eb sh\u00ebnjest\u00ebr nj\u00eb nga komplekset e tij t\u00eb pun\u00ebtoris\u00eb.<\/span><\/p>\n<p><span style=\"color: #000000;\">Jav\u00eb m\u00eb von\u00eb, nj\u00eb agjenci lajmesh e lidhur me organin m\u00eb t\u00eb lart\u00eb t\u00eb siguris\u00eb s\u00eb Iranit tha se grupet militante me baz\u00eb n\u00eb rajonin verior kurd t\u00eb Irakut dyshohet se ishin prapa sulmit, duke cituar burime.<\/span><\/p>\n<p><span style=\"color: #000000;\">Ai u pasua nga nj\u00eb tjet\u00ebr komplot i supozuar p\u00ebr sulm n\u00eb t\u00eb nj\u00ebjtin objekt n\u00eb Isfahan dy muaj m\u00eb von\u00eb, i cili autoritetet iraniane than\u00eb se u pengua.<\/span><\/p>\n<p><span style=\"color: #000000;\">N\u00eb at\u00eb koh\u00eb, media shtet\u00ebrore raportoi se mikro mjetet ajrore (MAV) ishin p\u00ebrpjekur t&#8217;i afroheshin kompleksit n\u00eb Isfahan, por u q\u00eblluan nga sistemet e mbrojtjes ajrore.<\/span><\/p>\n<p><span style=\"color: #000000;\">Ekzekutimet e s\u00eb h\u00ebn\u00ebs erdh\u00ebn n\u00eb mes t\u00eb tensioneve t\u00eb rritura midis armiqve kryesor\u00eb, Iranit dhe Izraelit, lidhur me luft\u00ebn e Gaz\u00ebs dhe zhvillimet e lidhura me t\u00eb n\u00eb rajon, ve\u00e7an\u00ebrisht sulmet e Houthi-ve ndaj anijeve t\u00eb drejtuara nga Izraeli n\u00eb Detin e Kuq.<\/span><\/p>\n<p><span style=\"color: #000000;\">N\u00eb fund t\u00eb muajit t\u00eb kaluar, Irani ekzekutoi kat\u00ebr burra p\u00ebr lidhje t\u00eb dyshuara me Mossad-in e Izraelit.<\/span><\/p>\n<p><span style=\"color: #000000;\">T\u00eb kat\u00ebr burrat, sipas agjencis\u00eb s\u00eb lajmeve Mizan, kryen &#8220;aksione t\u00eb gjera&#8221; kund\u00ebr siguris\u00eb s\u00eb vendit <em>&#8220;n\u00ebn drejtimin e drejtp\u00ebrdrejt\u00eb t\u00eb oficer\u00ebve t\u00eb Mossad&#8221;.<\/em><\/span><\/p>\n<p><span style=\"color: #000000;\">Muajin e kaluar, nj\u00eb person i d\u00ebnuar p\u00ebr spiunazh p\u00ebr agjencin\u00eb e inteligjenc\u00ebs izraelite u ekzekutua n\u00eb provinc\u00ebn juglindore Sistan dhe Baluchistan t\u00eb Iranit.<\/span><\/p>\n","protected":false,"gt_translate_keys":[{"key":"rendered","format":"html"}]},"excerpt":{"rendered":"<p>Irani ekzekutoi t\u00eb h\u00ebn\u00ebn kat\u00ebr burra t\u00eb akuzuar p\u00ebr spiunazh p\u00ebr sh\u00ebrbimin e inteligjenc\u00ebs izraelite Mossad. D\u00ebnimet me vdekje u kryen t\u00eb h\u00ebn\u00ebn n\u00eb m\u00ebngjes pasi Gjykata e Lart\u00eb e Iranit hodhi posht\u00eb ankesat e tyre kund\u00ebr d\u00ebnimit, njoftoi agjencia e lajmeve Mizan, e lidhur me gjyq\u00ebsorin, sipas AA. Kat\u00ebr burrat u arrestuan pasi hyn\u00eb [&hellip;]<\/p>\n","protected":false,"gt_translate_keys":[{"key":"rendered","format":"html"}]},"author":30,"featured_media":650201,"comment_status":"closed","ping_status":"open","sticky":false,"template":"","format":"standard","meta":{"footnotes":""},"categories":[6],"tags":[],"class_list":["post-650200","post","type-post","status-publish","format-standard","has-post-thumbnail","hentry","category-nderkombetare"],"gt_translate_keys":[{"key":"link","format":"url"}],"_links":{"self":[{"href":"https:\/\/www.hashtag.al\/index.php\/wp-json\/wp\/v2\/posts\/650200","targetHints":{"allow":["GET"]}}],"collection":[{"href":"https:\/\/www.hashtag.al\/index.php\/wp-json\/wp\/v2\/posts"}],"about":[{"href":"https:\/\/www.hashtag.al\/index.php\/wp-json\/wp\/v2\/types\/post"}],"author":[{"embeddable":true,"href":"https:\/\/www.hashtag.al\/index.php\/wp-json\/wp\/v2\/users\/30"}],"replies":[{"embeddable":true,"href":"https:\/\/www.hashtag.al\/index.php\/wp-json\/wp\/v2\/comments?post=650200"}],"version-history":[{"count":0,"href":"https:\/\/www.hashtag.al\/index.php\/wp-json\/wp\/v2\/posts\/650200\/revisions"}],"wp:featuredmedia":[{"embeddable":true,"href":"https:\/\/www.hashtag.al\/index.php\/wp-json\/wp\/v2\/media\/650201"}],"wp:attachment":[{"href":"https:\/\/www.hashtag.al\/index.php\/wp-json\/wp\/v2\/media?parent=650200"}],"wp:term":[{"taxonomy":"category","embeddable":true,"href":"https:\/\/www.hashtag.al\/index.php\/wp-json\/wp\/v2\/categories?post=650200"},{"taxonomy":"post_tag","embeddable":true,"href":"https:\/\/www.hashtag.al\/index.php\/wp-json\/wp\/v2\/tags?post=650200"}],"curies":[{"name":"wp","href":"https:\/\/api.w.org\/{rel}","templated":true}]}}