{"id":650038,"date":"2024-01-29T10:55:54","date_gmt":"2024-01-29T09:55:54","guid":{"rendered":"https:\/\/www.hashtag.al\/?p=650038"},"modified":"2024-01-29T10:55:54","modified_gmt":"2024-01-29T09:55:54","slug":"gjykata-rrezon-kerkesen-e-fredi-belerit-per-tu-betuar-si-kryebashkiak-i-himares","status":"publish","type":"post","link":"https:\/\/www.hashtag.al\/index.php\/2024\/01\/29\/gjykata-rrezon-kerkesen-e-fredi-belerit-per-tu-betuar-si-kryebashkiak-i-himares\/","title":{"rendered":"Gjykata rr\u00ebzon k\u00ebrkes\u00ebn e Fredi Belerit p\u00ebr t\u2019u betuar si kryebashkiak i Himar\u00ebs","gt_translate_keys":[{"key":"rendered","format":"text"}]},"content":{"rendered":"<p><img loading=\"lazy\" decoding=\"async\" class=\"size-full wp-image-650039 aligncenter\" src=\"https:\/\/www.hashtag.al\/wp-content\/uploads\/2024\/01\/1706100999_1700241663beleri.jpg\" alt=\"\" width=\"780\" height=\"440\" srcset=\"https:\/\/www.hashtag.al\/wp-content\/uploads\/2024\/01\/1706100999_1700241663beleri.jpg 780w, https:\/\/www.hashtag.al\/wp-content\/uploads\/2024\/01\/1706100999_1700241663beleri-300x169.jpg 300w, https:\/\/www.hashtag.al\/wp-content\/uploads\/2024\/01\/1706100999_1700241663beleri-768x433.jpg 768w\" sizes=\"auto, (max-width: 780px) 100vw, 780px\" \/><\/p>\n<p><span style=\"font-weight: 400; color: #000000;\">Apeli i GJKKO-s\u00eb nuk i jep leje Fredi Belerit p\u00ebr t\u2019u betuar si kryebashkiak i Himar\u00ebs. N\u00eb seanc\u00ebn e sotme, Apeli i Posa\u00e7\u00ebm vendosi rr\u00ebzimin e k\u00ebrkes\u00ebs s\u00eb Belerit, i cili k\u00ebrkonte lejen p\u00ebr t\u2019u betuar.<\/span><\/p>\n<p><span style=\"font-weight: 400; color: #000000;\">Avokati tha se do b\u00ebjn\u00eb rekurs n\u00eb Gjykat\u00ebn e Lart\u00eb.<\/span><\/p>\n<p><span style=\"color: #000000;\"><i><span style=\"font-weight: 400;\">&#8220;Duhej b\u00ebr\u00eb betimi, nuk e l\u00ebn\u00eb t\u00eb b\u00ebj\u00eb betimin. Ne do ankohemi n\u00eb Gjykat\u00ebn e Lart\u00eb. \u00cbsht\u00eb vendim me element\u00eb t\u00eb frym\u00ebs fashiste. Vendimi i shkall\u00ebs s\u00eb par\u00eb stimulon veprimet e qeveris\u00eb p\u00ebr shpalljen gjendjes s\u00eb jasht\u00ebzakonshme n\u00eb Himar\u00eb. Nuk \u00ebsht\u00eb e v\u00ebrtet\u00eb. Gjykata e la n\u00eb fuqi pa ndryshuar asnj\u00eb pjes\u00eb t\u00eb asaj vendimi.\u00a0<\/span><\/i><\/span><\/p>\n<p><span style=\"color: #000000;\"><i><span style=\"font-weight: 400;\">Nuk na u dha arsyetimi, do ta marr tani. Jemi n\u00eb fund t\u00eb procesit, e nj\u00ebjta treshe e kan\u00eb marr\u00eb rrug\u00eb p\u00ebr ta d\u00ebnuar dhe marrjen e lejes s\u00eb posa\u00e7me. N\u00eb kund\u00ebrshtim edhe me raste t\u00eb tjera. E duan me \u00e7do kusht bashkin\u00eb e Himar\u00ebs&#8221;<\/span><\/i><span style=\"font-weight: 400;\">, tha avokati.<\/span><\/span><\/p>\n","protected":false,"gt_translate_keys":[{"key":"rendered","format":"html"}]},"excerpt":{"rendered":"<p>Apeli i GJKKO-s\u00eb nuk i jep leje Fredi Belerit p\u00ebr t\u2019u betuar si kryebashkiak i Himar\u00ebs. N\u00eb seanc\u00ebn e sotme, Apeli i Posa\u00e7\u00ebm vendosi rr\u00ebzimin e k\u00ebrkes\u00ebs s\u00eb Belerit, i cili k\u00ebrkonte lejen p\u00ebr t\u2019u betuar. Avokati tha se do b\u00ebjn\u00eb rekurs n\u00eb Gjykat\u00ebn e Lart\u00eb. &#8220;Duhej b\u00ebr\u00eb betimi, nuk e l\u00ebn\u00eb t\u00eb b\u00ebj\u00eb betimin. [&hellip;]<\/p>\n","protected":false,"gt_translate_keys":[{"key":"rendered","format":"html"}]},"author":4,"featured_media":650039,"comment_status":"closed","ping_status":"open","sticky":false,"template":"","format":"standard","meta":{"footnotes":""},"categories":[65],"tags":[],"class_list":["post-650038","post","type-post","status-publish","format-standard","has-post-thumbnail","hentry","category-lajme"],"gt_translate_keys":[{"key":"link","format":"url"}],"_links":{"self":[{"href":"https:\/\/www.hashtag.al\/index.php\/wp-json\/wp\/v2\/posts\/650038","targetHints":{"allow":["GET"]}}],"collection":[{"href":"https:\/\/www.hashtag.al\/index.php\/wp-json\/wp\/v2\/posts"}],"about":[{"href":"https:\/\/www.hashtag.al\/index.php\/wp-json\/wp\/v2\/types\/post"}],"author":[{"embeddable":true,"href":"https:\/\/www.hashtag.al\/index.php\/wp-json\/wp\/v2\/users\/4"}],"replies":[{"embeddable":true,"href":"https:\/\/www.hashtag.al\/index.php\/wp-json\/wp\/v2\/comments?post=650038"}],"version-history":[{"count":0,"href":"https:\/\/www.hashtag.al\/index.php\/wp-json\/wp\/v2\/posts\/650038\/revisions"}],"wp:featuredmedia":[{"embeddable":true,"href":"https:\/\/www.hashtag.al\/index.php\/wp-json\/wp\/v2\/media\/650039"}],"wp:attachment":[{"href":"https:\/\/www.hashtag.al\/index.php\/wp-json\/wp\/v2\/media?parent=650038"}],"wp:term":[{"taxonomy":"category","embeddable":true,"href":"https:\/\/www.hashtag.al\/index.php\/wp-json\/wp\/v2\/categories?post=650038"},{"taxonomy":"post_tag","embeddable":true,"href":"https:\/\/www.hashtag.al\/index.php\/wp-json\/wp\/v2\/tags?post=650038"}],"curies":[{"name":"wp","href":"https:\/\/api.w.org\/{rel}","templated":true}]}}