{"id":649962,"date":"2024-01-28T21:51:14","date_gmt":"2024-01-28T20:51:14","guid":{"rendered":"https:\/\/www.hashtag.al\/?p=649962"},"modified":"2024-01-28T21:55:38","modified_gmt":"2024-01-28T20:55:38","slug":"649962","status":"publish","type":"post","link":"https:\/\/www.hashtag.al\/index.php\/2024\/01\/28\/649962\/","title":{"rendered":"\u201cNeo-nazizmi n\u00eb rritje n\u00eb Gjermani\u201d &#8211; Scholz i shqet\u00ebsuar","gt_translate_keys":[{"key":"rendered","format":"text"}]},"content":{"rendered":"<p><span style=\"color: #000000;\"><img loading=\"lazy\" decoding=\"async\" class=\"aligncenter size-full wp-image-566461\" src=\"https:\/\/www.hashtag.al\/wp-content\/uploads\/2022\/12\/scholz-1.jpg\" alt=\"\" width=\"786\" height=\"426\" srcset=\"https:\/\/www.hashtag.al\/wp-content\/uploads\/2022\/12\/scholz-1.jpg 786w, https:\/\/www.hashtag.al\/wp-content\/uploads\/2022\/12\/scholz-1-300x163.jpg 300w, https:\/\/www.hashtag.al\/wp-content\/uploads\/2022\/12\/scholz-1-768x416.jpg 768w\" sizes=\"auto, (max-width: 786px) 100vw, 786px\" \/><\/span><\/p>\n<p><span style=\"color: #000000;\">Kancelari gjerman Olaf Scholz paralajm\u00ebroi t\u00eb shtun\u00ebn p\u00ebr nj\u00eb rritje t\u00eb ndjenj\u00ebs s\u00eb ekstremit t\u00eb djatht\u00eb n\u00eb vendin e tij, rreth 79 vjet pas \u00e7lirimit t\u00eb kampit t\u00eb shfarosjes s\u00eb Aushvicit nga forcat sovjetike m\u00eb 27 janar 1945.<\/span><\/p>\n<p><span style=\"color: #000000;\">N\u00eb nj\u00eb mesazh t\u00eb regjistruar t\u00eb d\u00ebrguar nd\u00ebrsa Gjermania sh\u00ebnonte Dit\u00ebn e P\u00ebrkujtimit t\u00eb Holokaustit, Scholz paralajm\u00ebroi se &#8220;raporte t\u00eb reja&#8221; po shfaqen shpesh p\u00ebr at\u00eb q\u00eb ai i p\u00ebrshkroi si &#8220;neo-nazist\u00ebt dhe rrjetet e tyre t\u00eb err\u00ebta&#8221;.<\/span><\/p>\n<p><span style=\"color: #000000;\">N\u00eb fjalimin e tij, Scholz, drejtuesi i Gjermanis\u00eb q\u00eb nga dhjetori 2021, paralajm\u00ebroi gjithashtu p\u00ebr nj\u00eb ndikim t\u00eb fort\u00eb t\u00eb krahut t\u00eb djatht\u00eb q\u00eb po fiton terren n\u00eb vend, i cili mbetet i lidhur vazhdimisht me historin\u00eb e tij t\u00eb err\u00ebt t\u00eb nazizmit.<\/span><\/p>\n<p><span style=\"color: #000000;\"><em>&#8220;N\u00eb t\u00eb nj\u00ebjt\u00ebn koh\u00eb, populist\u00ebt e krahut t\u00eb djatht\u00eb po fitojn\u00eb terren,&#8221;<\/em> tha Scholz, <em>&#8220;duke nxitur frik\u00ebn dhe mbjell\u00eb urrejtje&#8221;<\/em>, p\u00ebrpara se t\u00eb shtonte se &#8220;ky zhvillim nuk \u00ebsht\u00eb di\u00e7ka q\u00eb thjesht duhet ta pranojm\u00eb&#8221;.<\/span><\/p>\n<p><span style=\"color: #000000;\">Komentet e Scholz vijn\u00eb n\u00eb mes t\u00eb nj\u00eb vale protestash publike n\u00eb Gjermani kund\u00ebr partive politike t\u00eb ekstremit t\u00eb djatht\u00eb. <\/span><\/p>\n<p><span style=\"color: #000000;\">Mij\u00ebra dol\u00ebn n\u00eb rrug\u00ebt e qytetit per\u00ebndimor t\u00eb Dusseldorfit t\u00eb shtun\u00ebn, demonstrata e fundit masive e nxitur nga raportet se figura t\u00eb larta nga partia e krahut t\u00eb djatht\u00eb Alternative fur Deutschland (AfD) kishin marr\u00eb pjes\u00eb n\u00eb diskutimet p\u00ebr t\u00eb propozuar d\u00ebbimet masive t\u00eb emigrant\u00ebve.<\/span><\/p>\n<p><span style=\"color: #000000;\"><em>\u201cMiliona qytetar\u00eb po dalin n\u00eb rrug\u00eb n\u00eb favor t\u00eb demokracis\u00eb, respektit dhe humanizmit p\u00ebr nj\u00ebri-tjetrin\u201d<\/em>, tha Scholz, duke iu drejtuar trazirave.<\/span><\/p>\n","protected":false,"gt_translate_keys":[{"key":"rendered","format":"html"}]},"excerpt":{"rendered":"<p>Kancelari gjerman Olaf Scholz paralajm\u00ebroi t\u00eb shtun\u00ebn p\u00ebr nj\u00eb rritje t\u00eb ndjenj\u00ebs s\u00eb ekstremit t\u00eb djatht\u00eb n\u00eb vendin e tij, rreth 79 vjet pas \u00e7lirimit t\u00eb kampit t\u00eb shfarosjes s\u00eb Aushvicit nga forcat sovjetike m\u00eb 27 janar 1945. N\u00eb nj\u00eb mesazh t\u00eb regjistruar t\u00eb d\u00ebrguar nd\u00ebrsa Gjermania sh\u00ebnonte Dit\u00ebn e P\u00ebrkujtimit t\u00eb Holokaustit, Scholz paralajm\u00ebroi [&hellip;]<\/p>\n","protected":false,"gt_translate_keys":[{"key":"rendered","format":"html"}]},"author":51,"featured_media":566461,"comment_status":"closed","ping_status":"open","sticky":false,"template":"","format":"standard","meta":{"footnotes":""},"categories":[53],"tags":[],"class_list":["post-649962","post","type-post","status-publish","format-standard","has-post-thumbnail","hentry","category-fast-foodi"],"gt_translate_keys":[{"key":"link","format":"url"}],"_links":{"self":[{"href":"https:\/\/www.hashtag.al\/index.php\/wp-json\/wp\/v2\/posts\/649962","targetHints":{"allow":["GET"]}}],"collection":[{"href":"https:\/\/www.hashtag.al\/index.php\/wp-json\/wp\/v2\/posts"}],"about":[{"href":"https:\/\/www.hashtag.al\/index.php\/wp-json\/wp\/v2\/types\/post"}],"author":[{"embeddable":true,"href":"https:\/\/www.hashtag.al\/index.php\/wp-json\/wp\/v2\/users\/51"}],"replies":[{"embeddable":true,"href":"https:\/\/www.hashtag.al\/index.php\/wp-json\/wp\/v2\/comments?post=649962"}],"version-history":[{"count":0,"href":"https:\/\/www.hashtag.al\/index.php\/wp-json\/wp\/v2\/posts\/649962\/revisions"}],"wp:featuredmedia":[{"embeddable":true,"href":"https:\/\/www.hashtag.al\/index.php\/wp-json\/wp\/v2\/media\/566461"}],"wp:attachment":[{"href":"https:\/\/www.hashtag.al\/index.php\/wp-json\/wp\/v2\/media?parent=649962"}],"wp:term":[{"taxonomy":"category","embeddable":true,"href":"https:\/\/www.hashtag.al\/index.php\/wp-json\/wp\/v2\/categories?post=649962"},{"taxonomy":"post_tag","embeddable":true,"href":"https:\/\/www.hashtag.al\/index.php\/wp-json\/wp\/v2\/tags?post=649962"}],"curies":[{"name":"wp","href":"https:\/\/api.w.org\/{rel}","templated":true}]}}